{"id":22231,"date":"2025-04-13T13:08:08","date_gmt":"2025-04-13T13:08:08","guid":{"rendered":"https:\/\/www.europesays.com\/fr\/22231\/"},"modified":"2025-04-13T13:08:08","modified_gmt":"2025-04-13T13:08:08","slug":"de-nouvelles-fonctionnalites-vont-transformer-nos-conversations-et-appels","status":"publish","type":"post","link":"https:\/\/www.europesays.com\/fr\/22231\/","title":{"rendered":"de nouvelles fonctionnalit\u00e9s vont transformer nos conversations et appels"},"content":{"rendered":"<p><strong>WhatsApp renforce davantage sa domination et am\u00e9liore ses offres avec de nouvelles fonctionnalit\u00e9s. On fait le point sur ces derni\u00e8res.<\/strong><\/p>\n<p><img fetchpriority=\"high\" decoding=\"async\" width=\"1024\" height=\"576\" src=\"https:\/\/www.europesays.com\/fr\/wp-content\/uploads\/2025\/04\/Les-nouvelles-fonctionnalites-de-WhatsApp-1024x576.jpg\" alt=\"Les nouvelles fonctionnalit\u00e9s de WhatsApp\" class=\"wp-image-150007\"  \/><\/p>\n<p>Il est coutume de recevoir une invitation \u00e0 noter la qualit\u00e9 du service apr\u00e8s chaque appel WhatsApp. L\u2019\u00e9quipe de d\u00e9veloppement de la messagerie instantan\u00e9e \u00e0 tenir compte de tout cela pour am\u00e9liorer les appels. Ces fonctionnalit\u00e9s devraient offrir plus de facilit\u00e9 et d\u2019options dans les jours \u00e0 venir. Il en est de m\u00eame des conversations de groupe et des chaines.<\/p>\n<p>Qui est en ligne\u00a0?<\/p>\n<p>Les discussions de groupe sur WhatsApp ne sont pas vraiment les m\u00eames et il arrive que l\u2019on choisisse de ne pas participer. En famille, entre coll\u00e8gues ou amis, WhatsApp vous offre dor\u00e9navant une raison d\u2019\u00eatre de la partie lors de <a href=\"https:\/\/www.buzzwebzine.fr\/whatsapp-sauvegarde-restauration-discussions\/\" rel=\"nofollow noopener\" target=\"_blank\">vos discussions<\/a> de groupe\u00a0: nous pourrons bient\u00f4t <strong>voir le nombre de personnes actuellement connect\u00e9es<\/strong>.<\/p>\n<p>La cr\u00e9ation des \u00e9v\u00e8nements \u00e9largie<\/p>\n<p>Jusque-l\u00e0, il n\u2019\u00e9tait possible de cr\u00e9er un \u00e9v\u00e8nement que dans les groupes de discussion. L\u2019option est d\u00e9sormais <strong>disponible pour les conversations individuelles<\/strong>. Vous pourrez d\u00e9sormais non seulement les cr\u00e9er, mais aussi les \u00e9pingler en haut des \u00e9changes. WhatsApp offre m\u00eame la possibilit\u00e9 d\u2019<strong>inviter des personnes<\/strong>. Il l\u2019am\u00e9liore encore en y ajoutant une possibilit\u00e9 d\u2019heure de d\u00e9but et de fin. On peut dire que l\u2019application \u00e9volue bien dans son objectif de devenir un tout-en-un.<\/p>\n<p>Mieux contr\u00f4ler les notifications<\/p>\n<p>La nouvelle version de WhatsApp \u00e0 venir va permettre de mieux contr\u00f4ler les notifications de groupes et des chaines de discussions. S\u2019il n\u2019\u00e9tait possible que de faire des r\u00e9glages g\u00e9n\u00e9raux, l\u2019application permet dor\u00e9navant de personnaliser les notifications pour <strong>les restreindre aux @mentions ou \u00e0 des personnes dans votre r\u00e9pertoire<\/strong>. Concr\u00e8tement, vous ne recevrez une notification que lorsque vous serez mentionn\u00e9 ou qu\u2019un contact de votre r\u00e9pertoire aurait envoy\u00e9 un message.<\/p>\n<p>Les appels vid\u00e9o font peau neuve<\/p>\n<p>WhatsApp se concentre actuellement sur <a href=\"https:\/\/www.buzzwebzine.fr\/nouvelles-fonctionnalites-appels-whatsapp\/\" rel=\"nofollow noopener\" target=\"_blank\">l\u2019am\u00e9lioration des qualit\u00e9s des appels vid\u00e9o<\/a>. Il y a notamment ajout\u00e9 <strong>une fonction Zoom<\/strong> qui permet d\u2019\u00e9largir le flux vid\u00e9o de soi-m\u00eame ou de celui d\u2019un participant de l\u2019appel. L\u2019on a aussi la possibilit\u00e9 d\u2019ajouter une nouvelle personne \u00e0 l\u2019appel depuis la conversation.<\/p>\n<p>Les prochains appels devraient offrir une certaine stabilit\u00e9 avec<strong> l\u2019analyse en temps r\u00e9el de la bande passante<\/strong>. C\u2019est la promesse faite par l\u2019\u00e9quipe de d\u00e9veloppement, en se basant sur les \u00e9valuations apr\u00e8s les diff\u00e9rents appels.<\/p>\n<p>Enfin, l\u2019autre fonctionnalit\u00e9 concerne les chaines de discussions. Les administrateurs peuvent d\u00e9sormais <strong>envoyer des vid\u00e9os courtes de 60 secondes<\/strong> environ. Aussi, la messagerie offre la possibilit\u00e9 de transcrire les messages vocaux qui y sont publi\u00e9s.<\/p>\n<p class=\"has-text-align-center\" style=\"font-size:20px\"><strong>BuzzWebzine est un m\u00e9dia ind\u00e9pendant. Soutiens-nous en nous ajoutant \u00e0 tes favoris sur Google Actualit\u00e9s <\/p>\n<p>   :<\/strong><\/p>\n","protected":false},"excerpt":{"rendered":"WhatsApp renforce davantage sa domination et am\u00e9liore ses offres avec de nouvelles fonctionnalit\u00e9s. On fait le point sur&hellip;\n","protected":false},"author":2,"featured_media":22232,"comment_status":"","ping_status":"","sticky":false,"template":"","format":"standard","meta":{"footnotes":""},"categories":[7],"tags":[1011,27,43,40,41,39,42,44,250],"class_list":{"0":"post-22231","1":"post","2":"type-post","3":"status-publish","4":"format-standard","5":"has-post-thumbnail","7":"category-sciences-et-technologies","8":"tag-fr","9":"tag-france","10":"tag-science","11":"tag-science-and-technology","12":"tag-sciences","13":"tag-sciences-et-technologies","14":"tag-technologies","15":"tag-technology","16":"tag-whatsapp"},"share_on_mastodon":{"url":"https:\/\/pubeurope.com\/@fr\/114330815912838278","error":""},"_links":{"self":[{"href":"https:\/\/www.europesays.com\/fr\/wp-json\/wp\/v2\/posts\/22231","targetHints":{"allow":["GET"]}}],"collection":[{"href":"https:\/\/www.europesays.com\/fr\/wp-json\/wp\/v2\/posts"}],"about":[{"href":"https:\/\/www.europesays.com\/fr\/wp-json\/wp\/v2\/types\/post"}],"author":[{"embeddable":true,"href":"https:\/\/www.europesays.com\/fr\/wp-json\/wp\/v2\/users\/2"}],"replies":[{"embeddable":true,"href":"https:\/\/www.europesays.com\/fr\/wp-json\/wp\/v2\/comments?post=22231"}],"version-history":[{"count":0,"href":"https:\/\/www.europesays.com\/fr\/wp-json\/wp\/v2\/posts\/22231\/revisions"}],"wp:featuredmedia":[{"embeddable":true,"href":"https:\/\/www.europesays.com\/fr\/wp-json\/wp\/v2\/media\/22232"}],"wp:attachment":[{"href":"https:\/\/www.europesays.com\/fr\/wp-json\/wp\/v2\/media?parent=22231"}],"wp:term":[{"taxonomy":"category","embeddable":true,"href":"https:\/\/www.europesays.com\/fr\/wp-json\/wp\/v2\/categories?post=22231"},{"taxonomy":"post_tag","embeddable":true,"href":"https:\/\/www.europesays.com\/fr\/wp-json\/wp\/v2\/tags?post=22231"}],"curies":[{"name":"wp","href":"https:\/\/api.w.org\/{rel}","templated":true}]}}