{"id":222321,"date":"2025-07-03T04:43:12","date_gmt":"2025-07-03T04:43:12","guid":{"rendered":"https:\/\/www.europesays.com\/fr\/222321\/"},"modified":"2025-07-03T04:43:12","modified_gmt":"2025-07-03T04:43:12","slug":"de-tavernost-sexprime-sur-la-creation-dune-chaine-ligue-1","status":"publish","type":"post","link":"https:\/\/www.europesays.com\/fr\/222321\/","title":{"rendered":"De Tavernost s&rsquo;exprime sur la cr\u00e9ation d&rsquo;une cha\u00eene Ligue 1"},"content":{"rendered":"<p>Pour la saison prochaine, la Ligue 1 a d\u00e9cid\u00e9 de cr\u00e9er sa<br \/>\npropre cha\u00eene pour la diffusion de huit des neuf matches en direct.<br \/>\nLe directeur g\u00e9n\u00e9ral de LFP Media, Nicolas de Tavernost, croit en<br \/>\nla r\u00e9ussite de ce projet.<\/p>\n<p>Apr\u00e8s l\u2019\u00e9chec de <strong>DAZN<\/strong>, la Ligue de<br \/>\nfootball professionnel a fait le choix de cr\u00e9er sa propre cha\u00eene<br \/>\npour diffuser huit des neuf matches en direct pour la saison<br \/>\n2025-2026 (beIN SPORTS garde son match du samedi \u00e0 17h).<br \/>\nUne annonce officialis\u00e9e ce mardi 1er juillet par la<br \/>\n<strong>Ligue<\/strong>. Dans un entretien accord\u00e9 \u00e0<br \/>\n<strong><a href=\"https:\/\/www.lequipe.fr\/Football\/Article\/Nicolas-de-tavernost-sur-la-nouvelle-plateforme-de-la-ligue-1-pas-un-saut-dans-le-vide\/1574674\" target=\"_blank\" rel=\"noopener nofollow\" title=\"\">L\u2019Equipe<\/a><\/strong>,<br \/>\nle directeur g\u00e9n\u00e9ral de <strong>LFP Media<\/strong>, <strong>Nicolas<br \/>\nde Tavernost<\/strong>, s\u2019est exprim\u00e9 sur la cr\u00e9ation de cette<br \/>\nnouvelle cha\u00eene.<\/p>\n<p>La cr\u00e9ation<br \/>\nd\u2019une cha\u00eene Ligue 1, est-ce un grand saut dans le vide ?<\/p>\n<p>\u00ab\u00a0Ce n\u2019est pas un saut dans le vide. Cette solution a<br \/>\n\u00e9t\u00e9 adopt\u00e9e avec efficacit\u00e9 aux <strong>Pays-Bas<\/strong> et a<br \/>\nconsid\u00e9rablement valoris\u00e9 les droits du Championnat n\u00e9erlandais. Je<br \/>\nsuis l\u00e0 depuis deux mois. Dans ce laps de temps tr\u00e8s court, il a<br \/>\nfallu r\u00e9gler le sujet <strong>DAZN<\/strong> en fixant les<br \/>\nconditions dans lesquelles se faisait la s\u00e9paration. Je suis arriv\u00e9<br \/>\ndans une p\u00e9riode conflictuelle o\u00f9 les paiements avaient \u00e9t\u00e9<br \/>\nsuspendus, les proc\u00e8s \u00e9taient r\u00e9ciproques. Nous avons trouv\u00e9 une<br \/>\nsolution, les rapports se sont normalis\u00e9s et <strong>DAZN<\/strong><br \/>\nparticipera \u00e0 la distribution de notre plateforme.\u00a0\u00bb<\/p>\n<p>Comment se<br \/>\nd\u00e9roulera la distribution de cette cha\u00eene ?<\/p>\n<p>\u00ab\u00a0Nous sommes dans un mode de distribution<br \/>\nmulti-plateformes et pas exclusive. Nous avons des n\u00e9gociations<br \/>\navec l\u2019ensemble des distributeurs, \u00e0 l\u2019exception de<br \/>\n<strong><a href=\"https:\/\/canal-supporters.com\/droits-tv-canal-plus-renonce-a-distribuer-la-future-chaine-de-la-ligue-1\/\" title=\"\" rel=\"nofollow noopener\" target=\"_blank\">Canal+<\/a><\/strong>\u00a0qui n\u2019a pas souhait\u00e9 continuer<br \/>\nles discussions avec nous. On en a pris acte et fort heureusement,<br \/>\nnous avions pris une assurance en entamant des discussions<br \/>\nparall\u00e8lement au cas o\u00f9 celles avec<br \/>\n<strong>Canal+<\/strong>\u00a0n\u2019aboutiraient pas. Je regrette le<br \/>\nchoix de <strong>Canal+<\/strong>\u00a0qui est un partenaire<br \/>\nnaturel. Mais je n\u2019imagine pas qu\u2019ils se passent de la<br \/>\n<strong>L1<\/strong> durablement. Les conditions n\u2019\u00e9taient pas<br \/>\nr\u00e9unies chez <strong>Canal+<\/strong>\u00a0pour qu\u2019ils nous fassent<br \/>\nune proposition qui soit dans l\u2019int\u00e9r\u00eat des clubs.\u00a0\u00bb<\/p>\n<p>Est-ce possible<br \/>\nde r\u00e9ussir sans la distribution de Canal Plus ?<\/p>\n<p>\u00ab\u00a0L\u2019alternative \u00e9tait de se contenter de<br \/>\n100\u00a0millions d\u2019euros de minimum garanti\u2026 Ce n\u2019est plus un<br \/>\nrisque de challenger 100\u00a0millions\u2026 Mieux vaut \u00eatre<br \/>\npropri\u00e9taire de sa plateforme, de ses droits et je suis s\u00fbr que si<br \/>\non fait correctement notre travail, on r\u00e9ussira. Notamment gr\u00e2ce \u00e0<br \/>\nnotre prix. On est \u00e0 14,99\u00a0euros, ce qui sera de nature \u00e0<br \/>\nsusciter un engouement. En fait, je ne comprends pas que<br \/>\n<strong>Canal+<\/strong>\u00a0renonce aussi \u00e0 une distribution non<br \/>\nexclusive. Qu\u2019ils ne souhaitent pas une distribution exclusive avec<br \/>\nun minimum garanti s\u2019ils n\u2019en ont pas les moyens, je peux le<br \/>\ncomprendre (\u2026) On nous ressort des contentieux ant\u00e9rieurs\u2026 Mais on<br \/>\nne va pas discuter pendant quarante ans\u2026 Il faut passer \u00e0 autre<br \/>\nchose. On va faire avec ceux, tr\u00e8s nombreux, qui souhaitent nous<br \/>\ndistribuer. Il y aura certainement deux ann\u00e9es difficiles, mais on<br \/>\nva essayer de faire le projet le plus innovant et le plus populaire<br \/>\npossible, avec huit matches sur neuf en direct, le neuvi\u00e8me en<br \/>\ndiff\u00e9r\u00e9\u00a0(la rencontre du samedi apr\u00e8s-midi restera diffus\u00e9e<br \/>\npar <strong>beIN Sports<\/strong>)\u00a0et un magazine en clair. Le<br \/>\nChampionnat de <strong>L1<\/strong> est fort.\u00a0\u00bb<\/p>\n<p>Y aura-t-il une<br \/>\noffre pour les moins de 26 ans ?<\/p>\n<p>\u00ab\u00a0Il y aura une promotion \u00e0 moins de 10\u00a0euros pour<br \/>\nles moins de 26\u00a0ans sur les tablettes et les mobiles. Mais<br \/>\npeut-\u00eatre pas d\u00e8s le d\u00e9part pour des raisons<br \/>\ntechniques.\u00a0\u00bb<\/p>\n<p>L\u2019objectif en<br \/>\nnombre d\u2019abonn\u00e9s<\/p>\n<p>\u00ab\u00a0On serait d\u00e9\u00e7us \u00e0 moins d\u2019un million d\u2019abonn\u00e9s la<br \/>\npremi\u00e8re ann\u00e9e.\u00a0\u00bb<\/p>\n<\/p>\n<p>Youtube :<br \/>\n<strong><a href=\"https:\/\/www.youtube.com\/@CanalSupportersParis\" target=\"_blank\" rel=\"noopener nofollow\" title=\"\">Canal Supporters<br \/>\nParis<\/a><\/strong><\/p>\n","protected":false},"excerpt":{"rendered":"Pour la saison prochaine, la Ligue 1 a d\u00e9cid\u00e9 de cr\u00e9er sa propre cha\u00eene pour la diffusion de&hellip;\n","protected":false},"author":2,"featured_media":222322,"comment_status":"","ping_status":"","sticky":false,"template":"","format":"standard","meta":{"footnotes":""},"categories":[2],"tags":[11,81,36156,10475,1011,27,35314,66,12,5713,91,92,93,25,96],"class_list":{"0":"post-222321","1":"post","2":"type-post","3":"status-publish","4":"format-standard","5":"has-post-thumbnail","7":"category-actualites","8":"tag-actualites","9":"tag-canal-supporters","10":"tag-chaine-ligue-1","11":"tag-droits-tv","12":"tag-fr","13":"tag-france","14":"tag-lfp-media","15":"tag-ligue-1","16":"tag-news","17":"tag-nicolas-de-tavernost","18":"tag-paris-saint-germain","19":"tag-paris-sg","20":"tag-psg","21":"tag-republique-francaise","22":"tag-une"},"share_on_mastodon":{"url":"https:\/\/pubeurope.com\/@fr\/114787477381371905","error":""},"_links":{"self":[{"href":"https:\/\/www.europesays.com\/fr\/wp-json\/wp\/v2\/posts\/222321","targetHints":{"allow":["GET"]}}],"collection":[{"href":"https:\/\/www.europesays.com\/fr\/wp-json\/wp\/v2\/posts"}],"about":[{"href":"https:\/\/www.europesays.com\/fr\/wp-json\/wp\/v2\/types\/post"}],"author":[{"embeddable":true,"href":"https:\/\/www.europesays.com\/fr\/wp-json\/wp\/v2\/users\/2"}],"replies":[{"embeddable":true,"href":"https:\/\/www.europesays.com\/fr\/wp-json\/wp\/v2\/comments?post=222321"}],"version-history":[{"count":0,"href":"https:\/\/www.europesays.com\/fr\/wp-json\/wp\/v2\/posts\/222321\/revisions"}],"wp:featuredmedia":[{"embeddable":true,"href":"https:\/\/www.europesays.com\/fr\/wp-json\/wp\/v2\/media\/222322"}],"wp:attachment":[{"href":"https:\/\/www.europesays.com\/fr\/wp-json\/wp\/v2\/media?parent=222321"}],"wp:term":[{"taxonomy":"category","embeddable":true,"href":"https:\/\/www.europesays.com\/fr\/wp-json\/wp\/v2\/categories?post=222321"},{"taxonomy":"post_tag","embeddable":true,"href":"https:\/\/www.europesays.com\/fr\/wp-json\/wp\/v2\/tags?post=222321"}],"curies":[{"name":"wp","href":"https:\/\/api.w.org\/{rel}","templated":true}]}}