{"id":222324,"date":"2025-07-03T04:45:11","date_gmt":"2025-07-03T04:45:11","guid":{"rendered":"https:\/\/www.europesays.com\/fr\/222324\/"},"modified":"2025-07-03T04:45:11","modified_gmt":"2025-07-03T04:45:11","slug":"ile-de-france-et-si-toutes-les-autoroutes-franciliennes-passaient-demain-a-50-km-h","status":"publish","type":"post","link":"https:\/\/www.europesays.com\/fr\/222324\/","title":{"rendered":"\u00cele-de-France\u00a0: et si toutes les autoroutes franciliennes passaient demain \u00e0 50\u00a0km\/h\u00a0?"},"content":{"rendered":"<p class=\"paragraph text_align_left lp-f-body-02\"><a href=\"https:\/\/www.leparisien.fr\/paris-75\/peripherique-a-50-kmh-la-vitesse-officiellement-reduite-sur-tout-lanneau-parisien-les-radars-vont-ils-flasher-10-10-2024-HO5XADIXIBHCNJGUYYL3GG3LGE.php\" target=\"_blank\" rel=\"noreferrer noopener\">Passage de la vitesse sur le p\u00e9riph\u00e9rique parisien \u00e0 50 km\/h<\/a>, exp\u00e9rimentations d\u2019abaissement de la vitesse \u00e0 70 km\/h sur des tron\u00e7ons des autoroutes A 86, A 3, A 1\u2026 Alors que les initiatives r\u00e9centes se multiplient, ces \u00e9lus de gauche, issus de Paris et sa petite couronne, appellent, dans une d\u00e9claration commune, l\u2019\u00c9tat \u00e0 mettre en place un \u00ab plan national des infrastructures autorouti\u00e8res \u00bb.<\/p>\n","protected":false},"excerpt":{"rendered":"Passage de la vitesse sur le p\u00e9riph\u00e9rique parisien \u00e0 50 km\/h, exp\u00e9rimentations d\u2019abaissement de la vitesse \u00e0 70&hellip;\n","protected":false},"author":2,"featured_media":222325,"comment_status":"","ping_status":"","sticky":false,"template":"","format":"standard","meta":{"footnotes":""},"categories":[4],"tags":[11,1011,27,1944,12,25,2382],"class_list":{"0":"post-222324","1":"post","2":"type-post","3":"status-publish","4":"format-standard","5":"has-post-thumbnail","7":"category-france","8":"tag-actualites","9":"tag-fr","10":"tag-france","11":"tag-ma-ville","12":"tag-news","13":"tag-republique-francaise","14":"tag-transport-idf-oise"},"share_on_mastodon":{"url":"https:\/\/pubeurope.com\/@fr\/114787485141405530","error":""},"_links":{"self":[{"href":"https:\/\/www.europesays.com\/fr\/wp-json\/wp\/v2\/posts\/222324","targetHints":{"allow":["GET"]}}],"collection":[{"href":"https:\/\/www.europesays.com\/fr\/wp-json\/wp\/v2\/posts"}],"about":[{"href":"https:\/\/www.europesays.com\/fr\/wp-json\/wp\/v2\/types\/post"}],"author":[{"embeddable":true,"href":"https:\/\/www.europesays.com\/fr\/wp-json\/wp\/v2\/users\/2"}],"replies":[{"embeddable":true,"href":"https:\/\/www.europesays.com\/fr\/wp-json\/wp\/v2\/comments?post=222324"}],"version-history":[{"count":0,"href":"https:\/\/www.europesays.com\/fr\/wp-json\/wp\/v2\/posts\/222324\/revisions"}],"wp:featuredmedia":[{"embeddable":true,"href":"https:\/\/www.europesays.com\/fr\/wp-json\/wp\/v2\/media\/222325"}],"wp:attachment":[{"href":"https:\/\/www.europesays.com\/fr\/wp-json\/wp\/v2\/media?parent=222324"}],"wp:term":[{"taxonomy":"category","embeddable":true,"href":"https:\/\/www.europesays.com\/fr\/wp-json\/wp\/v2\/categories?post=222324"},{"taxonomy":"post_tag","embeddable":true,"href":"https:\/\/www.europesays.com\/fr\/wp-json\/wp\/v2\/tags?post=222324"}],"curies":[{"name":"wp","href":"https:\/\/api.w.org\/{rel}","templated":true}]}}