{"id":222326,"date":"2025-07-03T04:48:10","date_gmt":"2025-07-03T04:48:10","guid":{"rendered":"https:\/\/www.europesays.com\/fr\/222326\/"},"modified":"2025-07-03T04:48:10","modified_gmt":"2025-07-03T04:48:10","slug":"tournee-en-nouvelle-zelande-scott-robertson-les-joueurs-ont-faim","status":"publish","type":"post","link":"https:\/\/www.europesays.com\/fr\/222326\/","title":{"rendered":"Tourn\u00e9e en Nouvelle-Z\u00e9lande \u2013 Scott Robertson\u00a0: \u00ab\u00a0Les joueurs ont faim\u00a0\u00bb"},"content":{"rendered":"<p>\n                Apr\u00e8s avoir livr\u00e9 la premi\u00e8re composition d\u2019\u00e9quipe de la tourn\u00e9e d\u2019\u00e9t\u00e9, Scott Robertson, le s\u00e9lectionneur n\u00e9o-z\u00e9landais, a livr\u00e9 son sentiment sur le premier match.\n            <\/p>\n<p><strong>Que pouvez-vous nous dire<\/strong><strong>\u00a0<\/strong><strong>au sujet du deuxi\u00e8me ligne <\/strong><strong>des Highlanders <\/strong><strong>Fabian Holland\u00a0? <\/strong><strong>N\u00e9erlandais<\/strong><strong> de naissance, il n\u2019est en Nouvelle-Z\u00e9lande que depuis six ans\u2026<\/strong><\/p>\n<p>C\u2019est une belle histoire, n\u2019est-ce pas\u00a0? C\u2019est celle d\u2019un gamin de quatorze ans arriv\u00e9 ici par amour du rugby et qui, des ann\u00e9es plus tard, repr\u00e9sente les All Blacks contre la France. Au-del\u00e0 de \u00e7a, Fabian a un gros potentiel. Nous sommes heureux de le d\u00e9couvrir au niveau international.<\/p>\n<p>\u00a0<\/p>\n<p><strong>Pourquoi avez-vous choisi de d\u00e9placer Rieko Ioane, habituel trois-quart centre, sur l\u2019aile\u00a0?<\/strong><\/p>\n<p>La combinaison que forment Jordie Barrett et Billy Poctor au milieu du terrain est int\u00e9ressante. Billy pr\u00e9sente de belles qualit\u00e9s sur les duels et dans les passes. Et puis, Rieko peut quasiment occuper toutes les positions, ce qui incarne une belle option pour nous. Je sais qu\u2019il va tout donner pour l\u2019\u00e9quipe. De fa\u00e7on g\u00e9n\u00e9rale, les joueurs ont faim.<\/p>\n<p>\u00a0<\/p>\n<p><strong>Quid de Ardie Savea, que vous avez souhait\u00e9 positionner sur le flanc de la troisi\u00e8me ligne\u00a0?<\/strong><\/p>\n<p>Comme chez Rieko, la polyvalence d\u2019Ardie est \u00e9videmment int\u00e9ressante. Il a r\u00e9alis\u00e9 une saison magnifique au poste de num\u00e9ro\u00a07 en Super Rugby et il d\u00e9marrera dans ce r\u00f4le. Mais rien ne lui interdit de glisser au poste de troisi\u00e8me ligne centre en cours de rencontre. Derri\u00e8re eux, le banc aura je pense un impact. Damian McKenzie sort par exemple d\u2019une bonne saison et pourra changer le tempo du jeu, si besoin.<\/p>\n<p>\u00a0<\/p>\n<p><strong>Quelle opinion avez-vous de l\u2019\u00e9quipe de France\u00a0?<\/strong><\/p>\n<p>Nous nous m\u00e9fions toujours des Fran\u00e7ais. Le jour J, ils peuvent basculer et se montrer tr\u00e8s dangereux. Je m\u2019attends donc \u00e0 tout, avec eux. Par rapport au Tournoi des 6 Nations, leur style de jeu \u00e9voluera peu, je pense\u00a0: ils seront disciplin\u00e9s, bons en d\u00e9fense, efficaces au pied. Cette jeune g\u00e9n\u00e9ration a du potentiel, j\u2019en suis certain.<\/p>\n","protected":false},"excerpt":{"rendered":"Apr\u00e8s avoir livr\u00e9 la premi\u00e8re composition d\u2019\u00e9quipe de la tourn\u00e9e d\u2019\u00e9t\u00e9, Scott Robertson, le s\u00e9lectionneur n\u00e9o-z\u00e9landais, a livr\u00e9&hellip;\n","protected":false},"author":2,"featured_media":222327,"comment_status":"","ping_status":"","sticky":false,"template":"","format":"standard","meta":{"footnotes":""},"categories":[1416],"tags":[1011,27,479,1468,60],"class_list":{"0":"post-222326","1":"post","2":"type-post","3":"status-publish","4":"format-standard","5":"has-post-thumbnail","7":"category-rugby","8":"tag-fr","9":"tag-france","10":"tag-rugby","11":"tag-rugby-football","12":"tag-sports"},"share_on_mastodon":{"url":"https:\/\/pubeurope.com\/@fr\/114787496996728590","error":""},"_links":{"self":[{"href":"https:\/\/www.europesays.com\/fr\/wp-json\/wp\/v2\/posts\/222326","targetHints":{"allow":["GET"]}}],"collection":[{"href":"https:\/\/www.europesays.com\/fr\/wp-json\/wp\/v2\/posts"}],"about":[{"href":"https:\/\/www.europesays.com\/fr\/wp-json\/wp\/v2\/types\/post"}],"author":[{"embeddable":true,"href":"https:\/\/www.europesays.com\/fr\/wp-json\/wp\/v2\/users\/2"}],"replies":[{"embeddable":true,"href":"https:\/\/www.europesays.com\/fr\/wp-json\/wp\/v2\/comments?post=222326"}],"version-history":[{"count":0,"href":"https:\/\/www.europesays.com\/fr\/wp-json\/wp\/v2\/posts\/222326\/revisions"}],"wp:featuredmedia":[{"embeddable":true,"href":"https:\/\/www.europesays.com\/fr\/wp-json\/wp\/v2\/media\/222327"}],"wp:attachment":[{"href":"https:\/\/www.europesays.com\/fr\/wp-json\/wp\/v2\/media?parent=222326"}],"wp:term":[{"taxonomy":"category","embeddable":true,"href":"https:\/\/www.europesays.com\/fr\/wp-json\/wp\/v2\/categories?post=222326"},{"taxonomy":"post_tag","embeddable":true,"href":"https:\/\/www.europesays.com\/fr\/wp-json\/wp\/v2\/tags?post=222326"}],"curies":[{"name":"wp","href":"https:\/\/api.w.org\/{rel}","templated":true}]}}