{"id":222332,"date":"2025-07-03T04:52:10","date_gmt":"2025-07-03T04:52:10","guid":{"rendered":"https:\/\/www.europesays.com\/fr\/222332\/"},"modified":"2025-07-03T04:52:10","modified_gmt":"2025-07-03T04:52:10","slug":"keanu-reeves-va-presenter-et-produire-une-serie-documentaire-sur-cadillac","status":"publish","type":"post","link":"https:\/\/www.europesays.com\/fr\/222332\/","title":{"rendered":"Keanu Reeves va pr\u00e9senter et produire une s\u00e9rie-documentaire sur Cadillac"},"content":{"rendered":"<p>\u00c9galement pilote \u00e0 ses heures perdues, Keanu Reeves appr\u00e9cie depuis tr\u00e8s longtemps le monde du sport automobile. Alors que la <a href=\"https:\/\/www.autohebdo.fr\/actualites\/f1\" data-internallinksmanager029f6b8e52c=\"1\" title=\"F1\" target=\"_blank\" rel=\"noopener\">Formule 1<\/a> et Hollywood profitent actuellement d\u2019un mariage heureux, avec la sortie en salle de \u00ab F1 \u00bb, film notamment produit par Apple et <a href=\"https:\/\/www.autohebdo.fr\/pilote\/f1\/lewis-hamilton-2\" data-internallinksmanager029f6b8e52c=\"41\" title=\"Lewis Hamilton\" target=\"_blank\" rel=\"noopener\">Lewis Hamilton<\/a>, une s\u00e9rie documentaire suivra les pr\u00e9paratifs de l\u2019arriv\u00e9e de Cadillac dans le championnat de sport automobile n\u00b01. On retrouvera ainsi une version \u00ab r\u00e9elle \u00bb d\u2019APX GP, en quelque sorte.<\/p>\n<\/p>\n<p>Apr\u00e8s avoir pr\u00e9sent\u00e9 et produit \u00ab Brawn : La course impossible \u00bb, s\u00e9rie centr\u00e9e sur la saison 2009 de Brawn GP, aur\u00e9ol\u00e9e des titres Pilotes et Constructeurs, Keanu Reeves va d\u00e9sormais s\u2019int\u00e9resser \u00e0 la cr\u00e9ation au jour le jour d\u2019une toute nouvelle \u00e9curie, qui rejoindra la grille lors de la saison 2026.<\/p>\n<p>\u00ab La s\u00e9rie retrace la cr\u00e9ation de l\u2019\u00e9quipe la plus r\u00e9cente et la plus am\u00e9ricaine du sport, qui se pr\u00e9pare \u00e0 faire ses d\u00e9buts lors de l\u2019ouverture de la saison 2026 du championnat du monde de Formule 1 de la FIA \u00e0 Melbourne \u00bb, pouvait-on lire par exemple dans un communiqu\u00e9 des autres producteurs, qui annon\u00e7aient l\u2019arriv\u00e9e de Reeves dans le projet.<\/p>\n<p>\u00ab Je suis tr\u00e8s honor\u00e9 et enthousiaste \u00e0 l\u2019id\u00e9e de participer \u00e0 la narration de l\u2019histoire remarquable de l\u2019\u00e9quipe F1 de Cadillac et de son incroyable parcours dans le monde de la Formule 1 \u00bb, a d\u00e9clar\u00e9 Keanu Reeves. \u00ab Notre objectif avec cette s\u00e9rie documentaire est d\u2019amener le public au c\u0153ur de ce voyage et de montrer ce qu\u2019il faut faire pour participer \u00e0 l\u2019une des ar\u00e8nes sportives les plus exclusives au monde. \u00bb<\/p>\n<p>Propri\u00e9t\u00e9 de TWG Motorsports, l\u2019\u00e9curie Cadillac fera ses d\u00e9buts en Formule 1 en 2026, avec un moteur <a href=\"https:\/\/www.autohebdo.fr\/actualites\/ecurie\/ferrari\" data-internallinksmanager029f6b8e52c=\"74\" title=\"Ferrari\" target=\"_blank\" rel=\"noopener\">Ferrari<\/a> durant ses deux premi\u00e8res saisons. En 2028, General Motors fabriquera son propre moteur et Cadillac deviendra donc \u00e0 la fois constructeur de ch\u00e2ssis et motoriste, comme c\u2019est pour l\u2019instant le cas de <a href=\"https:\/\/www.autohebdo.fr\/actualites\/ecurie\/mercedes\" data-internallinksmanager029f6b8e52c=\"80\" title=\"Ecurie Mercedes F1\" target=\"_blank\" rel=\"noopener\">Mercedes<\/a>, Ferrari et <a href=\"https:\/\/www.autohebdo.fr\/actualites\/ecurie\/renault-f1-team\" data-internallinksmanager029f6b8e52c=\"84\" title=\"Ecurie Renault F1 Team\" target=\"_blank\" rel=\"noopener\">Renault<\/a>\/<a href=\"https:\/\/www.autohebdo.fr\/actualites\/monoplace\/fr-alpine\" data-internallinksmanager029f6b8e52c=\"18\" title=\"Alpine\" target=\"_blank\" rel=\"noopener\">Alpine<\/a>.<\/p>\n<p><strong>\u00c0 LIRE AUSSI &gt; <a href=\"https:\/\/www.autohebdo.fr\/actualites\/f1\/quelle-meteo-attendue-pour-le-grand-prix-a-silverstone.html\" target=\"_blank\" rel=\"noopener\">Quelle m\u00e9t\u00e9o attendue pour le Grand Prix \u00e0 Silverstone ?<\/a><br \/><\/strong><\/p>\n","protected":false},"excerpt":{"rendered":"\u00c9galement pilote \u00e0 ses heures perdues, Keanu Reeves appr\u00e9cie depuis tr\u00e8s longtemps le monde du sport automobile. Alors&hellip;\n","protected":false},"author":2,"featured_media":222333,"comment_status":"","ping_status":"","sticky":false,"template":"","format":"standard","meta":{"footnotes":""},"categories":[1412],"tags":[16036,1451,1452,1453,1454,1455,1011,27,2079,60],"class_list":{"0":"post-222332","1":"post","2":"type-post","3":"status-publish","4":"format-standard","5":"has-post-thumbnail","7":"category-f1","8":"tag-cadillac","9":"tag-f1","10":"tag-formula-1","11":"tag-formula1","12":"tag-formule-1","13":"tag-formule1","14":"tag-fr","15":"tag-france","16":"tag-keanu-reeves","17":"tag-sports"},"share_on_mastodon":{"url":"https:\/\/pubeurope.com\/@fr\/114787512866178895","error":""},"_links":{"self":[{"href":"https:\/\/www.europesays.com\/fr\/wp-json\/wp\/v2\/posts\/222332","targetHints":{"allow":["GET"]}}],"collection":[{"href":"https:\/\/www.europesays.com\/fr\/wp-json\/wp\/v2\/posts"}],"about":[{"href":"https:\/\/www.europesays.com\/fr\/wp-json\/wp\/v2\/types\/post"}],"author":[{"embeddable":true,"href":"https:\/\/www.europesays.com\/fr\/wp-json\/wp\/v2\/users\/2"}],"replies":[{"embeddable":true,"href":"https:\/\/www.europesays.com\/fr\/wp-json\/wp\/v2\/comments?post=222332"}],"version-history":[{"count":0,"href":"https:\/\/www.europesays.com\/fr\/wp-json\/wp\/v2\/posts\/222332\/revisions"}],"wp:featuredmedia":[{"embeddable":true,"href":"https:\/\/www.europesays.com\/fr\/wp-json\/wp\/v2\/media\/222333"}],"wp:attachment":[{"href":"https:\/\/www.europesays.com\/fr\/wp-json\/wp\/v2\/media?parent=222332"}],"wp:term":[{"taxonomy":"category","embeddable":true,"href":"https:\/\/www.europesays.com\/fr\/wp-json\/wp\/v2\/categories?post=222332"},{"taxonomy":"post_tag","embeddable":true,"href":"https:\/\/www.europesays.com\/fr\/wp-json\/wp\/v2\/tags?post=222332"}],"curies":[{"name":"wp","href":"https:\/\/api.w.org\/{rel}","templated":true}]}}