{"id":222338,"date":"2025-07-03T04:55:10","date_gmt":"2025-07-03T04:55:10","guid":{"rendered":"https:\/\/www.europesays.com\/fr\/222338\/"},"modified":"2025-07-03T04:55:10","modified_gmt":"2025-07-03T04:55:10","slug":"pierre-lescure-au-bord-des-larmes-dans-c-a-vous-un","status":"publish","type":"post","link":"https:\/\/www.europesays.com\/fr\/222338\/","title":{"rendered":"Pierre Lescure au bord des larmes dans C \u00e0 vous, un &#8230;"},"content":{"rendered":"<p class=\"tls__ed-content__exc\">Ce mercredi 2 juillet 2025, Pierre<br \/>\nLescure a eu droit \u00e0 de belles d\u00e9clarations de la part de<br \/>\nnombreuses personnalit\u00e9s, \u00e0 l\u2019occasion de son 80\u00e8me anniversaire.<br \/>\nLe chroniqueur a eu du mal \u00e0 retenir ses larmes dans C \u00e0 vous.<\/p>\n<p>EN BREF<\/p>\n<ul class=\"bloc_resume_post_list\">\n<li>Le 2 juillet 2025, Pierre Lescure a c\u00e9l\u00e9br\u00e9 ses 80 ans<br \/>\nlors de l\u00a0\u00bb\u00e9mission C \u00e0 vous sur France 5.<\/li>\n<li>L&rsquo;\u00e9mission a \u00e9t\u00e9 marqu\u00e9e par des hommages \u00e9mouvants de<br \/>\nc\u00e9l\u00e9brit\u00e9s, dont Lucie Carrasco, qui a qualifi\u00e9 Pierre Lescure de<br \/>\nl\u00e9gende.<\/li>\n<li>D&rsquo;autres c\u00e9l\u00e9brit\u00e9s, comme Michel Denisot ou J\u00e9rome<br \/>\nCommander, ont rendu hommage au journaliste pour son<br \/>\nanniversaire.<\/li>\n<\/ul>\n<p>Ce mercredi 2 juillet 2025, Pierre Lescure f\u00eatait ses 80 ans.<br \/>\nDans l\u2019\u00e9mission C \u00e0 vous, une longue s\u00e9quence \u00e9tait alors<br \/>\nd\u00e9di\u00e9e au chroniqueur embl\u00e9matique du programme de France 5.<\/p>\n<p>De nombreuses c\u00e9l\u00e9brit\u00e9s ont envoy\u00e9 de tendres mots au<br \/>\njournaliste pour lui rendre hommage. Les \u00e9quipes de C \u00e0 vous ont<br \/>\n\u00e9galement diffus\u00e9 des moments marquants de Pierre Lescure \u00e0 la<br \/>\nt\u00e9l\u00e9vision.<\/p>\n<p>C \u00e0 vous : Pierre Lescure tr\u00e8s \u00e9mu face \u00e0 la belle d\u00e9claration<br \/>\nde son invit\u00e9e pour son anniversaire<\/p>\n<p>Ce mercredi 2 juillet 2025, l\u2019\u00e9mission C \u00e0 vous \u00e9tait<br \/>\nun peu particuli\u00e8re. <a href=\"https:\/\/www.telestar.fr\/sport\/lecher-le-client-pierre-lescure-ne-decolere-pas-apres-la-victoire-du-psg-1725440\" target=\"_blank\" rel=\"noopener\"><br \/>\nPierre Lescure<\/a>, chroniqueur embl\u00e9matique du programme, f\u00eatait<br \/>\nses <strong>80 ans<\/strong>. \u00c0 l\u2019occasion de cet<br \/>\n<strong>anniversaire<\/strong>, le journaliste a eu droit \u00e0 de<br \/>\npoignants <strong>hommages<\/strong> de la part de personnalit\u00e9s qui<br \/>\nlui sont ch\u00e8res. \u00c0 commencer par Lucie Carrasco, invit\u00e9e ce jour<br \/>\nsur le plateau de C \u00e0 vous. La cr\u00e9atrice de mode a lu un<br \/>\nlong texte qu\u2019elle avait r\u00e9dig\u00e9 en amont de l\u2019\u00e9mission \u00e0<br \/>\nl\u2019octog\u00e9naire, qu\u2019elle qualifie de \u00ab\u00a0l\u00e9gende\u00a0\u00bb. Des mots qui<br \/>\nont touch\u00e9 Pierre Lescure, qui a remerci\u00e9 son invit\u00e9e pour ce<br \/>\n\u00ab\u00a0<strong>cadeau<\/strong>\u00ab\u00a0.<\/p>\n<p>Anne-Elisabeth Lemoine a ensuite fait semblant de lancer la<br \/>\nchronique \u00ab\u00a0L\u2019\u0153il de Pierre\u00a0\u00bb, avant de lui expliquer<br \/>\nqu\u2019elle avait un autre cadeau pour lui. \u00ab\u00a0Ce n\u2019est pas un coup<br \/>\nmont\u00e9, on n\u2019a pas eu le choix. <strong>On a \u00e9t\u00e9 assailli de<br \/>\nmessages de vos amis<\/strong>, de ceux que vous aimez, admirez, qui<br \/>\nsouhaitaient marquer le coup ce soir\u00a0\u00bb a d\u00e9clar\u00e9<br \/>\nl\u2019animatrice.<\/p>\n<blockquote class=\"twitter-tweet\"><p><a class=\"twitter-link\" rel=\"noindex, nofollow noopener\" href=\"https:\/\/twitter.com\/cavousf5\/status\/1940488126675161553\" target=\"_blank\"><\/p><\/blockquote>\n<p>Pierre Lescure\u00a0: plusieurs<br \/>\nc\u00e9l\u00e9brit\u00e9s lui rendent un vibrant hommage<\/p>\n<p>Apr\u00e8s les explications d\u2019<a href=\"https:\/\/www.telestar.fr\/actu_tv\/anne-elisabeth-lemoine-lanimatrice-de-c-a-vous-critiquee-par-un-invite-elle-menace-son-equipe-1729472\" target=\"_blank\" rel=\"noopener\">Anne-Elisabeth<br \/>\nLemoin<\/a>e, l\u2019animatrice a lanc\u00e9 une magn\u00e9to o\u00f9 l\u2019on d\u00e9couvre les<br \/>\nmessages de plusieurs personnalit\u00e9s. Parmi les proches de Pierre<br \/>\nLescure qui ont souhait\u00e9 lui rendre hommage : <strong>Michel<br \/>\nDenisot, J\u00e9rome Commander, Benjamin Biolay<\/strong> ou<br \/>\n<strong>Dominique Farrugia<\/strong>. Ces derniers ont fait de<br \/>\nbelles d\u00e9clarations en vid\u00e9o \u00e0 l\u2019ancien pr\u00e9sident de Canal+.<\/p>\n<p>D&rsquo;autres s\u00e9quences de c\u00e9l\u00e9brit\u00e9s, comme <a href=\"https:\/\/www.telestar.fr\/actu_tv\/et-on-mange-pas-jamel-debbouze-sinsurge-dans-c-a-vous-anne-elisabeth-lemoine-completement-destabilisee-1717196\" target=\"_blank\" rel=\"noopener\"><br \/>\nJamel Debbouze<\/a> ou <strong>Tom Cruise<\/strong>, ont \u00e9galement<br \/>\n\u00e9t\u00e9 diffus\u00e9es. Il s&rsquo;agit de moments o\u00f9 ces stars adressent des mots<br \/>\npoignants \u00e0 Pierre Lescure lors de leur passage dans l&rsquo;\u00e9mission. La<br \/>\nr\u00e9daction de C \u00e0 vous a aussi r\u00e9dig\u00e9 de jolis mots dans un<br \/>\nalbum qu\u2019Anne-Elisabeth Lemoine a offert au journaliste. Un beau<br \/>\nmoment riche en \u00e9motions.<\/p>\n<p><script async src=\"https:\/\/platform.twitter.com\/widgets.js\" charset=\"utf-8\"><\/script><\/p>\n","protected":false},"excerpt":{"rendered":"Ce mercredi 2 juillet 2025, Pierre Lescure a eu droit \u00e0 de belles d\u00e9clarations de la part de&hellip;\n","protected":false},"author":2,"featured_media":222339,"comment_status":"","ping_status":"","sticky":false,"template":"","format":"standard","meta":{"footnotes":""},"categories":[1359],"tags":[548,58,59,1011,27,973,20558],"class_list":{"0":"post-222338","1":"post","2":"type-post","3":"status-publish","4":"format-standard","5":"has-post-thumbnail","7":"category-people","8":"tag-article-simple","9":"tag-divertissement","10":"tag-entertainment","11":"tag-fr","12":"tag-france","13":"tag-people","14":"tag-pierre-lescure"},"share_on_mastodon":{"url":"https:\/\/pubeurope.com\/@fr\/114787524457646325","error":""},"_links":{"self":[{"href":"https:\/\/www.europesays.com\/fr\/wp-json\/wp\/v2\/posts\/222338","targetHints":{"allow":["GET"]}}],"collection":[{"href":"https:\/\/www.europesays.com\/fr\/wp-json\/wp\/v2\/posts"}],"about":[{"href":"https:\/\/www.europesays.com\/fr\/wp-json\/wp\/v2\/types\/post"}],"author":[{"embeddable":true,"href":"https:\/\/www.europesays.com\/fr\/wp-json\/wp\/v2\/users\/2"}],"replies":[{"embeddable":true,"href":"https:\/\/www.europesays.com\/fr\/wp-json\/wp\/v2\/comments?post=222338"}],"version-history":[{"count":0,"href":"https:\/\/www.europesays.com\/fr\/wp-json\/wp\/v2\/posts\/222338\/revisions"}],"wp:featuredmedia":[{"embeddable":true,"href":"https:\/\/www.europesays.com\/fr\/wp-json\/wp\/v2\/media\/222339"}],"wp:attachment":[{"href":"https:\/\/www.europesays.com\/fr\/wp-json\/wp\/v2\/media?parent=222338"}],"wp:term":[{"taxonomy":"category","embeddable":true,"href":"https:\/\/www.europesays.com\/fr\/wp-json\/wp\/v2\/categories?post=222338"},{"taxonomy":"post_tag","embeddable":true,"href":"https:\/\/www.europesays.com\/fr\/wp-json\/wp\/v2\/tags?post=222338"}],"curies":[{"name":"wp","href":"https:\/\/api.w.org\/{rel}","templated":true}]}}