{"id":222342,"date":"2025-07-03T04:58:11","date_gmt":"2025-07-03T04:58:11","guid":{"rendered":"https:\/\/www.europesays.com\/fr\/222342\/"},"modified":"2025-07-03T04:58:11","modified_gmt":"2025-07-03T04:58:11","slug":"secret-story-melanie-da-cruz-reintegre-la-maison-des-secrets-marianne-celia-et-pimprenelle-risquent-de-prendre-tres-cher","status":"publish","type":"post","link":"https:\/\/www.europesays.com\/fr\/222342\/","title":{"rendered":"\u00ab\u00a0Secret Story\u00a0\u00bb : M\u00e9lanie Da Cruz r\u00e9int\u00e8gre la maison des secrets, Marianne, Celia et Pimprenelle risquent de prendre tr\u00e8s cher"},"content":{"rendered":"<p>      R\u00e9sum\u00e9<\/p>\n<p>M\u00e9lanie Da Cruz revient dans la maison des secrets dix ans apr\u00e8s sa demi-finale, pr\u00eate \u00e0 affronter de nouveaux candidats dans une saison pleine de tensions et de surprises.<\/p>\n<p>        Sommaire<\/p>\n<p>Surprise \u00e0 <a href=\"https:\/\/vsd.fr\/83711-secret-story-lun-des-plus-gros-clashs-de-lhistoire-de-la-tele-realite-eclate-le-gendarme-de-laudiovisuel-fait-rapidement-couper\/\" target=\"_blank\" rel=\"noopener\">Secret Story<\/a> ! Dans une story qu&rsquo;elle a partag\u00e9e sur son compte Instagram et qui a aussit\u00f4t \u00e9t\u00e9 reprise par le compte officiel, <strong>M\u00e9lanie Da Cruz annonce retrouver la maison des secrets<\/strong>. L&rsquo;influenceuse de 34 ans avait particip\u00e9 \u00e0 la saison 9 et s&rsquo;\u00e9tait hiss\u00e9e jusqu&rsquo;en demi-finale. Elle d\u00e9fendait le secret d&rsquo;\u00eatre l&rsquo;aventuri\u00e8re de la voix. C&rsquo;\u00e9tait finalement <a href=\"https:\/\/www.public.fr\/emilie-fiorelli-apres-la-retraite-annoncee-par-son-ex-mbaye-niange-elle-balance-sur-sa-consommation-dalcool-et-de-prostituees\" target=\"_blank\" rel=\"noopener\">Emilie Fiorelli<\/a> qui avait gagn\u00e9 cette saison, sans que la finale ne soit diffus\u00e9e en raison des attentats du Bataclan.<\/p>\n<p><strong>Dix ans apr\u00e8s, M\u00e9lanie is back<\/strong> ! \u00ab\u00a0Wouah, dinguerie les gars, je rentre dans la maison des secrets. Ils m&rsquo;ont r\u00e9veill\u00e9e ce matin. J&rsquo;ai re\u00e7u un appel. Je ne suis pas pr\u00eate du tout. \u00c7a fait dix ans\u2026 Je suis partag\u00e9e entre stress, \u00e9motion, le oui, le non\u2026 <strong>Faut que je m&rsquo;organise pour mon chien, pour mon fils<\/strong> ! On me prend de court, l\u00e0 !\u00a0\u00bb a d\u00e9clar\u00e9 <a href=\"https:\/\/www.public.fr\/melanie-da-cruz-son-ex-anthony-martial-papa-pour-la-troisieme-fois#:~:text=La%20relation%20entre%20Anthony%20Martial%20et%20M%C3%A9lanie%20Da%20Cruz%20avait,s%C3%A9paration%20%22dans%20le%20respect%22.\" target=\"_blank\" rel=\"noopener\">l&rsquo;ex-femme d&rsquo;Anthony Martial<\/a> sur Instagram.<\/p>\n<p>Son chien, son fils&#8230; M\u00e9lanie Da Cruz panique !<\/p>\n<p>R\u00e9sultat, Soan va partir plus vite que pr\u00e9vu en vacances chez son papa. <strong>Heureusement, ce dernier a accept\u00e9, et M\u00e9lanie va pouvoir s&rsquo;organiser<\/strong>&#8230; Mais c&rsquo;est une journ\u00e9e marathon qui s&rsquo;est op\u00e9r\u00e9e pour la jeune femme. \u00ab\u00a0Je dois faire des looks, je vais prendre que le n\u00e9cessaire, parce que je reste pas tr\u00e8s longtemps\u00a0\u00bb a teas\u00e9 l&rsquo;ex-candidate.<\/p>\n<p>\u00ab\u00a0Excit\u00e9e\u00a0\u00bb \u00e0 l&rsquo;id\u00e9e de retrouver Secret Story, M\u00e9lanie est tout de m\u00eame tr\u00e8s stress\u00e9e&#8230; La jeune femme va devoir se retrouver face \u00e0 des candidats qu&rsquo;elle ne conna\u00eet pas,<strong> mais dont elle entend forc\u00e9ment parler depuis quelques semaines<\/strong>. En effet, cette saison <a href=\"https:\/\/www.public.fr\/face-au-carton-daudience-de-secret-story-tf1-prend-une-grande-decision-qui-va-ravir-les-fans\" target=\"_blank\" rel=\"noopener\">fait un carton d&rsquo;audience<\/a> et m\u00eame ceux qui ne la regardent pas la suivent malgr\u00e9 eux&#8230;<\/p>\n<p>On a d\u00e9j\u00e0 h\u00e2te de <strong>d\u00e9couvrir A\u00efmed face \u00e0 M\u00e9lanie<\/strong>, lui qui conna\u00eet toutes les saisons de Secret Story par c\u0153ur. Mais il se pourrait aussi que la rencontre avec Marianne, C\u00e9lia et Pimprenelle, dont les comportements cr\u00e9ent des tensions au sein de la maison <a href=\"https:\/\/www.public.fr\/des-petites-merdeuses-harcelement-dans-secret-story-fred-les-anges-atomise-constance-celia-pimprenelle-et-marianne\" target=\"_blank\" rel=\"noopener\">mais alimentent aussi bien des dissensions<\/a> sur les r\u00e9seaux, cr\u00e9e des \u00e9tincelles ! On a (d\u00e9j\u00e0) h\u00e2te !<\/p>\n<p>      Mentionn\u00e9s dans cet article<\/p>\n<p>\u00c0 lire aussi<\/p>\n","protected":false},"excerpt":{"rendered":"R\u00e9sum\u00e9 M\u00e9lanie Da Cruz revient dans la maison des secrets dix ans apr\u00e8s sa demi-finale, pr\u00eate \u00e0 affronter&hellip;\n","protected":false},"author":2,"featured_media":222343,"comment_status":"","ping_status":"","sticky":false,"template":"","format":"standard","meta":{"footnotes":""},"categories":[1356],"tags":[58,59,1011,27,4760,29901,252,1364],"class_list":{"0":"post-222342","1":"post","2":"type-post","3":"status-publish","4":"format-standard","5":"has-post-thumbnail","7":"category-television","8":"tag-divertissement","9":"tag-entertainment","10":"tag-fr","11":"tag-france","12":"tag-melanie-da-cruz","13":"tag-secret-story","14":"tag-television","15":"tag-tv"},"share_on_mastodon":{"url":"https:\/\/pubeurope.com\/@fr\/114787536255730216","error":""},"_links":{"self":[{"href":"https:\/\/www.europesays.com\/fr\/wp-json\/wp\/v2\/posts\/222342","targetHints":{"allow":["GET"]}}],"collection":[{"href":"https:\/\/www.europesays.com\/fr\/wp-json\/wp\/v2\/posts"}],"about":[{"href":"https:\/\/www.europesays.com\/fr\/wp-json\/wp\/v2\/types\/post"}],"author":[{"embeddable":true,"href":"https:\/\/www.europesays.com\/fr\/wp-json\/wp\/v2\/users\/2"}],"replies":[{"embeddable":true,"href":"https:\/\/www.europesays.com\/fr\/wp-json\/wp\/v2\/comments?post=222342"}],"version-history":[{"count":0,"href":"https:\/\/www.europesays.com\/fr\/wp-json\/wp\/v2\/posts\/222342\/revisions"}],"wp:featuredmedia":[{"embeddable":true,"href":"https:\/\/www.europesays.com\/fr\/wp-json\/wp\/v2\/media\/222343"}],"wp:attachment":[{"href":"https:\/\/www.europesays.com\/fr\/wp-json\/wp\/v2\/media?parent=222342"}],"wp:term":[{"taxonomy":"category","embeddable":true,"href":"https:\/\/www.europesays.com\/fr\/wp-json\/wp\/v2\/categories?post=222342"},{"taxonomy":"post_tag","embeddable":true,"href":"https:\/\/www.europesays.com\/fr\/wp-json\/wp\/v2\/tags?post=222342"}],"curies":[{"name":"wp","href":"https:\/\/api.w.org\/{rel}","templated":true}]}}