{"id":222348,"date":"2025-07-03T05:01:11","date_gmt":"2025-07-03T05:01:11","guid":{"rendered":"https:\/\/www.europesays.com\/fr\/222348\/"},"modified":"2025-07-03T05:01:11","modified_gmt":"2025-07-03T05:01:11","slug":"mais-pourquoi-les-ados-portent-ils-des-sweats-a-capuche-meme-en-pleine-canicule","status":"publish","type":"post","link":"https:\/\/www.europesays.com\/fr\/222348\/","title":{"rendered":"Mais pourquoi les ados portent-ils des sweats \u00e0 capuche m\u00eame en pleine canicule?"},"content":{"rendered":"<p>Pourquoi tant d&rsquo;adolescents persistent-ils \u00e0 porter des sweats \u00e0 capuche, m\u00eame lorsque le mercure grimpe? Cette question, qui intrigue de nombreux parents, a \u00e9galement \u00e9veill\u00e9 la curiosit\u00e9 de scientifiques et de psychologues. Derri\u00e8re ce choix vestimentaire apparemment paradoxal se cachent des raisons multiples, m\u00ealant confort, identit\u00e9 et protection.<\/p>\n<p>Des \u00e9tudes sur les couvertures lest\u00e9es ont montr\u00e9 leur efficacit\u00e9 pour apaiser les personnes souffrant d&rsquo;insomnie, d&rsquo;anxi\u00e9t\u00e9 ou de troubles du spectre autistique, <a href=\"https:\/\/www.forbes.com\/sites\/marshallshepherd\/2025\/06\/29\/why-teens-wear-hoodies-when-its-hot-revisited\/\" target=\"_blank\" rel=\"nofollow noopener\">rapporte le magazine Forbes<\/a>. Selon une publication de Harvard, ces couvertures fonctionnent comme un c\u00e2lin r\u00e9confortant, aidant \u00e0 calmer le syst\u00e8me nerveux. Certains avancent que le hoodie jouerait un r\u00f4le similaire chez les adolescents, leur procurant une sensation de s\u00e9curit\u00e9 et de confort \u00e9motionnel.<\/p>\n<p>        <img decoding=\"async\" alt=\"Abonnez-vous gratuitement \u00e0 la newsletter de Slate !\" loading=\"lazy\" class=\"ms-4 ms-md-0\" width=\"82\" height=\"82\" src=\"https:\/\/www.slate.fr\/assets\/newsletter-dd7c4ea7fb4ce45aacc56875521d4bde7ec4ba23f0a0ae088566df808b3a80c3.svg\"\/><br \/>\n        Abonnez-vous gratuitement \u00e0 la newsletter de Slate !Les articles sont s\u00e9lectionn\u00e9s pour vous, en fonction de vos centres d\u2019int\u00e9r\u00eat, tous les jours dans votre bo\u00eete mail.<\/p>\n<p>Madhumanti Majumdar, psychologue et \u00e9ducatrice sp\u00e9cialis\u00e9e, a recueilli les t\u00e9moignages d&rsquo;adolescents sur leur rapport au hoodie. Les mots qui reviennent le plus souvent sont \u00abfilet de s\u00e9curit\u00e9\u00bb, \u00abconfiance\u00bb, \u00abvuln\u00e9rabilit\u00e9\u00bb et \u00abconfort\u00bb. Pour beaucoup, le <a href=\"https:\/\/www.slate.fr\/story\/267257\/beaucoup-trop-laver-vetements-proprete-ecologie-hygiene-environnement-sale-machine-lessive\" target=\"_blank\" rel=\"nofollow noopener\">hoodie<\/a> agit comme une armure contre le regard des autres et les ins\u00e9curit\u00e9s propres \u00e0 l&rsquo;adolescence. Il permet aussi de s&rsquo;int\u00e9grer \u00e0 un groupe, de revendiquer une identit\u00e9 ou, au contraire, de passer inaper\u00e7u.<\/p>\n<p>Une r\u00e9ponse \u00e0 l&rsquo;ins\u00e9curit\u00e9 et \u00e0 la pression sociale<\/p>\n<p>Le port du hoodie n&rsquo;est pas sans cons\u00e9quences sociales. Vanessa Beck, de l&rsquo;universit\u00e9 de Leicester en Angleterre, met en garde contre les st\u00e9r\u00e9otypes qui entourent les jeunes en sweat \u00e0 capuche, encore associ\u00e9s aujourd&rsquo;hui \u00e0 la marginalit\u00e9 ou \u00e0 la d\u00e9linquance, malgr\u00e9 son omnipr\u00e9sence. Des jugements r\u00e9ducteurs qui masquent des probl\u00e9matiques plus larges, comme la pauvret\u00e9 ou le besoin <a href=\"https:\/\/www.slate.fr\/societe\/comment-vetements-ville-indiens-devenus-pyjamas-occidentaux-inde-kurta-pajama-mode-influence-style-vestimentaire-produit-luxe\" target=\"_blank\" rel=\"nofollow noopener\">d&rsquo;appartenance<\/a>.<\/p>\n<p>Certaines \u00e9tudes s&rsquo;int\u00e9ressent \u00e0 la tol\u00e9rance au chaud et au froid selon le genre. Si les filles se montrent en g\u00e9n\u00e9ral plus sensibles au froid, les gar\u00e7ons tol\u00e8rent mieux la <a href=\"https:\/\/www.slate.fr\/dossier\/12947\/chaleur\" class=\"tag-link\" rel=\"nofollow noopener\" target=\"_blank\">chaleur<\/a> et transpirent davantage, ce qui pourrait expliquer en partie leur propension \u00e0 porter des hoodies en \u00e9t\u00e9. Cependant, aucune preuve scientifique ne permet d&rsquo;affirmer que ces diff\u00e9rences expliquent enti\u00e8rement le ph\u00e9nom\u00e8ne.<\/p>\n<p>Les donn\u00e9es r\u00e9centes montrent une augmentation pr\u00e9occupante des troubles de sant\u00e9 mentale chez les <a href=\"https:\/\/www.slate.fr\/dossier\/1879\/adolescents\" class=\"tag-link\" rel=\"nofollow noopener\" target=\"_blank\">adolescents<\/a>, en particulier chez les filles. Le hoodie, en tant que refuge \u00e9motionnel, pourrait donc \u00eatre une r\u00e9ponse \u00e0 ce mal-\u00eatre croissant, offrant une bulle de s\u00e9curit\u00e9 dans un monde per\u00e7u comme anxiog\u00e8ne.<\/p>\n<p>Au final, le port du hoodie en \u00e9t\u00e9 est un choix personnel, charg\u00e9 de significations individuelles et collectives. Comme le souligne Madhumanti Majumdar, ce qui fonctionne pour un adolescent ne conviendra pas forc\u00e9ment \u00e0 un autre. Plut\u00f4t que de juger, il s&rsquo;agit de comprendre et de respecter ces choix, d&rsquo;autant plus que les \u00e9t\u00e9s deviennent de plus en plus chauds sous l&rsquo;effet du <a href=\"https:\/\/www.slate.fr\/societe\/r\u00e9chauffement climatique\" target=\"_blank\" rel=\"nofollow noopener\">r\u00e9chauffement climatique<\/a>. Le hoodie, symbole d&rsquo;une g\u00e9n\u00e9ration en qu\u00eate de rep\u00e8res, n&rsquo;a pas fini de faire parler de lui.<\/p>\n","protected":false},"excerpt":{"rendered":"Pourquoi tant d&rsquo;adolescents persistent-ils \u00e0 porter des sweats \u00e0 capuche, m\u00eame lorsque le mercure grimpe? Cette question, qui&hellip;\n","protected":false},"author":2,"featured_media":222349,"comment_status":"","ping_status":"","sticky":false,"template":"","format":"standard","meta":{"footnotes":""},"categories":[10],"tags":[1011,27,72,71],"class_list":{"0":"post-222348","1":"post","2":"type-post","3":"status-publish","4":"format-standard","5":"has-post-thumbnail","7":"category-sante","8":"tag-fr","9":"tag-france","10":"tag-health","11":"tag-sante"},"share_on_mastodon":{"url":"https:\/\/pubeurope.com\/@fr\/114787548138219595","error":""},"_links":{"self":[{"href":"https:\/\/www.europesays.com\/fr\/wp-json\/wp\/v2\/posts\/222348","targetHints":{"allow":["GET"]}}],"collection":[{"href":"https:\/\/www.europesays.com\/fr\/wp-json\/wp\/v2\/posts"}],"about":[{"href":"https:\/\/www.europesays.com\/fr\/wp-json\/wp\/v2\/types\/post"}],"author":[{"embeddable":true,"href":"https:\/\/www.europesays.com\/fr\/wp-json\/wp\/v2\/users\/2"}],"replies":[{"embeddable":true,"href":"https:\/\/www.europesays.com\/fr\/wp-json\/wp\/v2\/comments?post=222348"}],"version-history":[{"count":0,"href":"https:\/\/www.europesays.com\/fr\/wp-json\/wp\/v2\/posts\/222348\/revisions"}],"wp:featuredmedia":[{"embeddable":true,"href":"https:\/\/www.europesays.com\/fr\/wp-json\/wp\/v2\/media\/222349"}],"wp:attachment":[{"href":"https:\/\/www.europesays.com\/fr\/wp-json\/wp\/v2\/media?parent=222348"}],"wp:term":[{"taxonomy":"category","embeddable":true,"href":"https:\/\/www.europesays.com\/fr\/wp-json\/wp\/v2\/categories?post=222348"},{"taxonomy":"post_tag","embeddable":true,"href":"https:\/\/www.europesays.com\/fr\/wp-json\/wp\/v2\/tags?post=222348"}],"curies":[{"name":"wp","href":"https:\/\/api.w.org\/{rel}","templated":true}]}}