{"id":222360,"date":"2025-07-03T05:07:12","date_gmt":"2025-07-03T05:07:12","guid":{"rendered":"https:\/\/www.europesays.com\/fr\/222360\/"},"modified":"2025-07-03T05:07:12","modified_gmt":"2025-07-03T05:07:12","slug":"pannier-runacher-choquee-par-les-propos-de-retailleau-sur-les-energies-renouvelables","status":"publish","type":"post","link":"https:\/\/www.europesays.com\/fr\/222360\/","title":{"rendered":"Pannier-Runacher choqu\u00e9e par les propos de Retailleau sur les \u00e9nergies renouvelables"},"content":{"rendered":"<p>        <img decoding=\"async\" loading=\"lazy\" src=\"https:\/\/www.europesays.com\/fr\/wp-content\/uploads\/2025\/07\/e547610_upload-1-1i6omhiqrkxt-capture-da-a-cran-2025-07-03-022030.png\"  width=\"728\" height=\"409\" alt=\"La ministre de la Transition \u00e9cologique, Agn\u00e8s Pannier-Runacher, a d\u00e9nonc\u00e9 ce mercredi 2\u00a0juillet les propos compl\u00e8tement \u00ab\u00a0irresponsables\u00a0\u00bb de Bruno Retailleau sur les \u00e9nergies renouvelables.\"\/>  <\/p>\n<p>franceinfo<\/p>\n<p>La ministre de la Transition \u00e9cologique, Agn\u00e8s Pannier-Runacher, a d\u00e9nonc\u00e9 ce mercredi 2\u00a0juillet les propos compl\u00e8tement \u00ab\u00a0irresponsables\u00a0\u00bb de Bruno Retailleau sur les \u00e9nergies renouvelables.<\/p>\n<p class=\"asset asset-text\">POLITIQUE &#8211; Ambiance \u00e9lectrique au sein du gouvernement Bayrou. Le ministre de l\u2019Int\u00e9rieur <a href=\"https:\/\/www.huffingtonpost.fr\/politique\/article\/bruno-retailleau-cible-les-barbares-a-paris-et-se-retrouve-pris-en-etau-entre-la-gauche-et-le-rn_250756.html\" target=\"_blank\" rel=\"noopener\" title=\"Nouvelle fen\u00eatre\">Bruno\u00a0Retailleau\u00a0<\/a>a plaid\u00e9, ce mercredi 2\u00a0juillet, pour stopper les \u00ab\u00a0subventions publiques\u00a0\u00bb pour l\u2019\u00e9olien et le photovolta\u00efque, s\u2019attirant les foudres de la <a href=\"https:\/\/www.huffingtonpost.fr\/france\/article\/la-canicule-a-cause-la-mort-d-au-moins-deux-personnes-annonce-la-ministre-de-la-transition-ecologique_252106.html\" target=\"_blank\" rel=\"noopener\" title=\"Nouvelle fen\u00eatre\">ministre de la Transition \u00e9cologique<\/a>, Agn\u00e8s Pannier-Runacher, qui d\u00e9nonce sur <a href=\"https:\/\/www.franceinfo.fr\/environnement\/energie\/video-c-est-irresponsable-agnes-pannier-runacher-replique-a-bruno-retailleau-qui-veut-stopper-le-financement-des-energies-renouvelables_7351392.html\" target=\"_blank\" rel=\"noopener\" title=\"Nouvelle fen\u00eatre\">franceinfo<\/a> des propos compl\u00e8tement \u00ab\u00a0irresponsables\u00a0\u00bb.<\/p>\n<p class=\"asset asset-text\">\u00ab\u00a0Notre priorit\u00e9 doit \u00eatre de reb\u00e2tir un parc nucl\u00e9aire en reconstituant une comp\u00e9tence industrielle fran\u00e7aise, afin d\u2019\u00e9viter l\u2019effet falaise li\u00e9 au vieillissement des centrales\u00a0actuelles\u00a0\u00bb, \u00e9crit d\u2019abord le pr\u00e9sident du parti Les R\u00e9publicains (LR), dans une tribune pour <a href=\"https:\/\/www.lefigaro.fr\/vox\/economie\/rebatir-un-parc-nucleaire-et-stopper-le-financement-des-renouvelables-notre-plan-pour-l-energie-20250702\" target=\"_blank\" rel=\"noopener\" title=\"Nouvelle fen\u00eatre\">Le Figaro Vox.<\/a><\/p>\n<p class=\"asset asset-text\">Il estime ensuite que \u00ab\u00a0l\u2019\u00e9olien et le photovolta\u00efque n\u2019apportent au mix \u00e9nerg\u00e9tique fran\u00e7ais qu\u2019une intermittence co\u00fbteuse \u00e0 g\u00e9rer\u00a0\u00bb. \u00ab\u00a0Il n\u2019y a donc aucune raison de continuer de les financer par des subventions publiques\u00a0\u00bb, affirme Bruno\u00a0Retailleau\u00a0dans ce texte cosign\u00e9 par les vice-pr\u00e9sidents de LR Fran\u00e7ois-Xavier Bellamy et Julien Aubert. Ils ajoutent que cela revient \u00e0 \u00ab\u00a0entretenir des objectifs id\u00e9ologiques d\u00e9pass\u00e9s\u00a0\u00bb et profitent de cette tribune pour s\u2019en prendre aux id\u00e9es \u00ab\u00a0des Tartuffe de l\u2019\u00e9cologie politique\u00a0\u00bb.<\/p>\n<p>    \u00ab\u00a0C\u2019est du populisme le plus basique\u00a0\u00bb    <\/p>\n<p class=\"asset asset-text\">Face \u00e0 cette prise de parole, \u00e0 rebours des <a href=\"https:\/\/www.google.com\/search?q=RTE+%C3%A9nergies+renouvelables+rapport&amp;sca_esv=f8b4fb4309dfaf24&amp;rlz=1C1GCEA_enFR1144FR1144&amp;source=lnms&amp;fbs=AIIjpHx4nJjfGojPVHhEACUHPiMQikyFH3CmH4hhupxxDAHumruy5rhEQNwG5CKTUiluf7QZmDzBXgrEd1cWgBhKBS149z4w_uIJJfo3mJKjhYG_DXyeRLN2FwAQKeX9Hl9NNlxkDnqhKaNMRYV_lxrf7OJJkXs8mFP7eRw4dMBHMxOvNiE6g6TATExNy9Is-lxPVYYCOAP68MCJ7UgM851BetbparXCmjhWeu5uruZ3aB7EFki7Kk4&amp;sa=X&amp;ved=2ahUKEwjzw-7stJ-OAxW7jGMGHVaHDWcQ0pQJegQIBxAD&amp;biw=1280&amp;bih=551&amp;dpr=1.5\" target=\"_blank\" rel=\"noopener\" title=\"Nouvelle fen\u00eatre\">travaux scientifiques <\/a>qui jugent essentielles les \u00e9nergies renouvelables pour atteindre un mix \u00e9nerg\u00e9tique d\u00e9carbon\u00e9, la ministre de la Transition \u00e9cologique a vivement r\u00e9agi. \u00ab\u00a0C\u2019est irresponsable quand on pr\u00e9tend \u00eatre un homme d\u2019\u00c9tat.\u00a0C\u2019est dramatique, c\u2019est irresponsable, c\u2019est du populisme le plus basique\u00a0\u00bb, a-t-elle tacl\u00e9, sur franceinfo. Avant de lacher\u00a0: \u00ab\u00a0Au fond, peu importe l\u2019int\u00e9r\u00eat des Fran\u00e7ais, pourvu qu\u2019on aille r\u00e9cup\u00e9rer des voix \u00e0 droite et au-del\u00e0.\u00a0\u00bb<\/p>\n<p> La lecture de ce contenu est susceptible d\u2019entra\u00eener un d\u00e9p\u00f4t de cookies de la part de l\u2019op\u00e9rateur tiers qui l\u2019h\u00e9berge. Compte-tenu des choix que vous avez exprim\u00e9s en mati\u00e8re de d\u00e9p\u00f4t de cookies, nous avons bloqu\u00e9 l\u2019affichage de ce contenu. Si vous souhaitez y acc\u00e9der, vous devez accepter la cat\u00e9gorie de cookies \u201cContenus tiers\u201d en cliquant sur le bouton ci-dessous. <\/p>\n<p> Lire la Vid\u00e9o        <\/p>\n<p class=\"asset asset-text\">\u00ab\u00a0C\u2019est une position qui est totalement contraire \u00e0 celle port\u00e9e par le gouvernement\u00a0\u00bb, appuie encore Agn\u00e8s Pannier-Runacher.<\/p>\n<p class=\"asset asset-text\">Le ministre de l\u2019Industrie Marc Ferracci, \u00e9galement membre du parti macroniste Renaissance, a lui aussi vivement r\u00e9agi \u00e0 la nouvelle prise de position de LR sur l\u2019\u00e9nergie. \u00ab\u00a0Croire que sortir de la d\u00e9pendance aux \u00e9nergies fossiles et aux pays qui les produisent peut se faire en abandonnant les \u00e9nergies renouvelables et en mettant au ch\u00f4mage les salari\u00e9s de leurs fili\u00e8res, est une vue de l\u2019esprit &#8211; et une position frontalement oppos\u00e9e \u00e0 la ligne du gouvernement\u00a0\u00bb, a-t-il affirm\u00e9, dans un message publi\u00e9 sur son compte X (ex-Twitter).<\/p>\n<p class=\"asset asset-text\">Le patron du parti pr\u00e9sidentiel Renaissance Gabriel Attal, a d\u00e9plor\u00e9 sur X \u00ab\u00a0un retour d\u2019une forme de climatoscepticisme antiscience tr\u00e8s inqui\u00e9tant\u00a0\u00bb, \u00ab\u00a0alors que nous subissons une vague de chaleur in\u00e9dite\u00a0\u00bb. \u00ab\u00a0Les solutions pour arr\u00eater de br\u00fbler du p\u00e9trole et du gaz (&#8230;) existent. \u00c0 court terme, pendant que nous relan\u00e7ons le nucl\u00e9aire pour demain, ces solutions sont les \u00e9nergies renouvelables. Et certains veulent stopper leur financement, voire les stopper tout court\u00a0? Ce contresens historique et scientifique est incompr\u00e9hensible\u00a0\u00bb, a estim\u00e9 l\u2019ex-Premier ministre.<\/p>\n<p class=\"asset asset-text\">Ces sujets avaient d\u00e9j\u00e0 divis\u00e9 ces deux piliers du \u00ab\u00a0socle commun\u00a0\u00bb qui soutient le gouvernement de Fran\u00e7ois Bayrou, lors du vote de la proposition de loi du s\u00e9nateur LR Daniel Gremillet sur la trajectoire \u00e9nerg\u00e9tique de la France. LR avait \u00e9t\u00e9 \u00e0 l\u2019origine d\u2019un amendement, soutenu par l\u2019extr\u00eame droite, instaurant un moratoire sur les \u00e9nergies solaires et \u00e9oliennes.\u00a0Gabriel Attal, chef de file des d\u00e9put\u00e9s macronistes, avait alors d\u00e9nonc\u00e9 \u00ab\u00a0un axe anti-\u00e9cologie\u00a0\u00bb.<\/p>\n","protected":false},"excerpt":{"rendered":"franceinfo La ministre de la Transition \u00e9cologique, Agn\u00e8s Pannier-Runacher, a d\u00e9nonc\u00e9 ce mercredi 2\u00a0juillet les propos compl\u00e8tement \u00ab\u00a0irresponsables\u00a0\u00bb&hellip;\n","protected":false},"author":2,"featured_media":222361,"comment_status":"","ping_status":"","sticky":false,"template":"","format":"standard","meta":{"footnotes":""},"categories":[4],"tags":[11,2432,1013,2830,436,1011,27,639,12,316,25],"class_list":{"0":"post-222360","1":"post","2":"type-post","3":"status-publish","4":"format-standard","5":"has-post-thumbnail","7":"category-france","8":"tag-actualites","9":"tag-agnes-pannier-runacher","10":"tag-bruno-retailleau","11":"tag-energies-renouvelables","12":"tag-environnement","13":"tag-fr","14":"tag-france","15":"tag-le-figaro","16":"tag-news","17":"tag-politique","18":"tag-republique-francaise"},"share_on_mastodon":{"url":"https:\/\/pubeurope.com\/@fr\/114787571854532609","error":""},"_links":{"self":[{"href":"https:\/\/www.europesays.com\/fr\/wp-json\/wp\/v2\/posts\/222360","targetHints":{"allow":["GET"]}}],"collection":[{"href":"https:\/\/www.europesays.com\/fr\/wp-json\/wp\/v2\/posts"}],"about":[{"href":"https:\/\/www.europesays.com\/fr\/wp-json\/wp\/v2\/types\/post"}],"author":[{"embeddable":true,"href":"https:\/\/www.europesays.com\/fr\/wp-json\/wp\/v2\/users\/2"}],"replies":[{"embeddable":true,"href":"https:\/\/www.europesays.com\/fr\/wp-json\/wp\/v2\/comments?post=222360"}],"version-history":[{"count":0,"href":"https:\/\/www.europesays.com\/fr\/wp-json\/wp\/v2\/posts\/222360\/revisions"}],"wp:featuredmedia":[{"embeddable":true,"href":"https:\/\/www.europesays.com\/fr\/wp-json\/wp\/v2\/media\/222361"}],"wp:attachment":[{"href":"https:\/\/www.europesays.com\/fr\/wp-json\/wp\/v2\/media?parent=222360"}],"wp:term":[{"taxonomy":"category","embeddable":true,"href":"https:\/\/www.europesays.com\/fr\/wp-json\/wp\/v2\/categories?post=222360"},{"taxonomy":"post_tag","embeddable":true,"href":"https:\/\/www.europesays.com\/fr\/wp-json\/wp\/v2\/tags?post=222360"}],"curies":[{"name":"wp","href":"https:\/\/api.w.org\/{rel}","templated":true}]}}