{"id":222364,"date":"2025-07-03T05:09:11","date_gmt":"2025-07-03T05:09:11","guid":{"rendered":"https:\/\/www.europesays.com\/fr\/222364\/"},"modified":"2025-07-03T05:09:11","modified_gmt":"2025-07-03T05:09:11","slug":"loire-deux-incendies-dhabitation-a-saint-etienne-et-marlhes-dans-la-soiree-pas-de-blesse","status":"publish","type":"post","link":"https:\/\/www.europesays.com\/fr\/222364\/","title":{"rendered":"Loire. Deux incendies d&rsquo;habitation \u00e0 Saint-Etienne et Marlhes dans la soir\u00e9e\u00a0: pas de bless\u00e9"},"content":{"rendered":"<p>Les pompiers sont intervenus sur deux incendies d&rsquo;habitation ce mercredi soir.<\/p>\n<p>D&rsquo;abord, \u00e0 19 heures, ils se sont rendus \u00e0 Marlhes un feu de stockage bois s\u2019\u00e9tant propag\u00e9 \u00e0 une habitation de 80 m\u00b2. \u00c0 l\u2019arriv\u00e9e des secours, le feu avait perc\u00e9 en toiture. Il n\u2019y a aucune victime \u00e0 d\u00e9plorer.<\/p>\n<p>L\u2019alimentation en eau \u00e9tant compliqu\u00e9e sur zone, un groupe appui eau a \u00e9t\u00e9 engag\u00e9.<\/p>\n<p>Plus tard, \u00e0 23\u00a0h\u00a045, c&rsquo;est dans le centre de Saint-Etienne, rue Bala\u00ff, qu&rsquo;ils ont \u00e9t\u00e9 appel\u00e9s, pour un violent feu d\u2019un appartement au 1\u1d49\u02b3 \u00e9tage d\u2019un immeuble de trois \u00e9tages.<\/p>\n<p>Une personne aide \u00e0 l&rsquo;\u00e9vacuation de l&rsquo;immeuble<\/p>\n<p>L\u2019action rapide des premiers engins a permis de se rendre maitre du feu et d\u2019\u00e9viter sa propagation. Une personne au 3e \u00e9tage a \u00e9t\u00e9 mise en s\u00e9curit\u00e9 au moyen du bras \u00e9l\u00e9vateur.<\/p>\n<p>Une personne ayant aid\u00e9 \u00e0 l\u2019\u00e9vacuation de l\u2019immeuble avant l\u2019arriv\u00e9e des sapeurs-pompiers a \u00e9t\u00e9 l\u00e9g\u00e8rement incommod\u00e9e par les fum\u00e9es.<\/p>\n<p>Apr\u00e8s bilan, ces deux personnes sont laiss\u00e9es sur place.<\/p>\n","protected":false},"excerpt":{"rendered":"Les pompiers sont intervenus sur deux incendies d&rsquo;habitation ce mercredi soir. D&rsquo;abord, \u00e0 19 heures, ils se sont&hellip;\n","protected":false},"author":2,"featured_media":222365,"comment_status":"","ping_status":"","sticky":false,"template":"","format":"standard","meta":{"footnotes":""},"categories":[9653],"tags":[1111,11,2430,7539,1777,674,274,1011,27,36159,12,25,4001],"class_list":{"0":"post-222364","1":"post","2":"type-post","3":"status-publish","4":"format-standard","5":"has-post-thumbnail","7":"category-saint-etienne","8":"tag-actu","9":"tag-actualites","10":"tag-auvergne-rhone-alpes","11":"tag-edition-loire-sud","12":"tag-eu","13":"tag-europe","14":"tag-faits-divers-justice","15":"tag-fr","16":"tag-france","17":"tag-marlhes","18":"tag-news","19":"tag-republique-francaise","20":"tag-saint-etienne"},"share_on_mastodon":{"url":"https:\/\/pubeurope.com\/@fr\/114787579688260316","error":""},"_links":{"self":[{"href":"https:\/\/www.europesays.com\/fr\/wp-json\/wp\/v2\/posts\/222364","targetHints":{"allow":["GET"]}}],"collection":[{"href":"https:\/\/www.europesays.com\/fr\/wp-json\/wp\/v2\/posts"}],"about":[{"href":"https:\/\/www.europesays.com\/fr\/wp-json\/wp\/v2\/types\/post"}],"author":[{"embeddable":true,"href":"https:\/\/www.europesays.com\/fr\/wp-json\/wp\/v2\/users\/2"}],"replies":[{"embeddable":true,"href":"https:\/\/www.europesays.com\/fr\/wp-json\/wp\/v2\/comments?post=222364"}],"version-history":[{"count":0,"href":"https:\/\/www.europesays.com\/fr\/wp-json\/wp\/v2\/posts\/222364\/revisions"}],"wp:featuredmedia":[{"embeddable":true,"href":"https:\/\/www.europesays.com\/fr\/wp-json\/wp\/v2\/media\/222365"}],"wp:attachment":[{"href":"https:\/\/www.europesays.com\/fr\/wp-json\/wp\/v2\/media?parent=222364"}],"wp:term":[{"taxonomy":"category","embeddable":true,"href":"https:\/\/www.europesays.com\/fr\/wp-json\/wp\/v2\/categories?post=222364"},{"taxonomy":"post_tag","embeddable":true,"href":"https:\/\/www.europesays.com\/fr\/wp-json\/wp\/v2\/tags?post=222364"}],"curies":[{"name":"wp","href":"https:\/\/api.w.org\/{rel}","templated":true}]}}