{"id":222366,"date":"2025-07-03T05:10:16","date_gmt":"2025-07-03T05:10:16","guid":{"rendered":"https:\/\/www.europesays.com\/fr\/222366\/"},"modified":"2025-07-03T05:10:16","modified_gmt":"2025-07-03T05:10:16","slug":"les-infos-de-6h-attentat-masculiniste-dejoue-a-saint-etienne-ce-que-lon-sait","status":"publish","type":"post","link":"https:\/\/www.europesays.com\/fr\/222366\/","title":{"rendered":"Les infos de 6h &#8211; Attentat masculiniste d\u00e9jou\u00e9 \u00e0 Saint-\u00c9tienne : ce que l&rsquo;on sait"},"content":{"rendered":"<p class=\"article-p mdl\">\u00c0 Saint-Etienne, un jeune homme de 18 ans a \u00e9t\u00e9 mis en examen et incarc\u00e9r\u00e9 mardi 2 juillet. Il est soup\u00e7onn\u00e9 d&rsquo;avoir pr\u00e9par\u00e9 un attentat masculiniste. Il comptait s&rsquo;attaquer \u00e0 des femmes de son lyc\u00e9e \u00e0 l&rsquo;arme blanche. Le jeune homme s&rsquo;appr\u00eatait \u00e0 passer \u00e0 l&rsquo;acte de fa\u00e7on imminente.<\/p>\n<p class=\"article-p mdl\">Il a \u00e9t\u00e9 arr\u00eat\u00e9 \u00e0 proximit\u00e9 de son lyc\u00e9e o\u00f9 il est \u00e9l\u00e8ve en classe pr\u00e9paratoire. Son profil \u00e9tait devenu tellement inqui\u00e9tant que des policiers de la DGSI l&rsquo;ont interpell\u00e9. Le jeune de 18 ans se revendique ouvertement \u00ab\u00a0incel\u00a0\u00bb, une <strong>mouvance qui pr\u00f4ne une misogynie violente.<\/strong> Il \u00e9tait consommateur de\u00a0<a class=\"link\" href=\"https:\/\/www.rtl.fr\/actu\/justice-faits-divers\/affaire-mickael-philetas-pourquoi-les-videos-youtube-de-cet-assassin-masculiniste-sont-elles-toujours-en-ligne-malgre-sa-condamnation-7900391005\" target=\"_blank\" rel=\"noopener\">vid\u00e9os masculinistes<\/a>\u00a0sur les r\u00e9seaux sociaux.\u00a0<\/p>\n<p class=\"article-p mdl\">Il <strong>s&rsquo;int\u00e9ressait aussi aux auteurs de tueries de masse attribu\u00e9es \u00e0 l&rsquo;extr\u00eame droite<\/strong> comme celle d&rsquo;Ut\u00f8ya par\u00a0<a class=\"link\" href=\"https:\/\/www.rtl.fr\/actu\/international\/norvege-prison-anders-breivik-7786800887\" target=\"_blank\" rel=\"noopener\">Anders Breivik en Norv\u00e8ge<\/a>. Le <strong>parquet antiterroriste<\/strong> est en charge de l&rsquo;enqu\u00eate, une premi\u00e8re dans une affaire li\u00e9e \u00e0 la mouvance masculiniste. Faire partie de cette mouvance n&rsquo;est pas une infraction terroriste en soi, mais le jeune homme se revendique de cette id\u00e9ologie pour passer \u00e0 l&rsquo;acte.\u00a0<\/p>\n<p class=\"article-p mdl\">Il ne comptait pas s&rsquo;en prendre \u00e0 une femme en particulier, mais \u00e0\u00a0<a class=\"link\" href=\"https:\/\/www.rtl.fr\/actu\/justice-faits-divers\/violences-faites-aux-femmes-feminicides-sante-mentale-3-chiffres-pour-comprendre-l-ampleur-de-ce-fleau-7900444273\" target=\"_blank\" rel=\"noopener\">des femmes de mani\u00e8re indistincte.<\/a>\u00a0De quoi troubler gravement \u00e0 l&rsquo;ordre public par intimidation ou la terreur, ce pourquoi le parquet antiterroriste est comp\u00e9tent. Selon les informations de RTL, il a aussi <strong>lanc\u00e9 des appels \u00e0 passer \u00e0 l&rsquo;acte de mani\u00e8re violente contre toutes les femmes.\u00a0<\/strong><\/p>\n<p>            \u00c0 \u00e9couter \u00e9galement dans ce journal<\/p>\n<p class=\"article-p mdl\"><strong>Intoxications dans l&rsquo;Aisne &#8211;<\/strong> La viande est \u00e0 l&rsquo;origine des graves\u00a0<a class=\"link\" href=\"https:\/\/www.rtl.fr\/actu\/justice-faits-divers\/intoxication-dans-l-aisne-la-viande-est-bien-a-l-origine-des-contaminations-7900520990\" target=\"_blank\" rel=\"noopener\">intoxications alimentaires<\/a>, ont r\u00e9v\u00e9l\u00e9 les r\u00e9sultats d&rsquo;analyse. Un lien formel a \u00e9t\u00e9 \u00e9tabli avec les cinq boucheries de Saint-Quentin ferm\u00e9es par pr\u00e9caution. Trente cas ont \u00e9t\u00e9 recens\u00e9s depuis plus de deux semaines et une petite fille de 11 ans est d\u00e9c\u00e9d\u00e9e.\u00a0<\/p>\n<p class=\"article-p mdl\"><strong>M\u00e9t\u00e9o &#8211;<\/strong> 17 d\u00e9partements restent en\u00a0<a class=\"link\" href=\"https:\/\/www.rtl.fr\/actu\/meteo\/les-infos-de-5h-meteo-la-vigilance-rouge-canicule-levee-17-departements-du-sud-est-toujours-en-orange-7900521032\" target=\"_blank\" rel=\"noopener\">vigilance orange canicule<\/a>, jeudi 3 juillet, dans un gros quart sud-est. 36\u00b0C sont attendus \u00e0 Montpellier et \u00e0 Perpignan, 37\u00b0C \u00e0 Marseille et 33\u00b0C \u00e0 Lyon.\u00a0<\/p>\n<p class=\"article-p mdl\"><strong>Otages fran\u00e7ais en Iran &#8211; <\/strong>C\u00e9cile Kohler et Jacques Paris, les <a class=\"link\" href=\"https:\/\/www.rtl.fr\/actu\/debats-societe\/otages-francais-en-iran-cecile-kohler-et-jacques-paris-inculpes-d-espionnage-pour-le-compte-d-israel-7900521012\" target=\"_blank\" rel=\"noopener\">deux otages fran\u00e7ais<\/a>\u00a0du r\u00e9gime iranien, ont \u00e9t\u00e9 inculp\u00e9s d&rsquo;espionnage pour le compte d&rsquo;Isra\u00ebl et de complot pour renverser le r\u00e9gime. Ces chefs d&rsquo;accusation sont passibles de la peine de mort.\u00a0<\/p>\n<p>    La r\u00e9daction vous recommande<\/p>\n<p class=\"s-newsletter__title\">\n                L\u2019actualit\u00e9 par la r\u00e9daction de RTL dans votre bo\u00eete mail.\n            <\/p>\n<p class=\"s-newsletter__subtitle\">\n                Gr\u00e2ce \u00e0 votre compte RTL abonnez-vous \u00e0 la newsletter RTL info pour suivre toute l&rsquo;actualit\u00e9 au quotidien\n            <\/p>\n<p>\n                                    Lire la suite\n                                <\/p>\n","protected":false},"excerpt":{"rendered":"\u00c0 Saint-Etienne, un jeune homme de 18 ans a \u00e9t\u00e9 mis en examen et incarc\u00e9r\u00e9 mardi 2 juillet.&hellip;\n","protected":false},"author":2,"featured_media":222367,"comment_status":"","ping_status":"","sticky":false,"template":"","format":"standard","meta":{"footnotes":""},"categories":[9653],"tags":[1111,11,4181,5581,2430,271,1777,674,107,1011,27,12,362,25,4001],"class_list":{"0":"post-222366","1":"post","2":"type-post","3":"status-publish","4":"format-standard","5":"has-post-thumbnail","7":"category-saint-etienne","8":"tag-actu","9":"tag-actualites","10":"tag-antiterrorisme","11":"tag-attentat","12":"tag-auvergne-rhone-alpes","13":"tag-crime","14":"tag-eu","15":"tag-europe","16":"tag-fil-info","17":"tag-fr","18":"tag-france","19":"tag-news","20":"tag-replay","21":"tag-republique-francaise","22":"tag-saint-etienne"},"share_on_mastodon":{"url":"https:\/\/pubeurope.com\/@fr\/114787583434305884","error":""},"_links":{"self":[{"href":"https:\/\/www.europesays.com\/fr\/wp-json\/wp\/v2\/posts\/222366","targetHints":{"allow":["GET"]}}],"collection":[{"href":"https:\/\/www.europesays.com\/fr\/wp-json\/wp\/v2\/posts"}],"about":[{"href":"https:\/\/www.europesays.com\/fr\/wp-json\/wp\/v2\/types\/post"}],"author":[{"embeddable":true,"href":"https:\/\/www.europesays.com\/fr\/wp-json\/wp\/v2\/users\/2"}],"replies":[{"embeddable":true,"href":"https:\/\/www.europesays.com\/fr\/wp-json\/wp\/v2\/comments?post=222366"}],"version-history":[{"count":0,"href":"https:\/\/www.europesays.com\/fr\/wp-json\/wp\/v2\/posts\/222366\/revisions"}],"wp:featuredmedia":[{"embeddable":true,"href":"https:\/\/www.europesays.com\/fr\/wp-json\/wp\/v2\/media\/222367"}],"wp:attachment":[{"href":"https:\/\/www.europesays.com\/fr\/wp-json\/wp\/v2\/media?parent=222366"}],"wp:term":[{"taxonomy":"category","embeddable":true,"href":"https:\/\/www.europesays.com\/fr\/wp-json\/wp\/v2\/categories?post=222366"},{"taxonomy":"post_tag","embeddable":true,"href":"https:\/\/www.europesays.com\/fr\/wp-json\/wp\/v2\/tags?post=222366"}],"curies":[{"name":"wp","href":"https:\/\/api.w.org\/{rel}","templated":true}]}}