{"id":222370,"date":"2025-07-03T05:14:15","date_gmt":"2025-07-03T05:14:15","guid":{"rendered":"https:\/\/www.europesays.com\/fr\/222370\/"},"modified":"2025-07-03T05:14:15","modified_gmt":"2025-07-03T05:14:15","slug":"cetait-un-chantier-denvergure-cet-hotel-premium-pour-les-militaires-est-operationnel-a-toulon","status":"publish","type":"post","link":"https:\/\/www.europesays.com\/fr\/222370\/","title":{"rendered":"\u00ab\u00a0C\u2019\u00e9tait un chantier d\u2019envergure\u00a0\u00bb: cet h\u00f4tel \u00ab\u00a0premium\u00a0\u00bb pour les militaires est op\u00e9rationnel \u00e0 Toulon"},"content":{"rendered":"<p>Une v\u00e9ritable transformation. Ce mercredi 2 juillet, lors de l\u2019inauguration, l\u2019ancienne escale Louvois s\u2019est pr\u00e9sent\u00e9e sous un jour nouveau aux yeux des autorit\u00e9s. \u00ab\u00a0Apr\u00e8s avoir bien connu l\u2019escale Louvois, je vois \u00e0 quel point la lumi\u00e8re est bien rentr\u00e9e dans ce b\u00e2timent et combien ce dernier a \u00e9t\u00e9 transform\u00e9\u00a0\u00bb, certifiait d\u2019ailleurs Christophe Lucas, pr\u00e9fet maritime de la M\u00e9diterran\u00e9e.<\/p>\n<p>Le site sorti de terre en 1979, enti\u00e8rement modernis\u00e9, doit permettre d\u2019accueillir et d\u2019accompagner au mieux la communaut\u00e9 militaire et civile de la D\u00e9fense. Il bat d\u00e9sormais pavillon sous le nom d\u2019escale Casabianca (1), un vaisseau compos\u00e9 de deux b\u00e2timents de trois et neuf niveaux, capables d\u2019accueillir plus de 1.300 personnes. Et ce, \u00e0 deux pas de la gare et du centre-ville de Toulon.<\/p>\n<p>\u00ab\u00a0Lieu de vie de coh\u00e9sion et de soutien\u00a0\u00bb<\/p>\n<p>              <img ci-src=\"https:\/\/www.varmatin.com\/urbanisme\/protec\/DATA_ART_15833071-YBbbvII7.jpg?vh=3f039b&amp;ci_seal=b5f03e2176\" alt=\"\"\/><br \/>\n        Le chantier, estim\u00e9 \u00e0 17 millions d\u2019euros, a pris du retard en raison de la d\u00e9fection de prestataires. <\/p>\n<p>Selon Hugues de la Giraudi\u00e8re, directeur g\u00e9n\u00e9ral de l\u2019Igesa, ce nouvel \u00ab\u00a0h\u00f4tel premium\u00a0\u00bb situ\u00e9 \u00ab\u00a0au c\u0153ur de la premi\u00e8re base navale d\u2019Europe\u00a0\u00bb a les atouts pour devenir \u00ab\u00a0un lieu de vie, de coh\u00e9sion et de soutien\u00a0\u00bb de qualit\u00e9 d\u00e9di\u00e9 aux marins, militaires, civils de la D\u00e9fense, \u00e0 leurs familles, ainsi qu\u2019\u00e0 la tenue de divers \u00e9v\u00e8nements.<\/p>\n<p>Depuis fin mai, les usagers peuvent en effet y retrouver cent chambres d\u2019h\u00f4tel, quelques logements et studios, plusieurs bars et restaurants, un espace bien-\u00eatre avec sauna et fitness, quarante places de parking, ainsi que de nombreuses salles de travail et de s\u00e9minaire.<\/p>\n<p>\u00ab\u00a0Cette escale Casabianca est l\u2019une des illustrations les plus frappantes du programme de r\u00e9novation du parc immobilier de l\u2019Igesa\u00a0\u00bb, faisait valoir Christophe Mauriet, secr\u00e9taire g\u00e9n\u00e9ral pour l\u2019administration du minist\u00e8re des Arm\u00e9es. Avant de compl\u00e9ter: \u00ab\u00a0C\u2019est aujourd\u2019hui une fa\u00e7on de r\u00e9installer ce lieu qui a tant de fonctions \u00e0 remplir dans la garnison.\u00a0\u00bb<\/p>\n<p>\u00ab\u00a0Pas un long fleuve tranquille\u00a0\u00bb<\/p>\n<p>              <img ci-src=\"https:\/\/www.varmatin.com\/urbanisme\/protec\/DATA_ART_15833069-3keAfr7T.jpg?vh=00b81f&amp;ci_seal=05ff7f1c1c\" alt=\"\"\/><br \/>\n        Situ\u00e9 entre le parc des Lices, la gare et la pr\u00e9fecture, le Casabianca propose un emplacement central. <\/p>\n<p>Du c\u00f4t\u00e9 du boulevard Louvois, la satisfaction est d\u2019autant plus forte que la coupe du ruban s\u2019est longtemps fait attendre au sein du lieu de vill\u00e9giature. \u00ab\u00a0C\u2019\u00e9tait un chantier d\u2019envergure. Et il n\u2019a pas \u00e9t\u00e9 un long fleuve tranquille\u00a0\u00bb, reconnaissait volontiers Hugues de la Giraudi\u00e8re. Initialement pr\u00e9vue pour fin 2022, la r\u00e9ouverture de l\u2019escale a subi des retards de travaux et les d\u00e9fections de plusieurs prestataires, ce qui explique ce retard de deux ans et demi.<\/p>\n<p>Or, aujourd\u2019hui, apr\u00e8s quatre ans de chantier, l\u2019essentiel est l\u00e0. Le nouvel outil \u00ab\u00a0multifonctionnel\u00a0\u00bb \u00e0 17 millions d\u2019euros est bel et bien op\u00e9rationnel. Et l\u2019Igesa compte \u00e0 pr\u00e9sent accueillir de nombreux passagers dans son beau vaisseau \u00ab\u00a0premium\u00a0\u00bb.<\/p>\n<p>1. En hommage au sous-marin ayant ralli\u00e9 la France libre en 1942.<\/p>\n","protected":false},"excerpt":{"rendered":"Une v\u00e9ritable transformation. Ce mercredi 2 juillet, lors de l\u2019inauguration, l\u2019ancienne escale Louvois s\u2019est pr\u00e9sent\u00e9e sous un jour&hellip;\n","protected":false},"author":2,"featured_media":222371,"comment_status":"","ping_status":"","sticky":false,"template":"","format":"standard","meta":{"footnotes":""},"categories":[9619],"tags":[1111,11,1777,674,1011,27,12,882,25,2310,1352,3366],"class_list":{"0":"post-222370","1":"post","2":"type-post","3":"status-publish","4":"format-standard","5":"has-post-thumbnail","7":"category-toulon","8":"tag-actu","9":"tag-actualites","10":"tag-eu","11":"tag-europe","12":"tag-fr","13":"tag-france","14":"tag-news","15":"tag-provence-alpes-cote-dazur","16":"tag-republique-francaise","17":"tag-toulon","18":"tag-urbanisme","19":"tag-vie-locale"},"share_on_mastodon":{"url":"https:\/\/pubeurope.com\/@fr\/114787599310517395","error":""},"_links":{"self":[{"href":"https:\/\/www.europesays.com\/fr\/wp-json\/wp\/v2\/posts\/222370","targetHints":{"allow":["GET"]}}],"collection":[{"href":"https:\/\/www.europesays.com\/fr\/wp-json\/wp\/v2\/posts"}],"about":[{"href":"https:\/\/www.europesays.com\/fr\/wp-json\/wp\/v2\/types\/post"}],"author":[{"embeddable":true,"href":"https:\/\/www.europesays.com\/fr\/wp-json\/wp\/v2\/users\/2"}],"replies":[{"embeddable":true,"href":"https:\/\/www.europesays.com\/fr\/wp-json\/wp\/v2\/comments?post=222370"}],"version-history":[{"count":0,"href":"https:\/\/www.europesays.com\/fr\/wp-json\/wp\/v2\/posts\/222370\/revisions"}],"wp:featuredmedia":[{"embeddable":true,"href":"https:\/\/www.europesays.com\/fr\/wp-json\/wp\/v2\/media\/222371"}],"wp:attachment":[{"href":"https:\/\/www.europesays.com\/fr\/wp-json\/wp\/v2\/media?parent=222370"}],"wp:term":[{"taxonomy":"category","embeddable":true,"href":"https:\/\/www.europesays.com\/fr\/wp-json\/wp\/v2\/categories?post=222370"},{"taxonomy":"post_tag","embeddable":true,"href":"https:\/\/www.europesays.com\/fr\/wp-json\/wp\/v2\/tags?post=222370"}],"curies":[{"name":"wp","href":"https:\/\/api.w.org\/{rel}","templated":true}]}}