{"id":222376,"date":"2025-07-03T05:17:17","date_gmt":"2025-07-03T05:17:17","guid":{"rendered":"https:\/\/www.europesays.com\/fr\/222376\/"},"modified":"2025-07-03T05:17:17","modified_gmt":"2025-07-03T05:17:17","slug":"a-montpellier-jr-fait-renaitre-le-carre-sainte-anne","status":"publish","type":"post","link":"https:\/\/www.europesays.com\/fr\/222376\/","title":{"rendered":"\u00c0 Montpellier, JR fait rena\u00eetre le Carr\u00e9 Sainte-Anne"},"content":{"rendered":"<p class=\"editor-content__paragraph\">La pierre blonde, immacul\u00e9e, resplendit au soleil. Du haut de ses 69\u00a0m\u00e8tres, le clocher octogonal de<strong> l\u2019ancienne \u00e9glise Sainte-Anne<\/strong> tranche fi\u00e8rement dans le bleu vibrant du ciel. Propre comme un sou neuf, le b\u00e2timent f\u00eate cet \u00e9t\u00e9 sa deuxi\u00e8me renaissance. Car cette belle <strong>\u00e9glise n\u00e9ogothique du XIXe si\u00e8cle<\/strong>, d\u00e9sacralis\u00e9e et restaur\u00e9 \u00e0 la fin des ann\u00e9es 1980\u00a0pour devenir en 1991\u00a0un lieu d\u2019exposition de 700\u00a0m\u00b2 baptis\u00e9 <strong>le Carr\u00e9 Sainte-Anne<\/strong>, vient de rouvrir ses portes<strong> apr\u00e8s sept ans de fermeture.<\/strong><\/p>\n<p class=\"editor-content__paragraph editor-content__paragraph--is-hidden\">Au fil des ans, l\u2019\u00e9difice avait accueilli les \u0153uvres <strong>de nombreux artistes de renomm\u00e9e internationale<\/strong> comme <a href=\"https:\/\/www.beauxarts.com\/grand-format\/jean-michel-othoniel-a-avignon-la-beaute-sauvera-le-monde\/\" target=\"_blank\" rel=\"noopener\">Jean-Michel Othoniel, <\/a> <a href=\"https:\/\/www.beauxarts.com\/expos\/a-bruxelles-la-foret-enchantee-de-joana-vasconcelos-nous-emerveille\/\" target=\"_blank\" rel=\"noopener\">Joana Vasconcelos<\/a>, <a href=\"https:\/\/www.beauxarts.com\/expos\/au-grand-palais-la-magie-de-chiharu-shiota-dans-un-parcours-qui-deroule-le-fil-de-20-ans-de-carriere\/\" target=\"_blank\" rel=\"noopener\">Chiharu Shiota<\/a> et <a href=\"https:\/\/www.beauxarts.com\/expos\/herve-di-rosa-une-figuration-libre-metissee-et-planetaire\/\" target=\"_blank\" rel=\"noopener\">Herv\u00e9 di Rosa<\/a>. Mais en 2017, il avait d\u00fb de nouveau fermer ses portes suite \u00e0 la d\u00e9couverte d\u2019importants probl\u00e8mes structurels <strong>qui le mena\u00e7aient d\u2019effondrement.<\/strong> Au terme d\u2019un long chantier de restauration, le b\u00e2timent a rouvert au public le 27\u00a0mai, avec une nouveaut\u00e9\u00a0: d\u00e9sormais, <strong>les visiteurs peuvent entrer par son porche historique.<\/strong><\/p>\n<p>            <strong>Continuez votre lecture<\/strong><\/p>\n<p>\n                et acc\u00e9dez \u00e0 Beaux Arts Magazine<br \/>et \u00e0 tous les contenus web<br \/><strong>en illimit\u00e9 \u00e0 partir de 5,75\u20ac \/ mois<\/strong>\n            <\/p>\n<p class=\"cta-abonnement__log-in\">\n        D\u00e9j\u00e0 abonn\u00e9 ?        <a data-id=\"aHR0cHM6Ly93d3cuYmVhdXhhcnRzLmNvbS9tb24tY29tcHRlLw==\">Connectez-vous<\/a>\n    <\/p>\n<p>            <img data-vllblanksrc=\"https:\/\/www.beauxarts.com\/expos\/a-montpellier-jr-fait-pousser-un-immense-arbre-de-vie-pour-feter-la-renaissance-du-carre-sainte-anne\/1\" data-vllsrc=\"https:\/\/www.europesays.com\/fr\/wp-content\/uploads\/2025\/06\/couv-bam-493-494-232x300.png\" alt=\"\"\/><img data-vllblanksrc=\"https:\/\/www.beauxarts.com\/expos\/a-montpellier-jr-fait-pousser-un-immense-arbre-de-vie-pour-feter-la-renaissance-du-carre-sainte-anne\/1\" data-vllsrc=\"https:\/\/www.europesays.com\/fr\/wp-content\/uploads\/2025\/05\/couv-bam-492-232x300.png\" alt=\"\"\/>        <\/p>\n","protected":false},"excerpt":{"rendered":"La pierre blonde, immacul\u00e9e, resplendit au soleil. Du haut de ses 69\u00a0m\u00e8tres, le clocher octogonal de l\u2019ancienne \u00e9glise&hellip;\n","protected":false},"author":2,"featured_media":222377,"comment_status":"","ping_status":"","sticky":false,"template":"","format":"standard","meta":{"footnotes":""},"categories":[9599],"tags":[1111,11,1396,36160,1777,674,1011,27,5150,2208,12,2680,25,3899],"class_list":{"0":"post-222376","1":"post","2":"type-post","3":"status-publish","4":"format-standard","5":"has-post-thumbnail","7":"category-montpellier","8":"tag-actu","9":"tag-actualites","10":"tag-art-contemporain","11":"tag-carre-sainte-anne-de-montpellier","12":"tag-eu","13":"tag-europe","14":"tag-fr","15":"tag-france","16":"tag-jr","17":"tag-montpellier","18":"tag-news","19":"tag-occitanie","20":"tag-republique-francaise","21":"tag-sculpture"},"share_on_mastodon":{"url":"https:\/\/pubeurope.com\/@fr\/114787611094889140","error":""},"_links":{"self":[{"href":"https:\/\/www.europesays.com\/fr\/wp-json\/wp\/v2\/posts\/222376","targetHints":{"allow":["GET"]}}],"collection":[{"href":"https:\/\/www.europesays.com\/fr\/wp-json\/wp\/v2\/posts"}],"about":[{"href":"https:\/\/www.europesays.com\/fr\/wp-json\/wp\/v2\/types\/post"}],"author":[{"embeddable":true,"href":"https:\/\/www.europesays.com\/fr\/wp-json\/wp\/v2\/users\/2"}],"replies":[{"embeddable":true,"href":"https:\/\/www.europesays.com\/fr\/wp-json\/wp\/v2\/comments?post=222376"}],"version-history":[{"count":0,"href":"https:\/\/www.europesays.com\/fr\/wp-json\/wp\/v2\/posts\/222376\/revisions"}],"wp:featuredmedia":[{"embeddable":true,"href":"https:\/\/www.europesays.com\/fr\/wp-json\/wp\/v2\/media\/222377"}],"wp:attachment":[{"href":"https:\/\/www.europesays.com\/fr\/wp-json\/wp\/v2\/media?parent=222376"}],"wp:term":[{"taxonomy":"category","embeddable":true,"href":"https:\/\/www.europesays.com\/fr\/wp-json\/wp\/v2\/categories?post=222376"},{"taxonomy":"post_tag","embeddable":true,"href":"https:\/\/www.europesays.com\/fr\/wp-json\/wp\/v2\/tags?post=222376"}],"curies":[{"name":"wp","href":"https:\/\/api.w.org\/{rel}","templated":true}]}}