{"id":222378,"date":"2025-07-03T05:18:11","date_gmt":"2025-07-03T05:18:11","guid":{"rendered":"https:\/\/www.europesays.com\/fr\/222378\/"},"modified":"2025-07-03T05:18:11","modified_gmt":"2025-07-03T05:18:11","slug":"un-cout-astronomique-pour-la-metropole","status":"publish","type":"post","link":"https:\/\/www.europesays.com\/fr\/222378\/","title":{"rendered":"un \u00ab\u2009co\u00fbt astronomique\u2009\u00bb pour la M\u00e9tropole"},"content":{"rendered":"<p>            Par<br \/>\n        <strong><br \/>\n            <a href=\"https:\/\/actu.fr\/auteur\/adrien-filoche\" title=\"Consulter tous les articles de Adrien Filoche\" target=\"_blank\" rel=\"noopener\">Adrien Filoche<\/a><br \/>\n        <\/strong><\/p>\n<p>        Publi\u00e9 le<\/p>\n<p>            3 juil. 2025 \u00e0 6h44        <\/p>\n<p>Fin juin\u00a02025, <a href=\"https:\/\/actu.fr\/normandie\/rouen_76540\/une-dechetterie-aux-sapins-le-maire-de-rouen-met-fin-a-la-rumeur-qui-inquiete-le-club-de-foot_60194431.html\" target=\"_blank\" rel=\"noopener\">la d\u00e9chetterie de Rouen<\/a> a \u00e9t\u00e9 contrainte de refuser les d\u00e9p\u00f4ts de gravats pendant plusieurs jours. Une g\u00eane pour les habitants d\u00e9sireux se rendre en d\u00e9chetterie et qui se voient refuser l\u2019acc\u00e8s, mais qui est en r\u00e9alit\u00e9 <strong>la cons\u00e9quence de l\u2019action d\u2019une poign\u00e9e d\u2019individus<\/strong>, soit pas forc\u00e9ment attentive, soit pas toujours scrupuleuse.<\/p>\n<p class=\" wall-content\">En r\u00e9alit\u00e9, ces fermetures temporaires et exceptionnelles sont li\u00e9es \u00e0 <strong>des d\u00e9chets amiant\u00e9s retrouv\u00e9s en d\u00e9chetterie.<\/strong> Et g\u00e9rer ces d\u00e9p\u00f4ts, qui n\u2019ont pas leur place ici (c\u2019est interdit), cela g\u00e9n\u00e8re chaque ann\u00e9e un <strong>\u00ab\u2009co\u00fbt astronomique\u2009\u00bb<\/strong> \u00e0 la m\u00e9tropole.<\/p>\n<p>\u00ab\u2009Les cons\u00e9quences sont cataclysmiques\u2009\u00bb<\/p>\n<p class=\" wall-content\">\u00ab\u2009Quand il y a une suspicion d\u2019amiante en d\u00e9chetterie, le d\u00e9chet suspect doit \u00eatre extrait, puis envoy\u00e9 dans un centre de d\u00e9pollution\u2009\u00bb, pr\u00e9cise<strong> Olivier Gr\u00e9goris<\/strong>, le directeur de la ma\u00eetrise des d\u00e9chets pour la M\u00e9tropole de Rouen. C\u2019est toute une cha\u00eene logistique qui se met en marche.<\/p>\n<p class=\" wall-content\">Ainsi, plusieurs caissons circulent entre les d\u00e9chetteries et le centre de d\u00e9pollution. Sauf que quand il n\u2019y en a plus de disponibles ou bien que les op\u00e9rations de d\u00e9pollution sont en attente, <strong>c\u2019est toute la cha\u00eene qui est paralys\u00e9e.<\/strong> Lorsque c\u2019est le cas, \u00ab\u2009on ne peut plus accueillir de gravats en d\u00e9chetterie. Cela peut arriver plusieurs fois par an\u2009\u00bb, poursuit Olivier Gr\u00e9goris.<\/p>\n<p>L&rsquo;apport d&rsquo;amiante est strictement interdit en d\u00e9chetterie<\/p>\n<p>Sur son site, la Ville de Rouen rappelle : \u00ab\u00a0L&rsquo;apport d&rsquo;amiante est strictement interdit en d\u00e9chetterie. Cette interdiction n&rsquo;est pas une simple formalit\u00e9, elle est fondamentale pour garantir la s\u00e9curit\u00e9 de chacun. Manipul\u00e9 sans pr\u00e9caution, l\u2019amiante peut menacer gravement la sant\u00e9 des usagers, des gardiens de d\u00e9chetteries, des chauffeurs assurant les transports et des agents accueillant les gravats pour le recyclage final.\u00a0\u00bb<br \/>\u00ab\u00a0Au-del\u00e0 des risques sanitaires, la pr\u00e9sence d&rsquo;amiante dans les bennes de d\u00e9chetteries perturbe r\u00e9guli\u00e8rement la collecte des gravats et entra\u00eene la mise en place de dispositifs logistiques de d\u00e9pollution sp\u00e9cifiques et co\u00fbteux.\u00a0\u00bb<\/p>\n<p class=\" wall-content\">D\u00e8s l\u2019arriv\u00e9e du printemps et de l\u2019\u00e9t\u00e9, <strong>p\u00e9riode plus propice aux travaux<\/strong>, les d\u00e9p\u00f4ts de gravats sont plus importants, donc les risques de retrouver de l\u2019amiante \u00e9galement. \u00ab\u2009Cela peut \u00eatre fait par n\u00e9gligence ou par m\u00e9connaissance, et c\u2019est dommage\u2009\u00bb, d\u00e9plore Olivier Gr\u00e9goris, sans pointer du doigt certains \u2014 on l\u2019esp\u00e8re, une minorit\u00e9 \u2014 qui pourraient le faire en toute impunit\u00e9.<\/p>\n<p class=\" wall-content\">Le probl\u00e8me, c\u2019est que cette \u00ab\u2009n\u00e9gligence\u2009\u00bb ou cette \u00ab\u2009m\u00e9connaissance\u2009\u00bb, elle g\u00e9n\u00e8re <strong>des d\u00e9penses importantes pour la collectivit\u00e9.<\/strong> \u00ab\u2009Les cons\u00e9quences sont cataclysmiques\u2009\u00bb, pr\u00e9sente Olivier Gr\u00e9goris. Selon lui, g\u00e9rer les d\u00e9chets amiant\u00e9s retrouv\u00e9s en d\u00e9chetterie co\u00fbte 300\u2009000\u00a0euros par an \u00e0 la M\u00e9tropole.<\/p>\n<p>Un service d\u00e9di\u00e9 \u00e0 la collecte de d\u00e9chets amiant\u00e9s<\/p>\n<p class=\" wall-content\">Le plus frustrant, comme Olivier Gr\u00e9goris le rappelle, c\u2019est que la M\u00e9tropole a pourtant mis en place <strong>un service sp\u00e9cifique de la gestion des d\u00e9chets amiant\u00e9s<\/strong> pour les particuliers.<\/p>\n<p class=\" wall-content\">\u00ab\u2009Il suffit d\u2019appeler un num\u00e9ro (0800 021\u2009021) et les services de la m\u00e9tropole se d\u00e9placent. Un agent de la m\u00e9tropole donne les consignes et vient fournir des sacs pour contenir les d\u00e9chets amiant\u00e9s\u2009\u00bb, poursuit le directeur de la ma\u00eetrise des d\u00e9chets.<\/p>\n<p class=\" wall-content\">Ainsi, les particuliers, \u00ab\u2009ne payent ni le traitement, ni le transport\u2009\u00bb, mais simplement un forfait \u00e0 partir de 22,44\u00a0euros, \u00e9volutif selon la quantit\u00e9 des d\u00e9chets.<\/p>\n<blockquote class=\"ac-article-quote wall-content\">\n<p>Une fois les sacs remplis, on donne un rendez-vous. Ils sont organis\u00e9s r\u00e9guli\u00e8rement les samedis, au centre technique des collectes de la M\u00e9tropole \u00e0 Petit-Quevilly.<\/p>\n<p>    <strong>Olivier Gr\u00e9goris,<\/strong><br \/>\n        directeur de la ma\u00eetrise des d\u00e9chets de la M\u00e9tropole de Rouen.    <\/p><\/blockquote>\n<p class=\" wall-content\">\u00ab\u2009C\u2019est dommage de voir des d\u00e9chets amiant\u00e9s en d\u00e9chetterie, alors que la m\u00e9tropole \u00e0 un service d\u00e9di\u00e9 au traitement. On pourrait facilement<strong> \u00e9viter ces d\u00e9penses astronomiques<\/strong> pour la collectivit\u00e9\u2009\u00bb, compl\u00e8te-t-il.<\/p>\n<p><a href=\"https:\/\/rouen.fr\/breve\/2025\/06\/amiante-un-nouveau-service-metropole\" target=\"_blank\" rel=\"noopener\">Le nouveau service d\u2019amiante de la M\u00e9tropole de Rouen<\/a>Suivez l\u2019actualit\u00e9 de Rouen sur <a href=\"https:\/\/www.whatsapp.com\/channel\/0029VaKfnf99hXF2ddApFB1D\" target=\"_blank\" rel=\"noopener\">notre cha\u00eene WhatsApp<\/a> et sur <a href=\"https:\/\/www.tiktok.com\/@76actu.fr?lang=fr\" target=\"_blank\" rel=\"noopener\">notre compte TikTok<\/a><\/p>\n<p class=\" wall-content\">Suivez toute l\u2019actualit\u00e9 de vos villes et m\u00e9dias favoris en vous inscrivant \u00e0 <a href=\"https:\/\/moncompte.actu.fr\" title=\"D\u00e9couvez Mon Actu\" rel=\"nofollow noopener\" data-trk=\"{&quot;cta&quot;:{&quot;action&quot;:&quot;https:\\\/\\\/moncompte.actu.fr&quot;,&quot;category&quot;:&quot;mon compte&quot;,&quot;from&quot;:&quot;article footer&quot;,&quot;name&quot;:&quot;Mon actu&quot;,&quot;type&quot;:&quot;cta&quot;}}\" target=\"_blank\">Mon Actu<\/a>.<\/p>\n<ul class=\"ac-article-tag wall-content\">\n<li><a href=\"https:\/\/actu.fr\/tag\/dechets\" data-trk=\"{&quot;cta&quot;:{&quot;action&quot;:&quot;D\\u00e9chets&quot;,&quot;category&quot;:&quot;tag&quot;,&quot;from&quot;:&quot;article footer&quot;,&quot;name&quot;:&quot;D\\u00e9chets&quot;,&quot;type&quot;:&quot;cta&quot;}}\" target=\"_blank\" rel=\"noopener\">#D\u00e9chets<\/a><\/li>\n<li><a href=\"https:\/\/actu.fr\/tag\/metropole-rouen\" data-trk=\"{&quot;cta&quot;:{&quot;action&quot;:&quot;M\\u00e9tropole Rouen&quot;,&quot;category&quot;:&quot;tag&quot;,&quot;from&quot;:&quot;article footer&quot;,&quot;name&quot;:&quot;M\\u00e9tropole Rouen&quot;,&quot;type&quot;:&quot;cta&quot;}}\" target=\"_blank\" rel=\"noopener\">#M\u00e9tropole Rouen<\/a><\/li>\n<\/ul>\n<p>                    <script async src=\"\/\/www.tiktok.com\/embed.js\"><\/script><\/p>\n","protected":false},"excerpt":{"rendered":"Par Adrien Filoche Publi\u00e9 le 3 juil. 2025 \u00e0 6h44 Fin juin\u00a02025, la d\u00e9chetterie de Rouen a \u00e9t\u00e9&hellip;\n","protected":false},"author":2,"featured_media":222379,"comment_status":"","ping_status":"","sticky":false,"template":"","format":"standard","meta":{"footnotes":""},"categories":[9587],"tags":[1111,11,3008,1777,674,1011,27,9725,12,5161,25,9590,104],"class_list":{"0":"post-222378","1":"post","2":"type-post","3":"status-publish","4":"format-standard","5":"has-post-thumbnail","7":"category-rouen","8":"tag-actu","9":"tag-actualites","10":"tag-dechets","11":"tag-eu","12":"tag-europe","13":"tag-fr","14":"tag-france","15":"tag-metropole-rouen","16":"tag-news","17":"tag-normandie","18":"tag-republique-francaise","19":"tag-rouen","20":"tag-societe"},"share_on_mastodon":{"url":"https:\/\/pubeurope.com\/@fr\/114787614930396788","error":""},"_links":{"self":[{"href":"https:\/\/www.europesays.com\/fr\/wp-json\/wp\/v2\/posts\/222378","targetHints":{"allow":["GET"]}}],"collection":[{"href":"https:\/\/www.europesays.com\/fr\/wp-json\/wp\/v2\/posts"}],"about":[{"href":"https:\/\/www.europesays.com\/fr\/wp-json\/wp\/v2\/types\/post"}],"author":[{"embeddable":true,"href":"https:\/\/www.europesays.com\/fr\/wp-json\/wp\/v2\/users\/2"}],"replies":[{"embeddable":true,"href":"https:\/\/www.europesays.com\/fr\/wp-json\/wp\/v2\/comments?post=222378"}],"version-history":[{"count":0,"href":"https:\/\/www.europesays.com\/fr\/wp-json\/wp\/v2\/posts\/222378\/revisions"}],"wp:featuredmedia":[{"embeddable":true,"href":"https:\/\/www.europesays.com\/fr\/wp-json\/wp\/v2\/media\/222379"}],"wp:attachment":[{"href":"https:\/\/www.europesays.com\/fr\/wp-json\/wp\/v2\/media?parent=222378"}],"wp:term":[{"taxonomy":"category","embeddable":true,"href":"https:\/\/www.europesays.com\/fr\/wp-json\/wp\/v2\/categories?post=222378"},{"taxonomy":"post_tag","embeddable":true,"href":"https:\/\/www.europesays.com\/fr\/wp-json\/wp\/v2\/tags?post=222378"}],"curies":[{"name":"wp","href":"https:\/\/api.w.org\/{rel}","templated":true}]}}