{"id":222380,"date":"2025-07-03T05:21:11","date_gmt":"2025-07-03T05:21:11","guid":{"rendered":"https:\/\/www.europesays.com\/fr\/222380\/"},"modified":"2025-07-03T05:21:11","modified_gmt":"2025-07-03T05:21:11","slug":"isere-les-chiffres-inquietants-de-la-violence-pres-des-etablissements-scolaires-reveles","status":"publish","type":"post","link":"https:\/\/www.europesays.com\/fr\/222380\/","title":{"rendered":"Is\u00e8re. Les chiffres inqui\u00e9tants de la violence pr\u00e8s des \u00e9tablissements scolaires r\u00e9v\u00e9l\u00e9s"},"content":{"rendered":"<p>            Par<br \/>\n        <strong><br \/>\n            <a href=\"https:\/\/actu.fr\/auteur\/lisa-rodrigues\" title=\"Consulter tous les articles de Lisa Rodrigues\" target=\"_blank\" rel=\"noopener\">Lisa Rodrigues<\/a><br \/>\n        <\/strong><\/p>\n<p>        Publi\u00e9 le<\/p>\n<p>            3 juil. 2025 \u00e0 6h16        <\/p>\n<p><img decoding=\"async\" loading=\"lazy\" src=\"https:\/\/www.europesays.com\/fr\/wp-content\/uploads\/2025\/07\/controles-police-ecoles-isere-960x640.jpg\" alt=\"Les faits de violence impliquant des mineurs avec des armes blanches aux abords des \u00e9tablissements scolaires sont en augmentation, selon les chiffres communiqu\u00e9s par la police nationale de l'Is\u00e8re.\" width=\"960\" height=\"640\"\/>Les faits de violence impliquant des mineurs avec des armes blanches aux abords des \u00e9tablissements scolaires sont en augmentation, selon les chiffres communiqu\u00e9s par la police nationale de l\u2019Is\u00e8re. (\u00a9Pr\u00e9f\u00e8te de l\u2019Is\u00e8re \u2013 X)<\/p>\n<p class=\" wall-content\">Cela a \u00e9t\u00e9 communiqu\u00e9 par le directeur d\u00e9partemental de la police nationale en personne, J\u00e9r\u00f4me Chappa, lors d\u2019une conf\u00e9rence de presse concernant <a href=\"https:\/\/actu.fr\/auvergne-rhone-alpes\/echirolles_38151\/grenoble-un-jeune-de-17-ans-poignarde-devant-son-lycee-une-histoire-de-vengeance-brutale_62770077.html\" target=\"_blank\" rel=\"noopener\">l\u2019agression au couteau<\/a> d\u2019un lyc\u00e9en devant son \u00e9tablissement scolaire \u00e0 \u00c9chirolles, le 17 avril 2025.<br \/>Les actes de violences impliquant de (tr\u00e8s) jeunes gens sur la M\u00e9tropole de <a href=\"https:\/\/actu.fr\/auvergne-rhone-alpes\/grenoble_38185\" target=\"_blank\" rel=\"noopener\">Grenoble<\/a> sont r\u00e9guli\u00e8rement relay\u00e9s dans la presse, une tendance confirm\u00e9e par les chiffres de la Direction interd\u00e9partementale de la police nationale. \u00ab\u00a0Nous constatons une <strong>hausse des faits de d\u00e9linquance de la part des mineurs<\/strong>\u00ab\u00a0, commence le patron de la police is\u00e9roise.<\/p>\n<p class=\" wall-content\">Avec notamment \u00ab\u00a0depuis le d\u00e9but de l\u2019ann\u00e9e, environ <strong>250 faits de violence<\/strong> dans et aux abords des \u00e9tablissements scolaires\u00a0\u00bb comptabilis\u00e9s. Un chiffre qui interpelle, alors la question de la violence en milieu scolaire a ressurgi dans l\u2019actualit\u00e9 avec la <a href=\"https:\/\/actu.fr\/grand-est\/nogent_52353\/haute-marne-agressee-au-couteau-par-un-collegien-la-surveillante-de-31-ans-est-decedee_62750297.html\" target=\"_blank\" rel=\"noopener\">mort d\u2019une surveillante en Haute-Marne<\/a> le 10 juin dernier, poignard\u00e9e par un \u00e9l\u00e8ve.<\/p>\n<p>Des contr\u00f4les de police aux abords des \u00e9tablissements scolaires<\/p>\n<p class=\" wall-content\">Une partie non n\u00e9gligeable de ces faits de violence implique <strong>l\u2019utilisation d\u2019armes blanches<\/strong> par des mineurs.<\/p>\n<p class=\" wall-content\">Face \u00e0 ce ph\u00e9nom\u00e8ne et en concertation avec les services de l\u2019\u00c9tat, la police nationale a mis en place \u00ab\u00a0de multiples op\u00e9rations de <strong>contr\u00f4les des sacs<\/strong> aux abords des \u00e9tablissements scolaires\u00a0\u00bb is\u00e9rois, indique la DIPN \u00e0 <a href=\"https:\/\/actu.fr\/grenoble\/\" target=\"_blank\" rel=\"noopener\">actu Grenoble<\/a>. Des \u00ab\u00a0patrouilles r\u00e9guli\u00e8res\u00a0\u00bb ont \u00e9galement \u00e9t\u00e9 organis\u00e9es au moment des entr\u00e9es et sorties de cours.<\/p>\n<p class=\" wall-content\">De leur c\u00f4t\u00e9, les services du rectorat pr\u00e9cisent que les \u00ab\u00a0250 incidents mentionn\u00e9s concernent l\u2019ensemble du d\u00e9partement et ne sont pas n\u00e9cessairement li\u00e9s aux \u00e9tablissements scolaires\u00a0\u00bb en soi. Mais ils reconnaissent que \u00ab\u00a0cette probl\u00e9matique de la violence chez les jeunes\u00a0\u00bb est bien \u00ab\u00a0<strong>susceptible d\u2019affecter les \u00e9tablissements scolaires<\/strong>\u00ab\u00a0.<\/p>\n<p>Un marteau brise vitre retrouv\u00e9 dans un sac<\/p>\n<p class=\" wall-content\">Concernant les contr\u00f4les aux abords des \u00e9tablissements scolaires, en vigueur depuis le 26 mars 2025, peu d\u2019armes ont \u00e9t\u00e9 retrouv\u00e9es en Is\u00e8re, assure le parquet de Grenoble.<\/p>\n<p class=\" wall-content\">\u00ab\u00a0Sur trois contr\u00f4les r\u00e9cents effectu\u00e9s, seul un marteau brise-vitre a \u00e9t\u00e9 retrouv\u00e9 dans un sac\u00a0\u00bb, a affirm\u00e9 \u00e0 la mi-juin le procureur de la R\u00e9publique, <a href=\"https:\/\/actu.fr\/auvergne-rhone-alpes\/grenoble_38185\/grenoble-qui-est-le-nouveau-procureur-de-la-republique-de-grenoble-tout-juste-nomme_62495537.html\" target=\"_blank\" rel=\"noopener\">\u00c9tienne Manteaux<\/a>.<\/p>\n<p class=\" wall-content\">\n<p class=\" wall-content\">\u00ab\u00a0Au sein des \u00e9tablissements, des mesures disciplinaires syst\u00e9matiques et des signalements au procureur sont appliqu\u00e9s pour tout \u00e9l\u00e8ve introduisant\u00a0\u00bb des armes blanches \u00e0 l\u2019\u00e9cole, ajoutent les services du rectorat.<\/p>\n<p>Les mesures mises en place par le rectorat<\/p>\n<p class=\" wall-content\">L\u2019\u00c9ducation nationale tente aussi de lutter \u00ab\u00a0contre toutes les formes de violence\u00a0\u00bb, avec des r\u00e9f\u00e9rents au sein de chaque \u00e9tablissement sp\u00e9cialis\u00e9s dans diverses probl\u00e9matiques. Une <strong>\u00e9quipe mobile de s\u00e9curit\u00e9<\/strong> est \u00e9galement d\u00e9ploy\u00e9e dans l\u2019acad\u00e9mie \u00ab\u00a0pour renforcer la s\u00e9curit\u00e9 et fournir un accompagnement adapt\u00e9\u00a0\u00bb aux \u00e9tablissements.<\/p>\n<p class=\" wall-content\">C\u00f4t\u00e9 pr\u00e9vention, la formation des personnels et enseignants pour rep\u00e9rer et prendre en charge les \u00ab\u00a0\u00e9l\u00e8ves pouvant avoir des probl\u00e8mes psychologiques et psychiatriques\u00a0\u00bb se poursuit.<\/p>\n<p class=\" wall-content\">Enfin, la g\u00e9n\u00e9ralisation de <a href=\"https:\/\/actu.fr\/societe\/telephones-interdits-au-college-mais-pourquoi-on-n-utilise-pas-plutot-des-brouilleurs-d-ondes_61561023.html\" target=\"_blank\" rel=\"noopener\">l\u2019interdiction du portable dans les coll\u00e8ges<\/a> est aussi pr\u00e9sent\u00e9e comme une mesure pour limiter les \u00ab\u00a0effets sur le comportement et la sant\u00e9 mentale des \u00e9l\u00e8ves\u00a0\u00bb. \u00ab\u00a0Au sein de l\u2019acad\u00e9mie de Grenoble, cette mesure sera effective d\u00e8s la rentr\u00e9e 2025-2026 dans tous les coll\u00e8ges de l\u2019Ard\u00e8che\u00a0\u00bb, pr\u00e9cise le rectorat.<\/p>\n<p class=\" wall-content\">Suivez toute l\u2019actualit\u00e9 de vos villes et m\u00e9dias favoris en vous inscrivant \u00e0 <a href=\"https:\/\/moncompte.actu.fr\" title=\"D\u00e9couvez Mon Actu\" rel=\"nofollow noopener\" data-trk=\"{&quot;cta&quot;:{&quot;action&quot;:&quot;https:\\\/\\\/moncompte.actu.fr&quot;,&quot;category&quot;:&quot;mon compte&quot;,&quot;from&quot;:&quot;article footer&quot;,&quot;name&quot;:&quot;Mon actu&quot;,&quot;type&quot;:&quot;cta&quot;}}\" target=\"_blank\">Mon Actu<\/a>.<\/p>\n","protected":false},"excerpt":{"rendered":"Par Lisa Rodrigues Publi\u00e9 le 3 juil. 2025 \u00e0 6h16 Les faits de violence impliquant des mineurs avec&hellip;\n","protected":false},"author":2,"featured_media":222381,"comment_status":"","ping_status":"","sticky":false,"template":"","format":"standard","meta":{"footnotes":""},"categories":[9566],"tags":[1111,11,2430,4019,1057,1777,674,1011,27,2731,12,1072,25,104],"class_list":{"0":"post-222380","1":"post","2":"type-post","3":"status-publish","4":"format-standard","5":"has-post-thumbnail","7":"category-grenoble","8":"tag-actu","9":"tag-actualites","10":"tag-auvergne-rhone-alpes","11":"tag-ecoles","12":"tag-education","13":"tag-eu","14":"tag-europe","15":"tag-fr","16":"tag-france","17":"tag-grenoble","18":"tag-news","19":"tag-police","20":"tag-republique-francaise","21":"tag-societe"},"share_on_mastodon":{"url":"https:\/\/pubeurope.com\/@fr\/114787626911197635","error":""},"_links":{"self":[{"href":"https:\/\/www.europesays.com\/fr\/wp-json\/wp\/v2\/posts\/222380","targetHints":{"allow":["GET"]}}],"collection":[{"href":"https:\/\/www.europesays.com\/fr\/wp-json\/wp\/v2\/posts"}],"about":[{"href":"https:\/\/www.europesays.com\/fr\/wp-json\/wp\/v2\/types\/post"}],"author":[{"embeddable":true,"href":"https:\/\/www.europesays.com\/fr\/wp-json\/wp\/v2\/users\/2"}],"replies":[{"embeddable":true,"href":"https:\/\/www.europesays.com\/fr\/wp-json\/wp\/v2\/comments?post=222380"}],"version-history":[{"count":0,"href":"https:\/\/www.europesays.com\/fr\/wp-json\/wp\/v2\/posts\/222380\/revisions"}],"wp:featuredmedia":[{"embeddable":true,"href":"https:\/\/www.europesays.com\/fr\/wp-json\/wp\/v2\/media\/222381"}],"wp:attachment":[{"href":"https:\/\/www.europesays.com\/fr\/wp-json\/wp\/v2\/media?parent=222380"}],"wp:term":[{"taxonomy":"category","embeddable":true,"href":"https:\/\/www.europesays.com\/fr\/wp-json\/wp\/v2\/categories?post=222380"},{"taxonomy":"post_tag","embeddable":true,"href":"https:\/\/www.europesays.com\/fr\/wp-json\/wp\/v2\/tags?post=222380"}],"curies":[{"name":"wp","href":"https:\/\/api.w.org\/{rel}","templated":true}]}}