{"id":222382,"date":"2025-07-03T05:22:14","date_gmt":"2025-07-03T05:22:14","guid":{"rendered":"https:\/\/www.europesays.com\/fr\/222382\/"},"modified":"2025-07-03T05:22:14","modified_gmt":"2025-07-03T05:22:14","slug":"le-grenoble-foot-38-se-separe-de-cinq-joueurs-en-fin-de-contrat","status":"publish","type":"post","link":"https:\/\/www.europesays.com\/fr\/222382\/","title":{"rendered":"le Grenoble Foot 38 se s\u00e9pare de cinq joueurs en fin de contrat !"},"content":{"rendered":"<p itemprop=\"description\"><strong>Cinq joueurs viennent de quitter le GF38, libres de tout contrat.<\/strong><\/p>\n<p>Depuis ce lundi 30 juin, les joueurs en fin de contrat peuvent s\u2019engager o\u00f9 ils le souhaitent. En Ligue 1, nous avons d\u2019ailleurs d\u00e9j\u00e0 vu la signature d\u2019Alexandre Lacazette (ex-OL) en Arabie saoudite, mardi soir. Et le GF38 ne va pas y \u00e9chapper.<\/p>\n<p>Ce mercredi, cinq joueurs ont quitt\u00e9 la capitale is\u00e9roise. Il s\u2019agit des milieux Dante Rigo (au club depuis 2023), Nolan Mbemba (depuis 2024) et Saikou Touray (depuis 2022), du d\u00e9fenseur central Mamadou Diarra (depuis 2022), ainsi que du lat\u00e9ral Arial Mendy (depuis 2023).<\/p>\n<p>\u00ab\u00a0Un grand merci pour leur implication et leur professionnalisme durant leur aventure grenobloise\u00a0\u00bb, a d\u00e9clar\u00e9 le Grenoble Foot 38 dans un communiqu\u00e9.<\/p>\n<p>D\u00e9sormais, les dirigeants grenoblois vont devoir recruter intelligemment pour pouvoir combler ces d\u00e9parts. Et surtout, dans le but de permettre au club de se sortir du ventre mou du championnat de Ligue 2.<\/p>\n<blockquote class=\"twitter-tweet\"><p>&#13;<\/p>\n<p dir=\"ltr\" lang=\"fr\">Le GF38 annonce le d\u00e9part de 5 joueurs en fin de contrat :<\/p>\n<p>&#8211; Dante Rigo<br \/>&#8211; Mamadou DIarra<br \/>&#8211; Nolan Mbemba<br \/>&#8211; Saikou Touray<br \/>&#8211; Arial Mendy<\/p>\n<p>Un grand merci pour leur implication et leur professionnalisme durant leur aventure Grenobbloise\ud83e\udd1d <a href=\"https:\/\/t.co\/dX3K1uUiiq\">pic.twitter.com\/dX3K1uUiiq<\/a><\/p>\n<p>&#13;<br \/>\n\u2014 Grenoble Foot 38 (@GF38_Officiel) <a href=\"https:\/\/twitter.com\/GF38_Officiel\/status\/1940341098544775630?ref_src=twsrc%5Etfw\" target=\"_blank\" rel=\"noopener\">July 2, 2025<\/a><\/p><\/blockquote>\n<p>\t\t\t\t\t\t\t\t\t\t\t\t\t\t\t\t\t\t\t<script async src=\"https:\/\/platform.twitter.com\/widgets.js\" charset=\"utf-8\"><\/script><\/p>\n","protected":false},"excerpt":{"rendered":"Cinq joueurs viennent de quitter le GF38, libres de tout contrat. Depuis ce lundi 30 juin, les joueurs&hellip;\n","protected":false},"author":2,"featured_media":222383,"comment_status":"","ping_status":"","sticky":false,"template":"","format":"standard","meta":{"footnotes":""},"categories":[9566],"tags":[1111,11,7733,8279,2430,7736,650,7734,2889,2263,1777,674,1011,27,2731,8280,6417,1114,108,4662,12,3725,1825,25,7737],"class_list":{"0":"post-222382","1":"post","2":"type-post","3":"status-publish","4":"format-standard","5":"has-post-thumbnail","7":"category-grenoble","8":"tag-actu","9":"tag-actualites","10":"tag-alpes","11":"tag-alpes1","12":"tag-auvergne-rhone-alpes","13":"tag-cds","14":"tag-cinema","15":"tag-ecoute","16":"tag-emission","17":"tag-equipe","18":"tag-eu","19":"tag-europe","20":"tag-fr","21":"tag-france","22":"tag-grenoble","23":"tag-haute","24":"tag-information","25":"tag-infos","26":"tag-isere","27":"tag-journal","28":"tag-news","29":"tag-podcast","30":"tag-radio","31":"tag-republique-francaise","32":"tag-winamp"},"share_on_mastodon":{"url":"https:\/\/pubeurope.com\/@fr\/114787630666087193","error":""},"_links":{"self":[{"href":"https:\/\/www.europesays.com\/fr\/wp-json\/wp\/v2\/posts\/222382","targetHints":{"allow":["GET"]}}],"collection":[{"href":"https:\/\/www.europesays.com\/fr\/wp-json\/wp\/v2\/posts"}],"about":[{"href":"https:\/\/www.europesays.com\/fr\/wp-json\/wp\/v2\/types\/post"}],"author":[{"embeddable":true,"href":"https:\/\/www.europesays.com\/fr\/wp-json\/wp\/v2\/users\/2"}],"replies":[{"embeddable":true,"href":"https:\/\/www.europesays.com\/fr\/wp-json\/wp\/v2\/comments?post=222382"}],"version-history":[{"count":0,"href":"https:\/\/www.europesays.com\/fr\/wp-json\/wp\/v2\/posts\/222382\/revisions"}],"wp:featuredmedia":[{"embeddable":true,"href":"https:\/\/www.europesays.com\/fr\/wp-json\/wp\/v2\/media\/222383"}],"wp:attachment":[{"href":"https:\/\/www.europesays.com\/fr\/wp-json\/wp\/v2\/media?parent=222382"}],"wp:term":[{"taxonomy":"category","embeddable":true,"href":"https:\/\/www.europesays.com\/fr\/wp-json\/wp\/v2\/categories?post=222382"},{"taxonomy":"post_tag","embeddable":true,"href":"https:\/\/www.europesays.com\/fr\/wp-json\/wp\/v2\/tags?post=222382"}],"curies":[{"name":"wp","href":"https:\/\/api.w.org\/{rel}","templated":true}]}}