{"id":222384,"date":"2025-07-03T05:23:14","date_gmt":"2025-07-03T05:23:14","guid":{"rendered":"https:\/\/www.europesays.com\/fr\/222384\/"},"modified":"2025-07-03T05:23:14","modified_gmt":"2025-07-03T05:23:14","slug":"un-nouvel-open-air-va-se-derouler-aux-prairies-saint-martin-cet-ete","status":"publish","type":"post","link":"https:\/\/www.europesays.com\/fr\/222384\/","title":{"rendered":"un nouvel open air va se d\u00e9rouler aux prairies Saint-Martin cet \u00e9t\u00e9"},"content":{"rendered":"<p>            Par<br \/>\n        <strong><br \/>\n            <a href=\"https:\/\/actu.fr\/auteur\/laurene-fertin\" title=\"Consulter tous les articles de Laur\u00e8ne Fertin\" rel=\"nofollow noopener\" target=\"_blank\">Laur\u00e8ne Fertin<\/a><br \/>\n        <\/strong><\/p>\n<p>        Publi\u00e9 le<\/p>\n<p>            3 juil. 2025 \u00e0 6h32        <\/p>\n<p>C\u2019est <strong>une premi\u00e8re \u00e9dition<\/strong>. Aux prairies Saint-Martin, \u00e0 Rennes, <strong>un tout nouvel open air<\/strong> va se d\u00e9rouler de 10h \u00e0 22h\u2009: <strong>le Roazhon Fest<\/strong>.<\/p>\n<p class=\" wall-content\"><strong>Vendredi 15\u00a0ao\u00fbt<\/strong>, l\u2019association Roazhon Fusion donne rendez-vous aux amateurs (rices) de festivit\u00e9s en plein air avec un riche programme.<\/p>\n<p>\u00ab\u2009Une journ\u00e9e festive, sportive et culturelle\u2009\u00bb<\/p>\n<p class=\" wall-content\">Cette journ\u00e9e sera ouverte \u00e0 tous et toutes<strong> \u00ab\u2009pour c\u00e9l\u00e9brer la convivialit\u00e9 et la diversit\u00e9<\/strong> dans un cadre exceptionnel\u2009\u00bb, indique l\u2019association.<\/p>\n<p class=\" wall-content\">\u00ab\u2009Festive, sportive et culturelle\u2009\u00bb, les visiteurs (ses) pourront participer \u00e0 des tournois de <strong>palets<\/strong> bretons et de <strong>p\u00e9tanque,<\/strong> et d\u00e9couvrir des <strong>jeux traditionnels.<\/strong><\/p>\n<p class=\" wall-content\">D\u00e8s 18h et jusqu\u2019\u00e0 23h, <strong>les DJs<\/strong> seront \u00e0 l\u2019honneur pour passer du son avec Poppy TIme, Bou ou encore DJ Freshhh.<\/p>\n<p>Vid\u00e9os : en ce moment sur ActuUn open air gratuit<\/p>\n<p class=\" wall-content\">Pour acc\u00e9der au Roazhon Fest, c\u2019est <strong>gratuit.<\/strong> Toutes les animations seront en libre acc\u00e8s, ainsi que l\u2019espace d\u00e9tente et les concerts.<\/p>\n<p class=\" wall-content\"><strong>Une participation financi\u00e8re<\/strong> est toutefois demand\u00e9e, pr\u00e9cisent les organisateurs (rices) pour <strong>certaines activit\u00e9s sportives<\/strong> \u00e0 l\u2019image des tournois de palets et de p\u00e9tanque (10\u00a0euros).<\/p>\n<p>Roazhon Fest, vendredi 15\u00a0ao\u00fbt 2025 aux prairies Saint-Martin, \u00e0 Rennes, de 18h \u00e0 23h. Entr\u00e9e libre et gratuite. Foodtrucks et buvettes sur place.<\/p>\n<p class=\" wall-content\">Suivez toute l\u2019actualit\u00e9 de vos villes et m\u00e9dias favoris en vous inscrivant \u00e0 <a href=\"https:\/\/moncompte.actu.fr\" title=\"D\u00e9couvez Mon Actu\" rel=\"nofollow noopener\" data-trk=\"{&quot;cta&quot;:{&quot;action&quot;:&quot;https:\\\/\\\/moncompte.actu.fr&quot;,&quot;category&quot;:&quot;mon compte&quot;,&quot;from&quot;:&quot;article footer&quot;,&quot;name&quot;:&quot;Mon actu&quot;,&quot;type&quot;:&quot;cta&quot;}}\" target=\"_blank\">Mon Actu<\/a>.<\/p>\n","protected":false},"excerpt":{"rendered":"Par Laur\u00e8ne Fertin Publi\u00e9 le 3 juil. 2025 \u00e0 6h32 C\u2019est une premi\u00e8re \u00e9dition. Aux prairies Saint-Martin, \u00e0&hellip;\n","protected":false},"author":2,"featured_media":222385,"comment_status":"","ping_status":"","sticky":false,"template":"","format":"standard","meta":{"footnotes":""},"categories":[2821],"tags":[1111,11,829,1697,1777,674,1011,27,1652,12,584,25],"class_list":{"0":"post-222384","1":"post","2":"type-post","3":"status-publish","4":"format-standard","5":"has-post-thumbnail","7":"category-rennes","8":"tag-actu","9":"tag-actualites","10":"tag-bretagne","11":"tag-concert","12":"tag-eu","13":"tag-europe","14":"tag-fr","15":"tag-france","16":"tag-loisirs-culture","17":"tag-news","18":"tag-rennes","19":"tag-republique-francaise"},"share_on_mastodon":{"url":"https:\/\/pubeurope.com\/@fr\/114787634576234383","error":""},"_links":{"self":[{"href":"https:\/\/www.europesays.com\/fr\/wp-json\/wp\/v2\/posts\/222384","targetHints":{"allow":["GET"]}}],"collection":[{"href":"https:\/\/www.europesays.com\/fr\/wp-json\/wp\/v2\/posts"}],"about":[{"href":"https:\/\/www.europesays.com\/fr\/wp-json\/wp\/v2\/types\/post"}],"author":[{"embeddable":true,"href":"https:\/\/www.europesays.com\/fr\/wp-json\/wp\/v2\/users\/2"}],"replies":[{"embeddable":true,"href":"https:\/\/www.europesays.com\/fr\/wp-json\/wp\/v2\/comments?post=222384"}],"version-history":[{"count":0,"href":"https:\/\/www.europesays.com\/fr\/wp-json\/wp\/v2\/posts\/222384\/revisions"}],"wp:featuredmedia":[{"embeddable":true,"href":"https:\/\/www.europesays.com\/fr\/wp-json\/wp\/v2\/media\/222385"}],"wp:attachment":[{"href":"https:\/\/www.europesays.com\/fr\/wp-json\/wp\/v2\/media?parent=222384"}],"wp:term":[{"taxonomy":"category","embeddable":true,"href":"https:\/\/www.europesays.com\/fr\/wp-json\/wp\/v2\/categories?post=222384"},{"taxonomy":"post_tag","embeddable":true,"href":"https:\/\/www.europesays.com\/fr\/wp-json\/wp\/v2\/tags?post=222384"}],"curies":[{"name":"wp","href":"https:\/\/api.w.org\/{rel}","templated":true}]}}