{"id":222388,"date":"2025-07-03T05:26:24","date_gmt":"2025-07-03T05:26:24","guid":{"rendered":"https:\/\/www.europesays.com\/fr\/222388\/"},"modified":"2025-07-03T05:26:24","modified_gmt":"2025-07-03T05:26:24","slug":"apres-avoir-priorise-des-cochons-aux-patients-inspections-en-cours-dans-un-ihu-en-crise","status":"publish","type":"post","link":"https:\/\/www.europesays.com\/fr\/222388\/","title":{"rendered":"Apr\u00e8s avoir prioris\u00e9 des cochons aux patients, inspections en cours dans un IHU en crise"},"content":{"rendered":"<p class=\"wp-block-post-excerpt__excerpt\">Des inspections minst\u00e9rielles ont d\u00e9but\u00e9 mardi 1er juillet \u00e0 l\u2019Institut hospitalo-universitaire (IHU) de Strasbourg. L\u2019\u00e9tablissement a pouss\u00e9 son personnel \u00e0 bout, notamment en priorisant des scanners de cochons au d\u00e9triment de patients atteints de cancer. <\/p>\n<p>Guillaume Krempp<\/p>\n<p>Publi\u00e9 le 3 juillet 2025\u00a0\u00a0\u00b7\u00a0\u00a0<\/p>\n<p>Imprim\u00e9 le 3 juillet 2025 \u00e0 07h26\u00a0\u00a0\u00b7\u00a0\u00a0<\/p>\n<p>\t\t\t\t\t4\u00a0minutes\n<\/p>\n<p class=\"has-drop-cap\">Comment l\u2019Institut hospitalo-universitaire (IHU) de Strasbourg en est arriv\u00e9 \u00e0 d\u00e9programmer des patients atteints de cancer pour maintenir des scanners de cochons\u00a0? Les fonctionnaires de l\u2019Inspection g\u00e9n\u00e9rale des affaires sociales (Igas) et de l\u2019Inspection g\u00e9n\u00e9rale de l\u2019enseignement sup\u00e9rieur et la recherche (Igesr) sont arriv\u00e9s \u00e0 l\u2019IHU mardi 1er juillet pour r\u00e9pondre \u00e0 cette question. Emmen\u00e9e par le responsable adjoint des affaires juridiques des H\u00f4pitaux universitaires de Strasbourg (HUS), Swann Marchall, la petite d\u00e9l\u00e9gation a commenc\u00e9 par une r\u00e9union avec le directeur de l\u2019IHU, le professeur Christian Debry. Le directeur d\u00e9l\u00e9gu\u00e9 de l\u2019IHU strasbourgeois, Jean-Luc Dimarcq, \u00e9tait aussi pr\u00e9sent lors d\u2019une visite du centre d\u2019imagerie m\u00e9dicale.<\/p>\n<p><a href=\"https:\/\/www.rue89strasbourg.com\/la-newsletter\" rel=\"nofollow noopener\" target=\"_blank\"><img loading=\"lazy\" decoding=\"async\" width=\"970\" height=\"250\" src=\"https:\/\/www.europesays.com\/fr\/wp-content\/uploads\/2025\/06\/bannie\u0300re-autopromo-2025-desktop-1.gif\" alt=\"\" class=\"wp-image-347550\" style=\"width:792px;height:auto\"\/><\/a><\/p>\n<p><a href=\"https:\/\/www.rue89strasbourg.com\/la-newsletter\" rel=\"nofollow noopener\" target=\"_blank\"><img loading=\"lazy\" decoding=\"async\" width=\"300\" height=\"300\" src=\"https:\/\/www.europesays.com\/fr\/wp-content\/uploads\/2025\/06\/bannie\u0300res-autopromo-300x300-2.gif\" alt=\"\" class=\"wp-image-347551\"\/><\/a><\/p>\n<p>D\u00e9missions en cascade <\/p>\n<p>Soutenez l\u2019investigation sur le service public hospitalier<\/p>\n<p>La r\u00e9daction a besoin de votre soutien pour continuer d\u2019enqu\u00eater sur l\u2019h\u00f4pital public \u00e0 Strasbourg et en Alsace.<\/p>\n<p><strong>Pour acc\u00e9der \u00e0 cet article, il faut \u00eatre abonn\u00e9. Pourquoi\u00a0?<\/strong><\/p>\n<p>Engag\u00e9e pour la d\u00e9fense du service public de sant\u00e9, la r\u00e9daction enqu\u00eate depuis plusieurs ann\u00e9es sur la situation des h\u00f4pitaux et du secteur de la sant\u00e9 en g\u00e9n\u00e9ral. Ainsi, Rue89 Strasbourg a d\u00e9j\u00e0 r\u00e9v\u00e9l\u00e9 le contenu du contrat d\u2019avenir du Centre hospitalier de Hautepierre, et le d\u00e9c\u00e8s d\u2019un patient sur un brancard pendant qu\u2019il attendait aux urgences de Strasbourg.<\/p>\n<p>Ces informations ne peuvent \u00eatre obtenues que par un travail de terrain et des relations de confiance que nos journalistes entretiennent avec des membres du personnel soignant. <\/p>\n<p>Rue89 Strasbourg est aussi un m\u00e9dia qui accompagne les mobilisations des soignants. Nous avons \u00e9t\u00e9 la premi\u00e8re r\u00e9daction \u00e0 donner la parole aux mobilis\u00e9s de la \u00ab\u00a0minute de silence pour la mort annonc\u00e9e de l\u2019h\u00f4pital public\u00a0\u00bb.<\/p>\n<p>Pour continuer ce travail, nous avons besoin de votre contribution. Chaque abonnement compte. Toutes ces recettes servent directement \u00e0 financer ce journalisme engag\u00e9, d\u00e9termin\u00e9 et document\u00e9 sur la situation de l\u2019h\u00f4pital public \u00e0 Strasbourg et en Alsace.<\/p>\n<p>\t\t\t<a href=\"https:\/\/www.rue89strasbourg.com\/\" class=\"custom-logo-link\" rel=\"home nofollow noopener\" target=\"_blank\"><img loading=\"lazy\" decoding=\"async\" width=\"290\" height=\"62\" src=\"https:\/\/www.europesays.com\/fr\/wp-content\/uploads\/2025\/04\/1743975279_388_logo.png\" class=\"custom-logo\" alt=\"Rue89 Strasbourg Enqu\u00eates et informations locales\"  \/><\/a><\/p>\n<p>\n\t\t\t\tAbonnez-vous maintenant pour suivre l\u2019actualit\u00e9 locale.\t\t\t<\/p>\n<p class=\"font-bold font-serif-heading mb-2 text-4xl\">\n\t\t\t\t\t\tL\u2019investigation locale \u00e0 port\u00e9e de main.\n\t\t\t\t\t<\/p>\n<p>\n\t\t\t\t\t\tAbonnez-vous et profitez d\u2019un acc\u00e8s illimit\u00e9 \u00e0 Rue89 Strasbourg. Annulez quand vous voulez.\n\t\t\t\t\t<\/p>\n<p class=\"xl:text-sm\">\n\t\t\t\t\tD\u00e9j\u00e0 abonn\u00e9\u00a0?<br \/>\n\t\t\t\t\t<a class=\"border border-transparent text-center transition-colors duration-instant focus:border-info focus:rounded focus:shadow-focus cursor-pointer text-black hover:text-gray-700 active:bg-black-700 font-semibold inline-block\" href=\"https:\/\/www.rue89strasbourg.com\/user\/connexion?redirect=\/ihu-crise-enquetes-cochons-patients-cancer-349265\" rel=\"nofollow noopener\" target=\"_blank\">Connectez-vous<\/a>\t\t\t\t<\/p>\n<p>\n\t\t\t\tChoisissez votre formule\u00a0:\n\t\t\t<\/p>\n<p>\t\t\t\tFermer<\/p>\n","protected":false},"excerpt":{"rendered":"Des inspections minst\u00e9rielles ont d\u00e9but\u00e9 mardi 1er juillet \u00e0 l\u2019Institut hospitalo-universitaire (IHU) de Strasbourg. L\u2019\u00e9tablissement a pouss\u00e9 son&hellip;\n","protected":false},"author":2,"featured_media":222389,"comment_status":"","ping_status":"","sticky":false,"template":"","format":"standard","meta":{"footnotes":""},"categories":[2820],"tags":[1111,11,1777,674,1011,27,775,14481,24103,12,25,640],"class_list":{"0":"post-222388","1":"post","2":"type-post","3":"status-publish","4":"format-standard","5":"has-post-thumbnail","7":"category-strasbourg","8":"tag-actu","9":"tag-actualites","10":"tag-eu","11":"tag-europe","12":"tag-fr","13":"tag-france","14":"tag-grand-est","15":"tag-hopitaux-universitaires-de-strasbourg","16":"tag-ihu","17":"tag-news","18":"tag-republique-francaise","19":"tag-strasbourg"},"share_on_mastodon":{"url":"https:\/\/pubeurope.com\/@fr\/114787646760884551","error":""},"_links":{"self":[{"href":"https:\/\/www.europesays.com\/fr\/wp-json\/wp\/v2\/posts\/222388","targetHints":{"allow":["GET"]}}],"collection":[{"href":"https:\/\/www.europesays.com\/fr\/wp-json\/wp\/v2\/posts"}],"about":[{"href":"https:\/\/www.europesays.com\/fr\/wp-json\/wp\/v2\/types\/post"}],"author":[{"embeddable":true,"href":"https:\/\/www.europesays.com\/fr\/wp-json\/wp\/v2\/users\/2"}],"replies":[{"embeddable":true,"href":"https:\/\/www.europesays.com\/fr\/wp-json\/wp\/v2\/comments?post=222388"}],"version-history":[{"count":0,"href":"https:\/\/www.europesays.com\/fr\/wp-json\/wp\/v2\/posts\/222388\/revisions"}],"wp:featuredmedia":[{"embeddable":true,"href":"https:\/\/www.europesays.com\/fr\/wp-json\/wp\/v2\/media\/222389"}],"wp:attachment":[{"href":"https:\/\/www.europesays.com\/fr\/wp-json\/wp\/v2\/media?parent=222388"}],"wp:term":[{"taxonomy":"category","embeddable":true,"href":"https:\/\/www.europesays.com\/fr\/wp-json\/wp\/v2\/categories?post=222388"},{"taxonomy":"post_tag","embeddable":true,"href":"https:\/\/www.europesays.com\/fr\/wp-json\/wp\/v2\/tags?post=222388"}],"curies":[{"name":"wp","href":"https:\/\/api.w.org\/{rel}","templated":true}]}}