{"id":222390,"date":"2025-07-03T05:27:09","date_gmt":"2025-07-03T05:27:09","guid":{"rendered":"https:\/\/www.europesays.com\/fr\/222390\/"},"modified":"2025-07-03T05:27:09","modified_gmt":"2025-07-03T05:27:09","slug":"cet-aeroport-pres-de-strasbourg-distribue-des-glaces-gratuites-aux-passagers","status":"publish","type":"post","link":"https:\/\/www.europesays.com\/fr\/222390\/","title":{"rendered":"cet a\u00e9roport pr\u00e8s de Strasbourg distribue des glaces gratuites aux passagers"},"content":{"rendered":"<p>            Par<br \/>\n        <strong><br \/>\n            <a href=\"https:\/\/actu.fr\/auteur\/ivan-capecchi\" title=\"Consulter tous les articles de Ivan CAPECCHI\" rel=\"nofollow noopener\" target=\"_blank\">Ivan CAPECCHI<\/a><br \/>\n        <\/strong><\/p>\n<p>        Publi\u00e9 le<\/p>\n<p>            3 juil. 2025 \u00e0 7h02        <\/p>\n<p>L\u2019<strong>EuroAirport B\u00e2le-Mulhouse<\/strong> a d\u00e9cid\u00e9 de g\u00e2ter les voyageurs estivaux.<\/p>\n<p>Distribution de glaces gratuites<\/p>\n<p class=\" wall-content\">Tous les <strong>week-ends<\/strong> du mois de <strong>juillet<\/strong>, des <strong>glaces gratuites<\/strong> seront propos\u00e9es aux passagers dans les <strong>halls d\u2019embarquement de l\u2019a\u00e9roport<\/strong>. L\u2019op\u00e9ration vise \u00e0 rendre plus agr\u00e9able le d\u00e9but des <strong>vacances d\u2019\u00e9t\u00e9<\/strong>, pour les petits comme pour les grands.<\/p>\n<p class=\" wall-content\">Le personnel de l\u2019a\u00e9roport se chargera de cette distribution. Une initiative rafra\u00eechissante en cette p\u00e9riode de forte affluence.<\/p>\n<p class=\" wall-content\">Suivez toute l\u2019actualit\u00e9 de vos villes et m\u00e9dias favoris en vous inscrivant \u00e0 <a href=\"https:\/\/moncompte.actu.fr\" title=\"D\u00e9couvez Mon Actu\" rel=\"nofollow noopener\" data-trk=\"{&quot;cta&quot;:{&quot;action&quot;:&quot;https:\\\/\\\/moncompte.actu.fr&quot;,&quot;category&quot;:&quot;mon compte&quot;,&quot;from&quot;:&quot;article footer&quot;,&quot;name&quot;:&quot;Mon actu&quot;,&quot;type&quot;:&quot;cta&quot;}}\" target=\"_blank\">Mon Actu<\/a>.<\/p>\n","protected":false},"excerpt":{"rendered":"Par Ivan CAPECCHI Publi\u00e9 le 3 juil. 2025 \u00e0 7h02 L\u2019EuroAirport B\u00e2le-Mulhouse a d\u00e9cid\u00e9 de g\u00e2ter les voyageurs&hellip;\n","protected":false},"author":2,"featured_media":222391,"comment_status":"","ping_status":"","sticky":false,"template":"","format":"standard","meta":{"footnotes":""},"categories":[2820],"tags":[1111,11,1777,674,1011,27,775,1757,12,25,640],"class_list":{"0":"post-222390","1":"post","2":"type-post","3":"status-publish","4":"format-standard","5":"has-post-thumbnail","7":"category-strasbourg","8":"tag-actu","9":"tag-actualites","10":"tag-eu","11":"tag-europe","12":"tag-fr","13":"tag-france","14":"tag-grand-est","15":"tag-insolite","16":"tag-news","17":"tag-republique-francaise","18":"tag-strasbourg"},"share_on_mastodon":{"url":"https:\/\/pubeurope.com\/@fr\/114787650529559279","error":""},"_links":{"self":[{"href":"https:\/\/www.europesays.com\/fr\/wp-json\/wp\/v2\/posts\/222390","targetHints":{"allow":["GET"]}}],"collection":[{"href":"https:\/\/www.europesays.com\/fr\/wp-json\/wp\/v2\/posts"}],"about":[{"href":"https:\/\/www.europesays.com\/fr\/wp-json\/wp\/v2\/types\/post"}],"author":[{"embeddable":true,"href":"https:\/\/www.europesays.com\/fr\/wp-json\/wp\/v2\/users\/2"}],"replies":[{"embeddable":true,"href":"https:\/\/www.europesays.com\/fr\/wp-json\/wp\/v2\/comments?post=222390"}],"version-history":[{"count":0,"href":"https:\/\/www.europesays.com\/fr\/wp-json\/wp\/v2\/posts\/222390\/revisions"}],"wp:featuredmedia":[{"embeddable":true,"href":"https:\/\/www.europesays.com\/fr\/wp-json\/wp\/v2\/media\/222391"}],"wp:attachment":[{"href":"https:\/\/www.europesays.com\/fr\/wp-json\/wp\/v2\/media?parent=222390"}],"wp:term":[{"taxonomy":"category","embeddable":true,"href":"https:\/\/www.europesays.com\/fr\/wp-json\/wp\/v2\/categories?post=222390"},{"taxonomy":"post_tag","embeddable":true,"href":"https:\/\/www.europesays.com\/fr\/wp-json\/wp\/v2\/tags?post=222390"}],"curies":[{"name":"wp","href":"https:\/\/api.w.org\/{rel}","templated":true}]}}