{"id":222392,"date":"2025-07-03T05:28:11","date_gmt":"2025-07-03T05:28:11","guid":{"rendered":"https:\/\/www.europesays.com\/fr\/222392\/"},"modified":"2025-07-03T05:28:11","modified_gmt":"2025-07-03T05:28:11","slug":"deux-nouvelles-interpellations-apres-lincendie-qui-avait-fait-sept-morts-en-juillet-2024-dans-le-quartier-des-moulins-a-nice","status":"publish","type":"post","link":"https:\/\/www.europesays.com\/fr\/222392\/","title":{"rendered":"Deux nouvelles interpellations apr\u00e8s l\u2019incendie qui avait fait sept morts en juillet 2024 dans le quartier des Moulins \u00e0 Nice"},"content":{"rendered":"<p>Pr\u00e8s d\u2019un an apr\u00e8s l\u2019incendie qui avait d\u00e9cim\u00e9 une famille comorienne dans le quartier des Moulins \u00e0 Nice, deux suspects sont en garde \u00e0 vue dans le cadre de cette enqu\u00eate hautement sensible. Selon nos informations, confirm\u00e9es par le procureur de la R\u00e9publique de Nice Damien Martinelli, deux hommes ont \u00e9t\u00e9 interpell\u00e9s ce lundi 30 juin, puis plac\u00e9es en garde \u00e0 vue dans les locaux du service interd\u00e9partemental de police judiciaire (SIPJ 06). Leurs auditions peuvent durer jusqu\u2019\u00e0 vendredi.<\/p>\n<p>Les limiers du SIPJ 06 sont saisis d\u2019une enqu\u00eate pour \u00ab\u00a0destruction volontaire par incendie en bande organis\u00e9e ayant entra\u00een\u00e9 la mort\u00a0\u00bb et \u00ab\u00a0association de malfaiteurs\u00a0\u00bb, enqu\u00eate pilot\u00e9e par un juge d\u2019instruction ni\u00e7ois. Quatre suspects avaient \u00e9t\u00e9 interpell\u00e9s, et incarc\u00e9r\u00e9s, dans les deux semaines qui avaient suivi le drame. Tous seraient directement impliqu\u00e9s dans l\u2019incendie criminel, soit pour avoir particip\u00e9 \u00e0 son allumage, soit pour avoir conduit ou accompagn\u00e9 les ex\u00e9cutants.<\/p>\n<p>Depuis, un troisi\u00e8me incendiaire pr\u00e9sum\u00e9 manque toujours \u00e0 l\u2019appel. Tout comme le ou les commanditaire(s). Ni l\u2019un ni l\u2019autre ne figurent parmi les gard\u00e9s \u00e0 vue entendus cette semaine \u00e0 la caserne Auvare. De source proche de l\u2019enqu\u00eate, il s\u2019agirait de \u00ab\u00a0logisticiens\u00a0\u00bb, qui n\u2019auraient pas directement particip\u00e9 aux faits. Il s\u2019agit des premi\u00e8res interpellations depuis onze mois dans ce dossier douloureux.<\/p>\n<p>Sept victimes collat\u00e9rales<\/p>\n<p>Le feu se d\u00e9clare le 18 juillet 2024, \u00e0 2h27, aux trois premiers niveaux d\u2019un ensemble HLM situ\u00e9 au 38 rue de la Santoline. Flammes et fum\u00e9es se propagent via la cage d\u2019escalier jusqu\u2019au septi\u00e8me et dernier \u00e9tage. Elles s\u2019engouffrent dans un appartement occup\u00e9 par une famille comorienne. Deux occupants se d\u00e9fenestrent. <a href=\"https:\/\/www.nicematin.com\/faits-divers\/-ils-ont-tenu-tant-qu-ils-ont-pu-le-recit-de-la-nuit-d-horreur-qui-a-fait-7-morts-dans-un-incendie-aux-moulins-a-nice-934414\" target=\"_blank\" rel=\"noopener\">Le bilan est effroyable: trois adultes, trois enfants et un adolescent d\u00e9c\u00e9d\u00e9s.<\/a><\/p>\n<p>Tr\u00e8s vite, cet incendie criminel appara\u00eet li\u00e9 au \u00ab\u00a0contr\u00f4le de points de vente de stup\u00e9fiants situ\u00e9s \u00e0 proximit\u00e9\u00a0\u00bb, dixit le procureur Martinelli. Mais la famille d\u00e9cim\u00e9e y est totalement \u00e9trang\u00e8re. Une victime collat\u00e9rale de ce \u00ab\u00a0conflit de territoires\u00a0\u00bb. <a href=\"https:\/\/www.nicematin.com\/faits-divers\/ils-devaient-mettre-le-feu-aux-moulins-comment-des-ados-ont-fait-sept-victimes-collaterales-du-narcotrafic-a-nice-955721\" target=\"_blank\" rel=\"noopener\">Trois jeunes franciliens, recrut\u00e9s via les r\u00e9seaux sociaux, ont ex\u00e9cut\u00e9 cette sale besogne qui a pris une tournure dramatique.<\/a><\/p>\n<p>Quatre suspects d\u00e9j\u00e0 \u00e9crou\u00e9s<\/p>\n<p>Deux d\u2019entre eux sont rattrap\u00e9s dans la foul\u00e9e: un habitant du Val d\u2019Oise, \u00e2g\u00e9 de 21 ans, en r\u00e9gion parisienne; et un ado de 17 ans, originaire de Seine-Saint-Denis, \u00e0 bord d\u2019un bus \u00e0 son retour d\u2019Espagne. Le conducteur s\u2019est rendu d\u00e8s le premier jour. Un passager est intercept\u00e9 \u00e0 la gare du Nord. Tous deux ont la vingtaine et habitent les Alpes-Maritimes.<\/p>\n<p>Le procureur n\u2019en dit pas plus, \u00e0 ce stade, sur les derniers interpell\u00e9s en date. Ils pourraient \u00eatre d\u00e9f\u00e9r\u00e9s ce jeudi ou vendredi, en vue d\u2019une mise en examen. Le juge des libert\u00e9s et de la d\u00e9tention d\u00e9cidera alors s\u2019ils rejoignent en prison, ou non, <a href=\"https:\/\/www.nicematin.com\/faits-divers\/incendiaires-conducteur-qui-sont-les-quatre-membres-presumes-du-commando-des-moulins-interpelles-par-la-police--936688\" target=\"_blank\" rel=\"noopener\">les quatre suspects d\u00e9j\u00e0 mis en examen.<\/a><\/p>\n<p>Quoi qu\u2019il en soit, les enqu\u00eateurs n\u2019ont pas encore r\u00e9cup\u00e9r\u00e9 tous leurs objectifs dans leurs filets. L\u2019enqu\u00eate sur l\u2019incendie meurtrier aux Moulins n\u2019a pas encore livr\u00e9 tous ses secrets.<\/p>\n","protected":false},"excerpt":{"rendered":"Pr\u00e8s d\u2019un an apr\u00e8s l\u2019incendie qui avait d\u00e9cim\u00e9 une famille comorienne dans le quartier des Moulins \u00e0 Nice,&hellip;\n","protected":false},"author":2,"featured_media":222393,"comment_status":"","ping_status":"","sticky":false,"template":"","format":"standard","meta":{"footnotes":""},"categories":[2819],"tags":[1111,11,1777,674,118,1011,27,303,12,2401,882,25],"class_list":{"0":"post-222392","1":"post","2":"type-post","3":"status-publish","4":"format-standard","5":"has-post-thumbnail","7":"category-nice","8":"tag-actu","9":"tag-actualites","10":"tag-eu","11":"tag-europe","12":"tag-faits-divers","13":"tag-fr","14":"tag-france","15":"tag-justice","16":"tag-news","17":"tag-nice","18":"tag-provence-alpes-cote-dazur","19":"tag-republique-francaise"},"share_on_mastodon":{"url":"https:\/\/pubeurope.com\/@fr\/114787654358806395","error":""},"_links":{"self":[{"href":"https:\/\/www.europesays.com\/fr\/wp-json\/wp\/v2\/posts\/222392","targetHints":{"allow":["GET"]}}],"collection":[{"href":"https:\/\/www.europesays.com\/fr\/wp-json\/wp\/v2\/posts"}],"about":[{"href":"https:\/\/www.europesays.com\/fr\/wp-json\/wp\/v2\/types\/post"}],"author":[{"embeddable":true,"href":"https:\/\/www.europesays.com\/fr\/wp-json\/wp\/v2\/users\/2"}],"replies":[{"embeddable":true,"href":"https:\/\/www.europesays.com\/fr\/wp-json\/wp\/v2\/comments?post=222392"}],"version-history":[{"count":0,"href":"https:\/\/www.europesays.com\/fr\/wp-json\/wp\/v2\/posts\/222392\/revisions"}],"wp:featuredmedia":[{"embeddable":true,"href":"https:\/\/www.europesays.com\/fr\/wp-json\/wp\/v2\/media\/222393"}],"wp:attachment":[{"href":"https:\/\/www.europesays.com\/fr\/wp-json\/wp\/v2\/media?parent=222392"}],"wp:term":[{"taxonomy":"category","embeddable":true,"href":"https:\/\/www.europesays.com\/fr\/wp-json\/wp\/v2\/categories?post=222392"},{"taxonomy":"post_tag","embeddable":true,"href":"https:\/\/www.europesays.com\/fr\/wp-json\/wp\/v2\/tags?post=222392"}],"curies":[{"name":"wp","href":"https:\/\/api.w.org\/{rel}","templated":true}]}}