{"id":222406,"date":"2025-07-03T05:36:13","date_gmt":"2025-07-03T05:36:13","guid":{"rendered":"https:\/\/www.europesays.com\/fr\/222406\/"},"modified":"2025-07-03T05:36:13","modified_gmt":"2025-07-03T05:36:13","slug":"lille-3e-grande-ville-la-plus-touchee-de-france-selon-une-etude","status":"publish","type":"post","link":"https:\/\/www.europesays.com\/fr\/222406\/","title":{"rendered":"Lille, 3e grande ville la plus touch\u00e9e de France selon une \u00e9tude"},"content":{"rendered":"<p>            Par<br \/>\n        <strong><br \/>\n            <a href=\"https:\/\/actu.fr\/auteur\/margot-nicodeme\" title=\"Consulter tous les articles de Margot Nicod\u00e8me\" target=\"_blank\" rel=\"noopener\">Margot Nicod\u00e8me<\/a><br \/>\n        <\/strong><\/p>\n<p>        Publi\u00e9 le<\/p>\n<p>            3 juil. 2025 \u00e0 6h26        <\/p>\n<p>Le Nord a vu <b>le nombre de <a href=\"https:\/\/actu.fr\/hauts-de-france\/lille_59350\/cambriolages-dans-les-logements-voici-les-communes-de-la-metropole-de-lille-les-plus-touchees_62436916.html\" target=\"_blank\" rel=\"noopener\">cambriolages sur son territoire<\/a> l\u00e9g\u00e8rement augmenter<\/b> entre\u00a02023 et\u00a02024\u2009: de 8\u2009663 faits, on est pass\u00e9 \u00e0 8\u2009728, d\u2019apr\u00e8s le bilan de la d\u00e9linquance par le minist\u00e8re de l\u2019Int\u00e9rieur. La tendance est aussi \u00e0 la hausse \u00e0 <a href=\"https:\/\/actu.fr\/hauts-de-france\/lille_59350\" target=\"_blank\" rel=\"noopener\">Lille<\/a>, avec 1\u2009376 cambriolages recens\u00e9s en 2024, contre 1\u2009241 l\u2019ann\u00e9e pr\u00e9c\u00e9dente. Ce nombre fra\u00eechement d\u00e9voil\u00e9 au printemps 2025 ferait de <b>la Capitale des Flandres la 3e ville la plus cambriol\u00e9e <\/b>sur les 30 plus grandes de France. C\u2019est ce que r\u00e9v\u00e8le une \u00e9tude men\u00e9e par FLASHS, un organisme d\u2019enqu\u00eates statistiques, et Depanneo, plateforme de d\u00e9pannage.<\/p>\n<p>Lille derri\u00e8re deux grandes villes du sud de la France<\/p>\n<p class=\" wall-content\">Lille, avec ses presque 240\u2009000\u00a0habitants, est la \u00ab\u200910e ville avec le plus de logements\u2009\u00bb, soit pr\u00e8s de 137\u2009000, commence l\u2019\u00e9tude. L\u2019augmentation de 10\u2009% du nombre de cambriolages entre\u00a02023 et\u00a02024 la fait passer du 5e au 3e rang des grandes villes fran\u00e7aises les plus cambriol\u00e9es. Son indice de 10,06 (cambriolages pour 1000 habitations) est \u00ab<b>\u2009consid\u00e9r\u00e9 comme tr\u00e8s \u00e9lev\u00e9 compar\u00e9 \u00e0 la moyenne des 30 plus grandes villes fran\u00e7aises<\/b> (7,08)\u2009\u00bb.<\/p>\n<p class=\" wall-content\">Lille est devanc\u00e9e par Marseille (un taux de 10,2 cambriolages pour 1000 habitations) et Aix-en-Provence (12,1), grande \u00ab\u2009perdante\u2009\u00bb. Voici le top\u00a010 mis au point par les recherches\u2009:<\/p>\n<ol class=\" wall-content\">\n<li>Aix-en-Provence (12,1)<\/li>\n<li>Marseille (10,2)<\/li>\n<li><b>Lille (10,1)<\/b><\/li>\n<li>Bordeaux (9,6)<\/li>\n<li>Grenoble (9,6)<\/li>\n<li>Montpellier (9,6)<\/li>\n<li>Villeurbanne (9,1)<\/li>\n<li>Toulouse (8,7)<\/li>\n<li>Clermont-Ferrand (8,5)<\/li>\n<li>Lyon (8,3)<\/li>\n<\/ol>\n<p>La Corse, l\u2019une des r\u00e9gions les plus s\u00fbres<\/p>\n<p class=\" wall-content\">Pour autant, le Nord n\u2019appara\u00eet pas le top\u00a010 des d\u00e9partements o\u00f9 le taux de cambriolages est qualifi\u00e9 de \u00ab\u2009critique\u2009\u00bb. En effet, l\u2019Is\u00e8re, la Gironde et l\u2019Ain constituent le top\u00a03. Les d\u00e9partements les plus s\u00fbrs, \u00e0 l\u2019inverse, sont la Haute-Corse, la Corse-du-Sud et la Loz\u00e8re.<\/p>\n<p class=\" wall-content\">Les conclusions r\u00e9v\u00e8lent plus globalement qu\u2019un Fran\u00e7ais sur trois a d\u00e9j\u00e0 \u00e9t\u00e9 cambriol\u00e9. Sur les 2000 r\u00e9pondants au sondage, 78\u2009% craignent de se faire cambrioler pendant leurs cong\u00e9s prolong\u00e9s. 57\u2009% ne sont pas \u00e9quip\u00e9s de dispositifs d\u2019alerte rassurants, comme une alarme ou une cam\u00e9ra, mais 22\u2009% recourent \u00e0 une installation domotique pour simuler une pr\u00e9sence (lumi\u00e8re ou musique qui s\u2019allument\u2026).<\/p>\n<p class=\" wall-content\">Enfin, 81\u2009% des propri\u00e9taires <a href=\"https:\/\/actu.fr\/tag\/chien\" target=\"_blank\" rel=\"noopener\">de chiens<\/a> interrog\u00e9s consid\u00e8rent que leur animal a un effet dissuasif, et 83\u2009% s\u2019estiment plus en s\u00e9curit\u00e9 chez eux gr\u00e2ce \u00e0 la pr\u00e9sence de leur compagnon \u00e0 quatre pattes.<\/p>\n<p class=\" wall-content\">Suivez toute l\u2019actualit\u00e9 de vos villes et m\u00e9dias favoris en vous inscrivant \u00e0 <a href=\"https:\/\/moncompte.actu.fr\" title=\"D\u00e9couvez Mon Actu\" rel=\"nofollow noopener\" data-trk=\"{&quot;cta&quot;:{&quot;action&quot;:&quot;https:\\\/\\\/moncompte.actu.fr&quot;,&quot;category&quot;:&quot;mon compte&quot;,&quot;from&quot;:&quot;article footer&quot;,&quot;name&quot;:&quot;Mon actu&quot;,&quot;type&quot;:&quot;cta&quot;}}\" target=\"_blank\">Mon Actu<\/a>.<\/p>\n","protected":false},"excerpt":{"rendered":"Par Margot Nicod\u00e8me Publi\u00e9 le 3 juil. 2025 \u00e0 6h26 Le Nord a vu le nombre de cambriolages&hellip;\n","protected":false},"author":2,"featured_media":222407,"comment_status":"","ping_status":"","sticky":false,"template":"","format":"standard","meta":{"footnotes":""},"categories":[2815],"tags":[1111,11,1174,1777,674,1011,27,811,1307,12,25,104,3176],"class_list":{"0":"post-222406","1":"post","2":"type-post","3":"status-publish","4":"format-standard","5":"has-post-thumbnail","7":"category-lille","8":"tag-actu","9":"tag-actualites","10":"tag-cambriolage","11":"tag-eu","12":"tag-europe","13":"tag-fr","14":"tag-france","15":"tag-hauts-de-france","16":"tag-lille","17":"tag-news","18":"tag-republique-francaise","19":"tag-societe","20":"tag-vacances-scolaires"},"share_on_mastodon":{"url":"https:\/\/pubeurope.com\/@fr\/114787685884432193","error":""},"_links":{"self":[{"href":"https:\/\/www.europesays.com\/fr\/wp-json\/wp\/v2\/posts\/222406","targetHints":{"allow":["GET"]}}],"collection":[{"href":"https:\/\/www.europesays.com\/fr\/wp-json\/wp\/v2\/posts"}],"about":[{"href":"https:\/\/www.europesays.com\/fr\/wp-json\/wp\/v2\/types\/post"}],"author":[{"embeddable":true,"href":"https:\/\/www.europesays.com\/fr\/wp-json\/wp\/v2\/users\/2"}],"replies":[{"embeddable":true,"href":"https:\/\/www.europesays.com\/fr\/wp-json\/wp\/v2\/comments?post=222406"}],"version-history":[{"count":0,"href":"https:\/\/www.europesays.com\/fr\/wp-json\/wp\/v2\/posts\/222406\/revisions"}],"wp:featuredmedia":[{"embeddable":true,"href":"https:\/\/www.europesays.com\/fr\/wp-json\/wp\/v2\/media\/222407"}],"wp:attachment":[{"href":"https:\/\/www.europesays.com\/fr\/wp-json\/wp\/v2\/media?parent=222406"}],"wp:term":[{"taxonomy":"category","embeddable":true,"href":"https:\/\/www.europesays.com\/fr\/wp-json\/wp\/v2\/categories?post=222406"},{"taxonomy":"post_tag","embeddable":true,"href":"https:\/\/www.europesays.com\/fr\/wp-json\/wp\/v2\/tags?post=222406"}],"curies":[{"name":"wp","href":"https:\/\/api.w.org\/{rel}","templated":true}]}}