{"id":222408,"date":"2025-07-03T05:37:10","date_gmt":"2025-07-03T05:37:10","guid":{"rendered":"https:\/\/www.europesays.com\/fr\/222408\/"},"modified":"2025-07-03T05:37:10","modified_gmt":"2025-07-03T05:37:10","slug":"a-lille-on-espere-que-le-grand-depart-du-tour-de-france-va-rapporter-gros-a-larrivee","status":"publish","type":"post","link":"https:\/\/www.europesays.com\/fr\/222408\/","title":{"rendered":"\u00c0 Lille, on esp\u00e8re que le Grand D\u00e9part du Tour de France va rapporter gros \u00e0 l\u2019arriv\u00e9e"},"content":{"rendered":"<p class=\"paragraph text_align_left lp-f-body-02\">Un <a href=\"https:\/\/www.leparisien.fr\/sports\/cyclisme\/tour-de-france\/ici-ca-respire-le-velo-pourquoi-lille-a-obtenu-son-grand-depart-du-tour-de-france-en-2025-30-11-2023-2DC2BI5V5BHZPKCNJ65KDSRCVA.php\" target=\"_self\" rel=\"nofollow noopener\">Grand d\u00e9part<\/a> du <a href=\"https:\/\/www.leparisien.fr\/sports\/cyclisme\/tour-de-france\/\" target=\"_blank\" rel=\"noreferrer nofollow noopener\">Tour de France<\/a>, \u00e7a co\u00fbte cher aux collectivit\u00e9s mais, \u00e0 l\u2019arriv\u00e9e, \u00e7a peut aussi rapporter gros. \u00c0 la M\u00e9tropole europ\u00e9enne de Lille (MEL), qui estime qu\u2019il est \u00ab trop t\u00f4t \u00bb pour chiffrer pr\u00e9cis\u00e9ment les \u00ab importantes \u00bb retomb\u00e9es \u00e9conomiques, on les \u00e9value tout de m\u00eame \u00e0 \u00ab plusieurs millions d\u2019euros \u00bb.<\/p>\n<p class=\"paragraph text_align_left lp-f-body-02\">En 2022, une \u00e9tude de l\u2019Agence d\u2019urbanisme de Brest-Bretagne portant sur l\u2019impact du Grand D\u00e9part en 2021 dans la cit\u00e9 du <a href=\"https:\/\/www.leparisien.fr\/finistere-29\/\" target=\"_blank\" rel=\"noreferrer nofollow noopener\">Finist\u00e8re<\/a> avait conclu \u00e0 \u00ab trois euros de retomb\u00e9es par euro investi \u00bb. \u00c0 Bilbao, cit\u00e9 espagnole ayant accueilli l\u2019\u00e9v\u00e9nement en 2023, les 12,2 millions d\u2019euros financ\u00e9s par les institutions basques avaient g\u00e9n\u00e9r\u00e9 103,9 millions d\u2019euros, soit 8,5 fois la somme d\u00e9pens\u00e9e.<\/p>\n<p class=\"paragraph text_align_left lp-f-body-02\">Le Nord n\u2019\u00e9chappera pas \u00e0 cette tendance. \u00ab Un Tour de France, on ne peut pas se planter, c\u2019est plus rentable que d\u2019investir en Bourse ou dans l\u2019immobilier ! \u00bb, s\u2019enthousiasme Antoine Sillani, vice-pr\u00e9sident (LR) en charge des sports au conseil r\u00e9gional des Hauts-de-France, qui a particip\u00e9 \u00e0 l\u2019aventure \u00e0 hauteur de 1,75 million d\u2019euros. Lors du passage de la Grande Boucle 2022 \u00e0 Lille qui n\u2019\u00e9tait alors que \u00ab simple \u00bb ville \u00e9tape, 3,4 millions d\u2019euros avaient d\u00e9j\u00e0 \u00e9t\u00e9 inject\u00e9s dans l\u2019\u00e9conomie locale selon les donn\u00e9es de l\u2019Observatoire du tourisme de la m\u00e9tropole lilloise.<\/p>\n<p>\u00ab C\u2019est clairement une aubaine \u00bb<\/p>\n<p class=\"paragraph text_align_left lp-f-body-02\">Pour ce cru 2025, l\u2019h\u00f4tellerie, charg\u00e9e de loger les coureurs, les sponsors, les m\u00e9dias du monde entier, les touristes fran\u00e7ais, belges, n\u00e9erlandais, britanniques\u2026 va sacr\u00e9ment en profiter. \u00ab C\u2019est clairement une aubaine \u00bb, applaudit Boris Delacroix, aux manettes de l\u2019h\u00f4tel de haut standing Bienheureux \u00e0 Wasquehal, en p\u00e9riph\u00e9rie lilloise et pr\u00e9sident du Club h\u00f4telier Lille M\u00e9tropole.<\/p>\n<p class=\"paragraph text_align_left lp-f-body-02\">Le taux d\u2019occupation monte crescendo cette semaine pour atteindre samedi soir \u00ab 93-95 % \u00bb en moyenne dans les \u00e9tablissements des 95 communes de la MEL. \u00ab Soit 35 points de plus qu\u2019un d\u00e9but juillet ordinaire avec des prix moyens plus \u00e9lev\u00e9s, en hausse de 40 %. C\u2019est comparable \u00e0 un week-end de <a href=\"https:\/\/www.leparisien.fr\/en-region\/je-vends-3-euros-des-habits-achetes-jusqua-75-euros-la-braderie-de-lille-grande-vitrine-du-reemploi-12-09-2024-VXEDIWW62VFKJOMSS7OSLB2TGQ.php\" target=\"_blank\" rel=\"noreferrer nofollow noopener\">Braderie de Lille<\/a> \u00bb, d\u00e9crypte-t-il, en r\u00e9f\u00e9rence \u00e0 l\u2019immense march\u00e9 aux puces chaque d\u00e9but septembre dans la capitale des Flandres.<\/p>\n<p class=\"paragraph text_align_left lp-f-body-02\">\u00ab L\u2019h\u00f4tellerie, c\u2019est le rep\u00e8re. Si vous dormez sur place, vous devez bien vous restaurer ! \u00bb rappelle un professionnel du tourisme. Estaminets et brasseries &#8211; sauf ceux qui sont difficiles d\u2019acc\u00e8s en raison des contraintes li\u00e9es \u00e0 l\u2019organisation de l\u2019\u00e9v\u00e9nement \u2013 misent, donc, sur \u00ab un effet Grand D\u00e9part \u00bb dans leur tiroir-caisse.<\/p>\n<p class=\"paragraph text_align_left lp-f-body-02\">\u00ab On aura plus de monde et on est pr\u00eat \u00bb, s\u2019engage Aur\u00e8le, patron de la friterie (lilloise) Mestr\u00e9. Il ne manque pas d\u2019arguments pour conqu\u00e9rir les foules : il a \u00e9t\u00e9 sacr\u00e9 champion du monde de la frite authentique en 2023.<\/p>\n","protected":false},"excerpt":{"rendered":"Un Grand d\u00e9part du Tour de France, \u00e7a co\u00fbte cher aux collectivit\u00e9s mais, \u00e0 l\u2019arriv\u00e9e, \u00e7a peut aussi&hellip;\n","protected":false},"author":2,"featured_media":222409,"comment_status":"","ping_status":"","sticky":false,"template":"","format":"standard","meta":{"footnotes":""},"categories":[2815],"tags":[1111,11,207,459,1777,674,1011,27,811,1307,12,25,60,210],"class_list":{"0":"post-222408","1":"post","2":"type-post","3":"status-publish","4":"format-standard","5":"has-post-thumbnail","7":"category-lille","8":"tag-actu","9":"tag-actualites","10":"tag-cyclisme","11":"tag-departements-horsidfo","12":"tag-eu","13":"tag-europe","14":"tag-fr","15":"tag-france","16":"tag-hauts-de-france","17":"tag-lille","18":"tag-news","19":"tag-republique-francaise","20":"tag-sports","21":"tag-tour-de-france"},"share_on_mastodon":{"url":"https:\/\/pubeurope.com\/@fr\/114787689744074446","error":""},"_links":{"self":[{"href":"https:\/\/www.europesays.com\/fr\/wp-json\/wp\/v2\/posts\/222408","targetHints":{"allow":["GET"]}}],"collection":[{"href":"https:\/\/www.europesays.com\/fr\/wp-json\/wp\/v2\/posts"}],"about":[{"href":"https:\/\/www.europesays.com\/fr\/wp-json\/wp\/v2\/types\/post"}],"author":[{"embeddable":true,"href":"https:\/\/www.europesays.com\/fr\/wp-json\/wp\/v2\/users\/2"}],"replies":[{"embeddable":true,"href":"https:\/\/www.europesays.com\/fr\/wp-json\/wp\/v2\/comments?post=222408"}],"version-history":[{"count":0,"href":"https:\/\/www.europesays.com\/fr\/wp-json\/wp\/v2\/posts\/222408\/revisions"}],"wp:featuredmedia":[{"embeddable":true,"href":"https:\/\/www.europesays.com\/fr\/wp-json\/wp\/v2\/media\/222409"}],"wp:attachment":[{"href":"https:\/\/www.europesays.com\/fr\/wp-json\/wp\/v2\/media?parent=222408"}],"wp:term":[{"taxonomy":"category","embeddable":true,"href":"https:\/\/www.europesays.com\/fr\/wp-json\/wp\/v2\/categories?post=222408"},{"taxonomy":"post_tag","embeddable":true,"href":"https:\/\/www.europesays.com\/fr\/wp-json\/wp\/v2\/tags?post=222408"}],"curies":[{"name":"wp","href":"https:\/\/api.w.org\/{rel}","templated":true}]}}