{"id":22241,"date":"2025-04-13T13:13:16","date_gmt":"2025-04-13T13:13:16","guid":{"rendered":"https:\/\/www.europesays.com\/fr\/22241\/"},"modified":"2025-04-13T13:13:16","modified_gmt":"2025-04-13T13:13:16","slug":"une-course-organisee-pour-la-bonne-cause-dans-un-lieu-etonnant","status":"publish","type":"post","link":"https:\/\/www.europesays.com\/fr\/22241\/","title":{"rendered":"une course organis\u00e9e pour la bonne cause dans un lieu \u00e9tonnant"},"content":{"rendered":"<p>            Par<br \/>\n        <strong><br \/>\n            <a href=\"https:\/\/actu.fr\/auteur\/clemence-pays02-actu-fr\" title=\"Consulter tous les articles de Cl\u00e9mence Pays\" rel=\"nofollow noopener\" target=\"_blank\">Cl\u00e9mence Pays<\/a><br \/>\n        <\/strong><\/p>\n<p>        Publi\u00e9 le<\/p>\n<p>            13 avr. 2025 \u00e0 7h22        <\/p>\n<p>C\u2019est une grande premi\u00e8re. 700 coureurs sont attendus pour participer \u00e0 une course in\u00e9dite de <strong>5\u00a0km,<\/strong> pr\u00e8s de <a href=\"https:\/\/actu.fr\/rennes\/\" rel=\"nofollow noopener\" target=\"_blank\">Rennes<\/a>, <strong>vendredi 27\u00a0juin 2025,<\/strong> \u00e0 20\u2009h.<\/p>\n<p class=\" wall-content\">Aux commandes de cet \u00e9v\u00e9nement nomm\u00e9 les <strong>Festi\u2019Foul\u00e9es,<\/strong> le centre commercial <strong>Grand Quartier<\/strong> \u00e0 <a href=\"https:\/\/actu.fr\/bretagne\/saint-gregoire_35278\" rel=\"nofollow noopener\" target=\"_blank\">Saint-Gr\u00e9goire<\/a> et <strong>Les M\u00e9tropolitaines Blot.<\/strong><\/p>\n<blockquote class=\"ac-article-quote wall-content\">\n<p>Pour la premi\u00e8re fois en France, un centre commercial devient le th\u00e9\u00e2tre d\u2019un parcours dynamique et festif, m\u00ealant sport et animations dans un cadre urbain in\u00e9dit. <\/p>\n<p>    <strong>Grand Quartier<\/strong>\n            <\/p><\/blockquote>\n<p>Une course pour la bonne cause<\/p>\n<p class=\" wall-content\">Cette course ludique, qui se d\u00e9roulera donc au sein de Grand Quartier, n\u2019a pas vocation \u00e0 s\u2019inscrire dans la performance physique et la comp\u00e9tition. Elle ne sera donc pas chronom\u00e9tr\u00e9e et il n\u2019y aura pas de classement.<\/p>\n<p class=\" wall-content\"><a href=\"https:\/\/www.instagram.com\/p\/DH5lA0pMqsV\/embed\" title=\"Ouvrir le lien sur Instagram\" rel=\"nofollow noopener\" target=\"_blank\">Visualiser le contenu sur Instagram<\/a><\/p>\n<p class=\" wall-content\">Ce parcours s\u2019adresse \u00e0 \u00ab\u2009celles et ceux qui souhaitent<strong> s\u2019amuser,<\/strong> se d\u00e9penser et passer un bon moment\u2009\u00bb, pr\u00e9cisent les organisateurs.<\/p>\n<blockquote class=\"ac-article-quote wall-content\">\n<p>Tout au long du parcours, des animations seront propos\u00e9es pour rythmer la course et offrir une exp\u00e9rience festive aux coureurs. L\u2019ascenseur \u00e9motionnel sera au rendez-vous !<\/p>\n<p>    <strong>Grand Quartier<\/strong>\n            <\/p><\/blockquote>\n<p>Vid\u00e9os : en ce moment sur Actu<\/p>\n<p class=\" wall-content\">Cet \u00e9v\u00e9nement a aussi une <strong>dimension solidaire<\/strong> puisque la course soutient l\u2019association <a href=\"https:\/\/www.haroz.fr\/static\/qui-sommes-nous.html\" rel=\"nofollow noopener\" target=\"_blank\">Haroz<\/a> qui se mobilise pour apporter un moment de r\u00eave aux enfants hospitalis\u00e9s.<\/p>\n<p class=\" wall-content\">Rendez-vous <strong>mardi 15\u00a0avril pour l\u2019ouverture des inscriptions.<\/strong> Attention, \u00ab\u2009les places seront limit\u00e9es\u2009\u00bb, pr\u00e9viennent les organisateurs.<\/p>\n<p><strong>Infos pratiques\u2009:<\/strong><br \/>\nLes Festi\u2019Foul\u00e9es de Grand Quartier, vendredi 27\u00a0juin 2025, \u00e0 20\u2009h. D\u00e9part au <a href=\"https:\/\/maps.app.goo.gl\/MtqUEhT9pQJTVZ6KA\" rel=\"nofollow noopener\" target=\"_blank\">centre commercial Grand Quartier<\/a>, \u00e0 Saint-Gr\u00e9goire. Ouverture des inscriptions le 15\u00a0avril, <a href=\"https:\/\/www.klikego.com\/inscription\/les-festifoulees-grand-quartier-2025\/course-a-pied-running\/1743192962468-1?lang=en\" rel=\"nofollow noopener\" target=\"_blank\">sur Klikego<\/a>. Retrait des dossards, samedi 21\u00a0juin \u00e0 l\u2019accueil du centre commercial et la semaine suivante.<\/p>\n<p class=\" wall-content\">Suivez toute l\u2019actualit\u00e9 de vos villes et m\u00e9dias favoris en vous inscrivant \u00e0 <a href=\"https:\/\/moncompte.actu.fr\" title=\"D\u00e9couvez Mon Actu\" rel=\"nofollow noopener\" data-trk=\"{&quot;cta&quot;:{&quot;action&quot;:&quot;https:\\\/\\\/moncompte.actu.fr&quot;,&quot;category&quot;:&quot;mon compte&quot;,&quot;from&quot;:&quot;article footer&quot;,&quot;name&quot;:&quot;Mon actu&quot;,&quot;type&quot;:&quot;cta&quot;}}\" target=\"_blank\">Mon Actu<\/a>.<\/p>\n<p>                    <script async src=\"\/\/www.instagram.com\/embed.js\"><\/script><\/p>\n","protected":false},"excerpt":{"rendered":"Par Cl\u00e9mence Pays Publi\u00e9 le 13 avr. 2025 \u00e0 7h22 C\u2019est une grande premi\u00e8re. 700 coureurs sont attendus&hellip;\n","protected":false},"author":2,"featured_media":22242,"comment_status":"","ping_status":"","sticky":false,"template":"","format":"standard","meta":{"footnotes":""},"categories":[2821],"tags":[1111,11,829,215,1777,674,1011,27,1757,12,584,25,517],"class_list":{"0":"post-22241","1":"post","2":"type-post","3":"status-publish","4":"format-standard","5":"has-post-thumbnail","7":"category-rennes","8":"tag-actu","9":"tag-actualites","10":"tag-bretagne","11":"tag-commerce","12":"tag-eu","13":"tag-europe","14":"tag-fr","15":"tag-france","16":"tag-insolite","17":"tag-news","18":"tag-rennes","19":"tag-republique-francaise","20":"tag-sport"},"share_on_mastodon":{"url":"https:\/\/pubeurope.com\/@fr\/114330835589756023","error":""},"_links":{"self":[{"href":"https:\/\/www.europesays.com\/fr\/wp-json\/wp\/v2\/posts\/22241","targetHints":{"allow":["GET"]}}],"collection":[{"href":"https:\/\/www.europesays.com\/fr\/wp-json\/wp\/v2\/posts"}],"about":[{"href":"https:\/\/www.europesays.com\/fr\/wp-json\/wp\/v2\/types\/post"}],"author":[{"embeddable":true,"href":"https:\/\/www.europesays.com\/fr\/wp-json\/wp\/v2\/users\/2"}],"replies":[{"embeddable":true,"href":"https:\/\/www.europesays.com\/fr\/wp-json\/wp\/v2\/comments?post=22241"}],"version-history":[{"count":0,"href":"https:\/\/www.europesays.com\/fr\/wp-json\/wp\/v2\/posts\/22241\/revisions"}],"wp:featuredmedia":[{"embeddable":true,"href":"https:\/\/www.europesays.com\/fr\/wp-json\/wp\/v2\/media\/22242"}],"wp:attachment":[{"href":"https:\/\/www.europesays.com\/fr\/wp-json\/wp\/v2\/media?parent=22241"}],"wp:term":[{"taxonomy":"category","embeddable":true,"href":"https:\/\/www.europesays.com\/fr\/wp-json\/wp\/v2\/categories?post=22241"},{"taxonomy":"post_tag","embeddable":true,"href":"https:\/\/www.europesays.com\/fr\/wp-json\/wp\/v2\/tags?post=22241"}],"curies":[{"name":"wp","href":"https:\/\/api.w.org\/{rel}","templated":true}]}}