{"id":222410,"date":"2025-07-03T05:38:09","date_gmt":"2025-07-03T05:38:09","guid":{"rendered":"https:\/\/www.europesays.com\/fr\/222410\/"},"modified":"2025-07-03T05:38:09","modified_gmt":"2025-07-03T05:38:09","slug":"le-quinquagenaire-avait-ete-surpris-dans-un-parking-en-pleine-action-avec-une-prostituee-de-16-ans","status":"publish","type":"post","link":"https:\/\/www.europesays.com\/fr\/222410\/","title":{"rendered":"le quinquag\u00e9naire avait \u00e9t\u00e9 surpris dans un parking en pleine action avec une prostitu\u00e9e de 16 ans"},"content":{"rendered":"<p>Voil\u00e0 qui devrait \u00e9corner encore un peu plus la notion d\u00e9j\u00e0 singuli\u00e8rement rassie de \u00ab\u00a0bon p\u00e8re de famille\u00a0\u00bb. Car c\u2019est bel et bien un p\u00e8re de famille, trois enfants, un petit-fils, un travail stable \u00e0 Aubagne, qui a \u00e9t\u00e9 condamn\u00e9 mardi dernier 1er\u00a0juillet par le tribunal correctionnel de Marseille, apr\u00e8s avoir \u00e9t\u00e9 interpell\u00e9 en flagrant d\u00e9lit avec une <a href=\"https:\/\/www.laprovence.com\/article\/faits-divers-justice\/6266621067480914\/certaines-ont-a-peine-12-ans-a-marseille-la-prostitution-de-mineures-pourrait-depasser-la-prostitution-classique\" target=\"_blank\" rel=\"noopener\">prostitu\u00e9e mineure<\/a>. Constantin S. a \u00e9cop\u00e9 de 18 mois de prison dont 9 mois de sursis simple.<\/p>\n<p>Six mois plus t\u00f4t, un matin de janvier\u00a02025, c\u2019est un ouvrier affair\u00e9 sur un chantier \u00e0 proximit\u00e9 du square Labadi\u00e9, surnomm\u00e9 \u00ab\u00a0<a href=\"https:\/\/www.laprovence.com\/article\/societe\/27982018460904\/la-drogue-est-partout-de-tres-jeunes-filles-se-prostituent-a-marseille-lenfer-des-reseaux-place-labadie\" target=\"_blank\" rel=\"noopener\">La Rotonde<\/a>\u00ab\u00a0, qui avait donn\u00e9 l\u2019alerte. Dans ce quartier du Chapitre, coinc\u00e9 entre la gare Saint-Charles et les R\u00e9form\u00e9s, marqu\u00e9 depuis des d\u00e9cennies par la pr\u00e9sence de prostitu\u00e9es &#8211; notamment mineures &#8211; et de toxicomanes, l\u2019ouvrier avait vu une adolescente monter dans la voiture du quinquag\u00e9naire, qui s\u2019\u00e9tait ensuite engouffr\u00e9e dans le parking Gambetta.<\/p>\n<p>Au 3e sous-sol d\u2019un parking, la police avait surpris les \u00e9bats<\/p>\n<p>Au 3e sous-sol, un \u00e9quipage de la police municipale les avait surpris en pleins \u00e9bats sexuels.<\/p>\n<p>Devant les enqu\u00eateurs, l\u2019adolescente, n\u00e9e en avril 2008, avait reconnu avoir accept\u00e9 50 euros en \u00e9change d\u2019un acte sexuel. \u00ab\u00a0Le client m\u2019a demand\u00e9 mon \u00e2ge, j\u2019ai r\u00e9pondu 19 ans. Il ne savait pas que j\u2019\u00e9tais mineure et ne m\u2019a pas forc\u00e9e\u00a0\u00bb, avait pr\u00e9cis\u00e9 la jeune fille aux enqu\u00eateurs. Plac\u00e9e depuis l\u2019\u00e2ge de deux ans, ballott\u00e9e de foyer en foyer, elle portait sur elle un poing am\u00e9ricain, maigre d\u00e9fense contre d\u2019\u00e9ventuels clients violents. Mais son apparente minorit\u00e9, remarqu\u00e9e par plusieurs t\u00e9moins, avait mis \u00e0 mal cette version.<\/p>\n<p>Mardi, devant les juges de la 5e chambre, o\u00f9 d\u00e9filent plus souvent qu\u2019\u00e0 leur tour les protagonistes d\u2019affaires de <a href=\"https:\/\/www.laprovence.com\/article\/region\/1135414804074714\/quelle-mise-en-securite-pour-les-victimes-de-violences-intrafamiliales-a-digne-le-temoignage-daudrey\" target=\"_blank\" rel=\"noopener\">violences intrafamiliales<\/a> (VIF), plus rarement des clients de prostitu\u00e9es, a fortiori mineures, le technicien de laboratoire a admis les faits, contestant toutefois avoir eu connaissance de l\u2019\u00e2ge r\u00e9el de la jeune prostitu\u00e9e. Il a d\u00e9crit une sc\u00e8ne dans laquelle, passag\u00e8re du bus devant lui, elle lui aurait propos\u00e9, usant de gestes obsc\u00e8nes, une prestation sexuelle, avant de descendre du transport en commun et de le suivre dans le parking.<\/p>\n<p>\u00ab\u00a0Client d\u2019habitude\u00a0\u00bb<\/p>\n<p>Des explications auxquelles n\u2019a gu\u00e8re adh\u00e9r\u00e9 la procureure Agn\u00e8s Rostoker, convaincue qu\u2019en se rendant au <a href=\"https:\/\/www.laprovence.com\/article\/region\/1363776722317115\/a-marseille-la-place-labadie-malade-de-ses-violences-et-de-ses-errances\" target=\"_blank\" rel=\"noopener\">square Labadi\u00e9<\/a>, ce \u00ab\u00a0client d\u2019habitude\u00a0\u00bb ne pouvait ignorer qu\u2019il jetait en p\u00e2ture, plus qu\u2019il n\u2019abritait, des prostitu\u00e9es mineures. D\u2019autant que l\u2019Aubagnais, s\u2019il n\u2019avait jamais \u00e9t\u00e9 condamn\u00e9 auparavant, avait d\u00e9j\u00e0 \u00e9t\u00e9 signal\u00e9 une fois pour corruption de mineure.<\/p>\n<p>Outre les 18 mois de prison et \u00e0 titre de peine compl\u00e9mentaire, Constantin S. a \u00e9t\u00e9 interdit de toute activit\u00e9 professionnelle ou b\u00e9n\u00e9vole avec des mineurs pendant cinq ans, et il est d\u00e9sormais inscrit au Fijeais (fichier judiciaire automatis\u00e9 des auteurs d\u2019infractions sexuelles ou violentes, NDLR).<\/p>\n","protected":false},"excerpt":{"rendered":"Voil\u00e0 qui devrait \u00e9corner encore un peu plus la notion d\u00e9j\u00e0 singuli\u00e8rement rassie de \u00ab\u00a0bon p\u00e8re de famille\u00a0\u00bb.&hellip;\n","protected":false},"author":2,"featured_media":222411,"comment_status":"","ping_status":"","sticky":false,"template":"","format":"standard","meta":{"footnotes":""},"categories":[2814],"tags":[17,1111,11,8851,1446,2883,1777,674,274,1011,27,884,12,16025,882,33889,25,36162],"class_list":{"0":"post-222410","1":"post","2":"type-post","3":"status-publish","4":"format-standard","5":"has-post-thumbnail","7":"category-marseille","8":"tag-17","9":"tag-actu","10":"tag-actualites","11":"tag-avait","12":"tag-dans","13":"tag-ete","14":"tag-eu","15":"tag-europe","16":"tag-faits-divers-justice","17":"tag-fr","18":"tag-france","19":"tag-marseille","20":"tag-news","21":"tag-parking","22":"tag-provence-alpes-cote-dazur","23":"tag-quinquagenaire","24":"tag-republique-francaise","25":"tag-surpris"},"share_on_mastodon":{"url":"https:\/\/pubeurope.com\/@fr\/114787693641587710","error":""},"_links":{"self":[{"href":"https:\/\/www.europesays.com\/fr\/wp-json\/wp\/v2\/posts\/222410","targetHints":{"allow":["GET"]}}],"collection":[{"href":"https:\/\/www.europesays.com\/fr\/wp-json\/wp\/v2\/posts"}],"about":[{"href":"https:\/\/www.europesays.com\/fr\/wp-json\/wp\/v2\/types\/post"}],"author":[{"embeddable":true,"href":"https:\/\/www.europesays.com\/fr\/wp-json\/wp\/v2\/users\/2"}],"replies":[{"embeddable":true,"href":"https:\/\/www.europesays.com\/fr\/wp-json\/wp\/v2\/comments?post=222410"}],"version-history":[{"count":0,"href":"https:\/\/www.europesays.com\/fr\/wp-json\/wp\/v2\/posts\/222410\/revisions"}],"wp:featuredmedia":[{"embeddable":true,"href":"https:\/\/www.europesays.com\/fr\/wp-json\/wp\/v2\/media\/222411"}],"wp:attachment":[{"href":"https:\/\/www.europesays.com\/fr\/wp-json\/wp\/v2\/media?parent=222410"}],"wp:term":[{"taxonomy":"category","embeddable":true,"href":"https:\/\/www.europesays.com\/fr\/wp-json\/wp\/v2\/categories?post=222410"},{"taxonomy":"post_tag","embeddable":true,"href":"https:\/\/www.europesays.com\/fr\/wp-json\/wp\/v2\/tags?post=222410"}],"curies":[{"name":"wp","href":"https:\/\/api.w.org\/{rel}","templated":true}]}}