{"id":222416,"date":"2025-07-03T05:41:11","date_gmt":"2025-07-03T05:41:11","guid":{"rendered":"https:\/\/www.europesays.com\/fr\/222416\/"},"modified":"2025-07-03T05:41:11","modified_gmt":"2025-07-03T05:41:11","slug":"la-bretelle-dacces-a-la43-fermee-a-bron-35-km-de-bouchons-dans-lagglomeration-lyonnaise","status":"publish","type":"post","link":"https:\/\/www.europesays.com\/fr\/222416\/","title":{"rendered":"la bretelle d&rsquo;acc\u00e8s \u00e0 l&rsquo;A43 ferm\u00e9e \u00e0 Bron, 35 km de bouchons dans l&rsquo;agglom\u00e9ration lyonnaise"},"content":{"rendered":"<p>\u27a1\ufe0f Les difficult\u00e9s majeures se trouvent autour du <strong>n\u0153ud de Manissieux<\/strong>, jonction entre l&rsquo;A43 vers Lyon et l&rsquo;A46 Sud. Comptez d\u00e9j\u00e0 plus de <strong>9 km de bouchons<\/strong> sur ces deux axes.<\/p>\n<p>\u27a1\ufe0f Un peu plus au sud, ralentissements sur l&rsquo;<strong>A7<\/strong> entre Solaize et Saint-Fons (4 km), <strong>l\u2019A47<\/strong> \u00e0 hauteur de Givors (1,5 km) et sur l&rsquo;<strong>A450<\/strong> autour de Pierre-B\u00e9nite (1,5 km).<\/p>\n<p>\u27a1\ufe0f Enfin, la <strong>Rocade Est<\/strong> commence \u00e0 se charger en direction de Marseille (1 km), tout comme la <strong>M6<\/strong> avant l&rsquo;entr\u00e9e du tunnel sous Fourvi\u00e8re (3 km).<\/p>\n<p><strong>\u27a1\ufe0f34 km de bouchons cumul\u00e9s sur l&rsquo;agglom\u00e9ration<\/strong><\/p>\n","protected":false},"excerpt":{"rendered":"\u27a1\ufe0f Les difficult\u00e9s majeures se trouvent autour du n\u0153ud de Manissieux, jonction entre l&rsquo;A43 vers Lyon et l&rsquo;A46&hellip;\n","protected":false},"author":2,"featured_media":222417,"comment_status":"","ping_status":"","sticky":false,"template":"","format":"standard","meta":{"footnotes":""},"categories":[1889],"tags":[119,1111,11,2430,3542,3152,2757,3153,3154,3155,3156,1777,674,1011,27,2428,12,25,2429,1097],"class_list":{"0":"post-222416","1":"post","2":"type-post","3":"status-publish","4":"format-standard","5":"has-post-thumbnail","7":"category-lyon","8":"tag-accident","9":"tag-actu","10":"tag-actualites","11":"tag-auvergne-rhone-alpes","12":"tag-circulation","13":"tag-edition-est-lyonnais","14":"tag-edition-lyon-villeurbanne","15":"tag-edition-ouest-lyonnais","16":"tag-edition-sud-lyonnais","17":"tag-edition-tarare","18":"tag-edition-villefranche","19":"tag-eu","20":"tag-europe","21":"tag-fr","22":"tag-france","23":"tag-lyon","24":"tag-news","25":"tag-republique-francaise","26":"tag-rhone","27":"tag-trafic"},"share_on_mastodon":{"url":"https:\/\/pubeurope.com\/@fr\/114787705363360143","error":""},"_links":{"self":[{"href":"https:\/\/www.europesays.com\/fr\/wp-json\/wp\/v2\/posts\/222416","targetHints":{"allow":["GET"]}}],"collection":[{"href":"https:\/\/www.europesays.com\/fr\/wp-json\/wp\/v2\/posts"}],"about":[{"href":"https:\/\/www.europesays.com\/fr\/wp-json\/wp\/v2\/types\/post"}],"author":[{"embeddable":true,"href":"https:\/\/www.europesays.com\/fr\/wp-json\/wp\/v2\/users\/2"}],"replies":[{"embeddable":true,"href":"https:\/\/www.europesays.com\/fr\/wp-json\/wp\/v2\/comments?post=222416"}],"version-history":[{"count":0,"href":"https:\/\/www.europesays.com\/fr\/wp-json\/wp\/v2\/posts\/222416\/revisions"}],"wp:featuredmedia":[{"embeddable":true,"href":"https:\/\/www.europesays.com\/fr\/wp-json\/wp\/v2\/media\/222417"}],"wp:attachment":[{"href":"https:\/\/www.europesays.com\/fr\/wp-json\/wp\/v2\/media?parent=222416"}],"wp:term":[{"taxonomy":"category","embeddable":true,"href":"https:\/\/www.europesays.com\/fr\/wp-json\/wp\/v2\/categories?post=222416"},{"taxonomy":"post_tag","embeddable":true,"href":"https:\/\/www.europesays.com\/fr\/wp-json\/wp\/v2\/tags?post=222416"}],"curies":[{"name":"wp","href":"https:\/\/api.w.org\/{rel}","templated":true}]}}