{"id":222420,"date":"2025-07-03T05:44:09","date_gmt":"2025-07-03T05:44:09","guid":{"rendered":"https:\/\/www.europesays.com\/fr\/222420\/"},"modified":"2025-07-03T05:44:09","modified_gmt":"2025-07-03T05:44:09","slug":"dans-ce-centre-medical-de-paris-les-consultations-specialisees-sont-assurees-par-des-medecins-retraites","status":"publish","type":"post","link":"https:\/\/www.europesays.com\/fr\/222420\/","title":{"rendered":"Dans ce centre m\u00e9dical de Paris, les consultations sp\u00e9cialis\u00e9es sont assur\u00e9es par des m\u00e9decins retrait\u00e9s"},"content":{"rendered":"<p>            Par<br \/>\n        <strong><br \/>\n            <a href=\"https:\/\/actu.fr\/auteur\/emilie-salabelle\" title=\"Consulter tous les articles de Emilie Salabelle\" target=\"_blank\" rel=\"noopener\">Emilie Salabelle<\/a><br \/>\n        <\/strong><\/p>\n<p>        Publi\u00e9 le<\/p>\n<p>            3 juil. 2025 \u00e0 7h16        <\/p>\n<p>Tignasse blanche \u00e9bouriff\u00e9e, chemise l\u00e9g\u00e8re d\u00e9boutonn\u00e9e au col, le professeur Jean-Jacques Altman 77\u00a0ans, encha\u00eene avec bonhomie ses consultations de la matin\u00e9e. Depuis juin\u00a02025, l\u2019endocrinologue et diab\u00e9tologue, ancien chef de service \u00e0 l<a href=\"https:\/\/actu.fr\/ile-de-france\/paris_75056\/deux-hopitaux-de-paris-parmi-les-tout-meilleurs-du-monde-selon-le-classement-annuel-de-newsweek_61109784.html\" target=\"_blank\" rel=\"noopener\">\u2019h\u00f4pital Georges-Pompidou<\/a>, accueille ses patients dans un vaste cabinet immacul\u00e9, o\u00f9 flotte encore un certain vide malgr\u00e9 les machines et tables d\u2019auscultations flambant neuves. Comme lui, ils sont une cinquantaine de <strong>m\u00e9decins retrait\u00e9s<\/strong> \u00e0 investir le nouveau centre de sp\u00e9cialit\u00e9s m\u00e9dicales Odon-Vallet, qui vient d\u2019ouvrir au 15 boulevard G\u00e9n\u00e9ral Jean Simon \u00e0 <a href=\"https:\/\/actu.fr\/paris\/\" target=\"_blank\" rel=\"noopener\">Paris<\/a> (13e). Rhumatologue, gastro-ent\u00e9rologue, ORL, cardiologue, gyn\u00e9cologue\u2026 La plupart sont d\u2019anciens professeurs des universit\u00e9s et praticiens hospitaliers (PU-PH). Dans le <a href=\"https:\/\/actu.fr\/societe\/penurie-de-medecins-generalistes-en-ile-de-france-plus-d-un-habitant-sur-deux-peine-a-consulter_61966264.html\" target=\"_blank\" rel=\"noopener\">d\u00e9sert m\u00e9dical qu\u2019est l\u2019\u00cele-de-France<\/a>, ce centre d\u2019un nouveau genre permet de consulter rapidement des <strong>praticiens exp\u00e9riment\u00e9s<\/strong> dans des sp\u00e9cialit\u00e9s recherch\u00e9es, le tout <strong>sans d\u00e9passement d\u2019honoraires<\/strong>.<\/p>\n<p>\u00ab\u2009Revoir des patients en pr\u00e9sentiel\u2009\u00bb<\/p>\n<p class=\" wall-content\">\u00ab\u2009Quand j\u2019ai appris l\u2019existence de ce centre, je me suis pr\u00e9cipit\u00e9\u2009\u00bb, raconte le Dr Altman. Apr\u00e8s plus de 50\u00a0ans \u00e0 travailler \u00e0 l\u2019AP-HP, l\u2019envie d\u2019exercer n\u2019a pas boug\u00e9 d\u2019un iota. \u00ab\u2009Depuis ma retraite officielle \u00e0 72\u00a0ans, j\u2019ai continu\u00e9 \u00e0 travailler. J\u2019\u00e9tais expert sur un site en t\u00e9l\u00e9-consultation. Mais ici, je peux revoir des patients en pr\u00e9sentiel. C\u2019est tr\u00e8s agr\u00e9able. Et \u00e7a me permet de <strong>continuer \u00e0 pratique ma sp\u00e9cialit\u00e9<\/strong>, qui \u00e9volue beaucoup ces derni\u00e8res ann\u00e9es sur le plan th\u00e9rapeutique\u2009\u00bb.<\/p>\n<p class=\" wall-content\">Les sp\u00e9cialistes retrait\u00e9s trouvent \u00e0 travers cette formule une <strong>grande flexibilit\u00e9<\/strong>, avec en moyenne une journ\u00e9e travaill\u00e9e par semaine. Le Pr Sa\u00efd Honarfar, ORL, travaille actuellement deux jours par semaine au centre. \u00ab\u2009Le syst\u00e8me est tr\u00e8s souple. Si on doit s\u2019absenter un ou plusieurs mois, ce n\u2019est pas un probl\u00e8me.\u2009\u00bb Outre l\u2019\u00e9quipement de pointe, les m\u00e9decins sont lib\u00e9r\u00e9s de toutes contraintes administratives. \u00ab\u2009Sans la paperasserie qui peut \u00eatre tr\u00e8s chronophage, c\u2019est une formule id\u00e9ale. Vous voyez les patients et vous ne vous occupez de rien d\u2019autre. On peut prendre plus de temps pour chaque consultation\u2009\u00bb, juge le m\u00e9decin ORL.<\/p>\n<p class=\" wall-content\">Dans la salle de consultation d\u2019\u00e0 c\u00f4t\u00e9, le Pr Jean-Christophe Mercier, p\u00e9diatre, affiche lui aussi une motivation inalt\u00e9rable \u00e0 78 ans. \u00ab\u00a0Partir \u00e0 la p\u00eache, ce n\u2019est pas mon genre. J\u2019ai envie de voir un tas d\u2019enfants\u2009!\u00a0\u00bb, rigole l\u2019ancien chef du service des urgences p\u00e9diatriques de <a href=\"https:\/\/actu.fr\/societe\/paris-a-l-hopital-pediatrique-robert-debre-les-soignants-sous-tension_54859049.html\" target=\"_blank\" rel=\"noopener\">l\u2019h\u00f4pital Robert-Debr\u00e9<\/a> et du service de p\u00e9diatrie-urgences de l\u2019<a href=\"https:\/\/actu.fr\/ile-de-france\/colombes_92025\/hopital-louis-mourier-a-colombes-un-nouveau-service-des-urgences-entierement-renove_60439147.html\" target=\"_blank\" rel=\"noopener\">h\u00f4pital Louis-Mourier<\/a> \u00e0 <a href=\"https:\/\/actu.fr\/ile-de-france\/colombes_92025\" target=\"_blank\" rel=\"noopener\">Colombes<\/a>. C\u2019est important de permettre aux m\u00e9decins qui ont aim\u00e9 plus que tout la m\u00e9decine de <strong>continuer \u00e0 rendre service \u00e0 la population<\/strong>\u00ab\u00a0, estime le soignant.<\/p>\n<p>\u00ab\u2009Retraite forc\u00e9e\u2009\u00bb<\/p>\n<p class=\" wall-content\">C\u2019est en partant de ce constat que le centre Odon-Vallet a \u00e9t\u00e9 cr\u00e9\u00e9, explique \u00e0 actu Paris l\u2019un de ses fondateurs, J\u00e9r\u00e9my Renard. \u00ab\u2009La plupart de ces m\u00e9decins sont d\u2019anciens fonctionnaires de l\u2019h\u00f4pital public qui ont subi une retraite forc\u00e9e. Ceux qui veulent continuer de travailler sont mis dehors avec tr\u00e8s peu d\u2019alternatives. Au mieux, on leur propose un contrat de consultant junior. <strong>Beaucoup se sentent d\u00e9class\u00e9s, d\u00e9consid\u00e9r\u00e9s<\/strong>\u2009\u00bb, d\u00e9veloppe l\u2019entrepreneur venu du monde de la start-up et de la cr\u00e9ation d\u2019entreprise. \u00ab\u2009Je pense qu\u2019il faudrait repenser le mod\u00e8le de la retraite. \u00c7a ne devrait pas \u00eatre un bouton on\/off, mais un passage progressif, avec du temps all\u00e9g\u00e9, de la formation\u2026\u2009\u00bb<\/p>\n<p class=\" wall-content\">La cr\u00e9ation du centre a n\u00e9cessit\u00e9 un investissement de plus d\u2019<strong>1\u00a0million d\u2019euros<\/strong>, financ\u00e9 essentiellement par la fondation Vallet \u00e0 hauteur de 600\u2009000\u00a0euros. La <a href=\"https:\/\/actu.fr\/tag\/mairie-de-paris\" target=\"_blank\" rel=\"noopener\">Ville de Paris<\/a> a particip\u00e9 \u00e0 hauteur de 180\u2009000\u00a0euros, et la r\u00e9gion \u00cele-de-France 100\u2009000\u00a0euros. \u00ab\u2009Le projet a \u00e9t\u00e9 tr\u00e8s compliqu\u00e9 \u00e0 monter, car <strong>on ne rentrait dans aucune case, <\/strong>mais on a fini par avoir la validation de l\u2019ARS. On n\u2019a jamais r\u00e9uni un tel <strong>concentr\u00e9 de savoirs<\/strong> dans un tel endroit, avec des m\u00e9decins retrait\u00e9s. Mais on a fini par avoir la validation de l\u2019ARS\u2009\u00bb, se f\u00e9licite J\u00e9r\u00e9my Renard.<\/p>\n<p>\u00ab\u2009\u00c7a change des centres m\u00e9dicaux exp\u00e9ditifs\u2009\u00bb<\/p>\n<p class=\" wall-content\">Le mod\u00e8le, encore peu connu, va devoir faire ses preuves. \u00ab\u2009Il faut qu\u2019on trouve de nouveaux patients, pour atteindre un taux d\u2019occupation minimum de 80\u2009%. Aujourd\u2019hui, on a environ 40\u2009%\u2009\u00bb, glisse le directeur g\u00e9n\u00e9ral du centre.<\/p>\n<p class=\" wall-content\">Si la salle d\u2019attente reste encore clairsem\u00e9e, de nouveaux patients ne tardent cependant pas \u00e0 arriver. Son nouveau-n\u00e9 de 12\u00a0jours dans les bras, Naima sort justement d\u2019une consultation en p\u00e9diatrie. \u00ab\u2009J\u2019habite juste \u00e0 c\u00f4t\u00e9. C\u2019est super de pouvoir consulter des gens exp\u00e9riment\u00e9s vu la p\u00e9nurie de m\u00e9decins dans toutes les sp\u00e9cialit\u00e9s. J<strong>e trouve \u00e7a rassurant<\/strong>. \u00c7a me change des centres m\u00e9dicaux exp\u00e9ditifs. L\u00e0, le m\u00e9decin a pris le temps. On sent que ce n\u2019est pas \u00e0 la cha\u00eene.\u2009\u00bb<\/p>\n<p class=\" wall-content\">Michel, venu consulter pour des probl\u00e8mes de vertiges, il a appr\u00e9ci\u00e9 trouver un rendez-vous ORL rapidement. \u00ab\u2009D\u2019habitude, j\u2019en ai pour quatre mois d\u2019attente.\u2009\u00bb Audrey, elle, est venue de beaucoup plus loin pour consulter le p\u00e9diatre. \u00ab\u2009On habite en <a href=\"https:\/\/actu.fr\/essonne\/\" target=\"_blank\" rel=\"noopener\">Essonne<\/a>. Il n\u2019y avait aucune disponibilit\u00e9 pr\u00e8s de chez nous. Ici, on a un m\u00e9decin qui a de l\u2019exp\u00e9rience \u00e0 des <strong>tarifs tr\u00e8s corrects<\/strong>\u2009\u00bb, se f\u00e9licite cette infirmi\u00e8re de profession.<\/p>\n<p class=\" wall-content\">Les soignants sont <strong>r\u00e9mun\u00e9r\u00e9s entre 350 et 500\u00a0euros bruts<\/strong> par jour, soit environ 250\u00a0euros net. Un salaire bien inf\u00e9rieur \u00e0 ce qu\u2019ils gagnaient en fin de carri\u00e8re \u00e0 l\u2019AP-HP. Mais la r\u00e9mun\u00e9ration n\u2019est pas leur motivation principale, assurent ceux qu\u2019actu Paris a interrog\u00e9s. \u00ab\u2009Je trouve \u00e7a tr\u00e8s bien de pouvoir offrir des consultations de secteur un avec des professeurs qui ne sont pas encore compl\u00e8tement g\u00e2teux\u2009\u00bb, sourit pour sa part l\u2019endocrinologue Jean-Jacques Altman.<\/p>\n<p class=\" wall-content\">Suivez toute l\u2019actualit\u00e9 de vos villes et m\u00e9dias favoris en vous inscrivant \u00e0 <a href=\"https:\/\/moncompte.actu.fr\" title=\"D\u00e9couvez Mon Actu\" rel=\"nofollow noopener\" data-trk=\"{&quot;cta&quot;:{&quot;action&quot;:&quot;https:\\\/\\\/moncompte.actu.fr&quot;,&quot;category&quot;:&quot;mon compte&quot;,&quot;from&quot;:&quot;article footer&quot;,&quot;name&quot;:&quot;Mon actu&quot;,&quot;type&quot;:&quot;cta&quot;}}\" target=\"_blank\">Mon Actu<\/a>.<\/p>\n","protected":false},"excerpt":{"rendered":"Par Emilie Salabelle Publi\u00e9 le 3 juil. 2025 \u00e0 7h16 Tignasse blanche \u00e9bouriff\u00e9e, chemise l\u00e9g\u00e8re d\u00e9boutonn\u00e9e au col,&hellip;\n","protected":false},"author":2,"featured_media":222421,"comment_status":"","ping_status":"","sticky":false,"template":"","format":"standard","meta":{"footnotes":""},"categories":[1888],"tags":[1111,1928,11,1927,1777,674,1011,27,2673,12,1926,626,1925,25,137,71,104],"class_list":{"0":"post-222420","1":"post","2":"type-post","3":"status-publish","4":"format-standard","5":"has-post-thumbnail","7":"category-paris","8":"tag-actu","9":"tag-actu-paris","10":"tag-actualites","11":"tag-actualites-paris","12":"tag-eu","13":"tag-europe","14":"tag-fr","15":"tag-france","16":"tag-medecins","17":"tag-news","18":"tag-news-paris","19":"tag-paris","20":"tag-paris-news","21":"tag-republique-francaise","22":"tag-retraite","23":"tag-sante","24":"tag-societe"},"share_on_mastodon":{"url":"https:\/\/pubeurope.com\/@fr\/114787717178606931","error":""},"_links":{"self":[{"href":"https:\/\/www.europesays.com\/fr\/wp-json\/wp\/v2\/posts\/222420","targetHints":{"allow":["GET"]}}],"collection":[{"href":"https:\/\/www.europesays.com\/fr\/wp-json\/wp\/v2\/posts"}],"about":[{"href":"https:\/\/www.europesays.com\/fr\/wp-json\/wp\/v2\/types\/post"}],"author":[{"embeddable":true,"href":"https:\/\/www.europesays.com\/fr\/wp-json\/wp\/v2\/users\/2"}],"replies":[{"embeddable":true,"href":"https:\/\/www.europesays.com\/fr\/wp-json\/wp\/v2\/comments?post=222420"}],"version-history":[{"count":0,"href":"https:\/\/www.europesays.com\/fr\/wp-json\/wp\/v2\/posts\/222420\/revisions"}],"wp:featuredmedia":[{"embeddable":true,"href":"https:\/\/www.europesays.com\/fr\/wp-json\/wp\/v2\/media\/222421"}],"wp:attachment":[{"href":"https:\/\/www.europesays.com\/fr\/wp-json\/wp\/v2\/media?parent=222420"}],"wp:term":[{"taxonomy":"category","embeddable":true,"href":"https:\/\/www.europesays.com\/fr\/wp-json\/wp\/v2\/categories?post=222420"},{"taxonomy":"post_tag","embeddable":true,"href":"https:\/\/www.europesays.com\/fr\/wp-json\/wp\/v2\/tags?post=222420"}],"curies":[{"name":"wp","href":"https:\/\/api.w.org\/{rel}","templated":true}]}}