{"id":222424,"date":"2025-07-03T05:46:23","date_gmt":"2025-07-03T05:46:23","guid":{"rendered":"https:\/\/www.europesays.com\/fr\/222424\/"},"modified":"2025-07-03T05:46:23","modified_gmt":"2025-07-03T05:46:23","slug":"municipales-2026-a-paris-pierre-yves-bournazel-devoile-sa-strategie-pour-bien-depenser-chaque-euro","status":"publish","type":"post","link":"https:\/\/www.europesays.com\/fr\/222424\/","title":{"rendered":"Municipales 2026 \u00e0 Paris\u00a0: Pierre-Yves Bournazel d\u00e9voile sa strat\u00e9gie pour \u00ab\u00a0bien d\u00e9penser chaque euro\u00a0\u00bb"},"content":{"rendered":"<p class=\"paragraph text_align_left lp-f-body-02\">Il s\u2019est pr\u00e9sent\u00e9 comme <a href=\"https:\/\/www.leparisien.fr\/elections\/municipales\/municipales-a-paris-pierre-yves-bournazel-candidat-anti-pagaille-02-06-2025-Q6JCP5US7RALRHZMSGFRDYZXDI.php\" target=\"_blank\" rel=\"noreferrer nofollow noopener\">le candidat \u00ab anti-pagaille \u00bb<\/a>. Il veut aussi \u00eatre le maire de Paris \u00ab antigaspillage \u00bb d\u2019argent public. Pierre-Yves Bournazel, candidat (Horizons) aux <a href=\"https:\/\/www.leparisien.fr\/elections\/municipales\/municipales-paris\/\" target=\"_blank\" rel=\"noreferrer nofollow noopener\">municipales de 2026 dans la capitale<\/a>, d\u00e9voile sa volont\u00e9 de cr\u00e9er une charte \u00ab \u00e9thique, transparence et gouvernance \u00bb. Un document de dix mesures qu\u2019il veut \u00ab transpartisanes \u00bb et qu\u2019il appliquera s\u2019il est \u00e9lu en mars prochain.<\/p>\n<p class=\"paragraph text_align_left lp-f-body-02\">\u00ab Je demanderai \u00e0 l\u2019ensemble de mes colistiers de faire de m\u00eame. Ces propositions sont ouvertes, f\u00e9d\u00e9ratrices et peuvent rassembler bien au-del\u00e0 de notre \u00e9quipe. J\u2019appelle d\u2019ailleurs tous les autres candidats \u00e0 les reprendre et y adh\u00e9rer \u00bb, d\u00e9clare-t-il au Parisien.<\/p>\n","protected":false},"excerpt":{"rendered":"Il s\u2019est pr\u00e9sent\u00e9 comme le candidat \u00ab anti-pagaille \u00bb. Il veut aussi \u00eatre le maire de Paris \u00ab&hellip;\n","protected":false},"author":2,"featured_media":222425,"comment_status":"","ping_status":"","sticky":false,"template":"","format":"standard","meta":{"footnotes":""},"categories":[1888],"tags":[11,5949,1777,674,1011,27,3554,12,626,316,25],"class_list":{"0":"post-222424","1":"post","2":"type-post","3":"status-publish","4":"format-standard","5":"has-post-thumbnail","7":"category-paris","8":"tag-actualites","9":"tag-elections","10":"tag-eu","11":"tag-europe","12":"tag-fr","13":"tag-france","14":"tag-municipales","15":"tag-news","16":"tag-paris","17":"tag-politique","18":"tag-republique-francaise"},"share_on_mastodon":{"url":"https:\/\/pubeurope.com\/@fr\/114787725073592412","error":""},"_links":{"self":[{"href":"https:\/\/www.europesays.com\/fr\/wp-json\/wp\/v2\/posts\/222424","targetHints":{"allow":["GET"]}}],"collection":[{"href":"https:\/\/www.europesays.com\/fr\/wp-json\/wp\/v2\/posts"}],"about":[{"href":"https:\/\/www.europesays.com\/fr\/wp-json\/wp\/v2\/types\/post"}],"author":[{"embeddable":true,"href":"https:\/\/www.europesays.com\/fr\/wp-json\/wp\/v2\/users\/2"}],"replies":[{"embeddable":true,"href":"https:\/\/www.europesays.com\/fr\/wp-json\/wp\/v2\/comments?post=222424"}],"version-history":[{"count":0,"href":"https:\/\/www.europesays.com\/fr\/wp-json\/wp\/v2\/posts\/222424\/revisions"}],"wp:featuredmedia":[{"embeddable":true,"href":"https:\/\/www.europesays.com\/fr\/wp-json\/wp\/v2\/media\/222425"}],"wp:attachment":[{"href":"https:\/\/www.europesays.com\/fr\/wp-json\/wp\/v2\/media?parent=222424"}],"wp:term":[{"taxonomy":"category","embeddable":true,"href":"https:\/\/www.europesays.com\/fr\/wp-json\/wp\/v2\/categories?post=222424"},{"taxonomy":"post_tag","embeddable":true,"href":"https:\/\/www.europesays.com\/fr\/wp-json\/wp\/v2\/tags?post=222424"}],"curies":[{"name":"wp","href":"https:\/\/api.w.org\/{rel}","templated":true}]}}