{"id":222426,"date":"2025-07-03T05:47:14","date_gmt":"2025-07-03T05:47:14","guid":{"rendered":"https:\/\/www.europesays.com\/fr\/222426\/"},"modified":"2025-07-03T05:47:14","modified_gmt":"2025-07-03T05:47:14","slug":"ligne-paris-normandie-les-elus-franciliens-jouent-la-montre","status":"publish","type":"post","link":"https:\/\/www.europesays.com\/fr\/222426\/","title":{"rendered":"Ligne Paris-Normandie\u00a0: les \u00e9lus franciliens jouent la montre"},"content":{"rendered":"<p class=\"paragraph text_align_left lp-f-body-02\">On repart \u00e0 z\u00e9ro, ou presque. Les \u00e9lus normands et franciliens se sont retrouv\u00e9s mardi \u00e0 Giverny (Eure), sous l\u2019\u00e9gide des repr\u00e9sentants de l\u2019\u00c9tat, \u00e0 l\u2019occasion d\u2019un comit\u00e9 de pilotage consacr\u00e9 \u00e0 <a href=\"https:\/\/www.leparisien.fr\/yvelines-78\/ligne-nouvelle-paris-normandie-apres-le-coup-darret-on-fait-le-point-sur-ce-projet-ferroviaire-19-06-2025-D5PXDZHCVFCKJN73E7JEL72RAE.php\" target=\"_blank\" rel=\"noreferrer nofollow noopener\">la ligne nouvelle Paris-Normandie<\/a> (LNPN). <\/p>\n<p class=\"paragraph text_align_left lp-f-body-02\">Depuis des mois ce projet fait couler beaucoup d\u2019encre en raison de profonds d\u00e9saccords entre les deux \u00ab camps \u00bb \u00e0 propos du trac\u00e9 de cette ligne \u00e0 grande vitesse. La LNPN a m\u00eame \u00e9t\u00e9 rejet\u00e9e par la r\u00e9gion \u00cele-de-France qui l\u2019a tout simplement exclue de son sch\u00e9ma d\u2019urbanisme.<\/p>\n","protected":false},"excerpt":{"rendered":"On repart \u00e0 z\u00e9ro, ou presque. Les \u00e9lus normands et franciliens se sont retrouv\u00e9s mardi \u00e0 Giverny (Eure),&hellip;\n","protected":false},"author":2,"featured_media":222427,"comment_status":"","ping_status":"","sticky":false,"template":"","format":"standard","meta":{"footnotes":""},"categories":[1888],"tags":[11,459,1777,674,1011,27,1944,12,626,25,1938],"class_list":{"0":"post-222426","1":"post","2":"type-post","3":"status-publish","4":"format-standard","5":"has-post-thumbnail","7":"category-paris","8":"tag-actualites","9":"tag-departements-horsidfo","10":"tag-eu","11":"tag-europe","12":"tag-fr","13":"tag-france","14":"tag-ma-ville","15":"tag-news","16":"tag-paris","17":"tag-republique-francaise","18":"tag-yvelines"},"share_on_mastodon":{"url":"https:\/\/pubeurope.com\/@fr\/114787729094967382","error":""},"_links":{"self":[{"href":"https:\/\/www.europesays.com\/fr\/wp-json\/wp\/v2\/posts\/222426","targetHints":{"allow":["GET"]}}],"collection":[{"href":"https:\/\/www.europesays.com\/fr\/wp-json\/wp\/v2\/posts"}],"about":[{"href":"https:\/\/www.europesays.com\/fr\/wp-json\/wp\/v2\/types\/post"}],"author":[{"embeddable":true,"href":"https:\/\/www.europesays.com\/fr\/wp-json\/wp\/v2\/users\/2"}],"replies":[{"embeddable":true,"href":"https:\/\/www.europesays.com\/fr\/wp-json\/wp\/v2\/comments?post=222426"}],"version-history":[{"count":0,"href":"https:\/\/www.europesays.com\/fr\/wp-json\/wp\/v2\/posts\/222426\/revisions"}],"wp:featuredmedia":[{"embeddable":true,"href":"https:\/\/www.europesays.com\/fr\/wp-json\/wp\/v2\/media\/222427"}],"wp:attachment":[{"href":"https:\/\/www.europesays.com\/fr\/wp-json\/wp\/v2\/media?parent=222426"}],"wp:term":[{"taxonomy":"category","embeddable":true,"href":"https:\/\/www.europesays.com\/fr\/wp-json\/wp\/v2\/categories?post=222426"},{"taxonomy":"post_tag","embeddable":true,"href":"https:\/\/www.europesays.com\/fr\/wp-json\/wp\/v2\/tags?post=222426"}],"curies":[{"name":"wp","href":"https:\/\/api.w.org\/{rel}","templated":true}]}}