{"id":222428,"date":"2025-07-03T05:48:07","date_gmt":"2025-07-03T05:48:07","guid":{"rendered":"https:\/\/www.europesays.com\/fr\/222428\/"},"modified":"2025-07-03T05:48:07","modified_gmt":"2025-07-03T05:48:07","slug":"pas-un-bateau-russe-ne-traversera-la-baltique-en-cas-de-conflit-assure-le-chef-detat-major-le-marin","status":"publish","type":"post","link":"https:\/\/www.europesays.com\/fr\/222428\/","title":{"rendered":"\u00ab Pas un bateau russe ne traversera la Baltique en cas de conflit \u00bb, assure le chef d&#039;\u00e9tat-major &#8211; Le marin"},"content":{"rendered":"<ol>\n<li><a href=\"https:\/\/news.google.com\/rss\/articles\/CBMi-wFBVV95cUxOUVQyY2RBUmh1eklMeFNqZkxfMEJvOU04SllqaE5FaXRsLTZwVVpLSzM4UVc0cWJxQjVUaXJVMU4tNHFiUXliaF8tMGNGSHpYZkJnNW5wMmFvZUYzQk5BN1JKMWM3elgxNjFRWDR1S3hKdUZiTW0xSEdYQkRqcm5mWVljekhHMHI2T3V3X2lOOXJjUzV2OTRZUkV4NG9uaW1KWVdfWG5SNGdET2lLTDVTekxTdEluYV9Zd3Q1bDdQbGFZZ20xQ2x6amxRU2MydTNmYXFjajVoWDBSdTF2emFZT0hIZUJlQzVDQXVYUWxkMnh6QndHNHZDOVFWWQ?oc=5\" target=\"_blank\" rel=\"noopener\">\u00ab Pas un bateau russe ne traversera la Baltique en cas de conflit \u00bb, assure le chef d&rsquo;\u00e9tat-major<\/a>&nbsp;&nbsp;Le marin<\/li>\n<li><a href=\"https:\/\/news.google.com\/rss\/articles\/CBMi4wFBVV95cUxPSXQzZnZFckdhNkJZT05fMDg5RzNyN0VkUmU0Zll1U1Vucm1uMjFZNk50NWVjS3UtaEQwRDJJXzhsWVNxZ09PbXhiRzNJamMtWXRDX05iOTBRN3FPWkJENTdfcUxrR1pGTk1vY3c3R2JPNDAyV2xWdG5YWTVjSVJ1Mm0wQkVXSFVrV0FFSjNDaVY1d2VGSWpzZ1dQSVFOX2daWk9zaDhZb1BvQkhBMHM0dHl4S3dJU19WVWFZa0J4TkFnUlMyRlNXYVBtMjZPMW16ZXFVeFlVWHpSWXhIZmNveVN4dw?oc=5\" target=\"_blank\" rel=\"noopener\">Le G\u00e9n\u00e9ral Burkhard craint que la Russie puisse \u00ab\u00a0tenir cinq minutes de plus que nous\u00a0\u00bb, malgr\u00e9 sa d\u00e9faite strat\u00e9gique<\/a>&nbsp;&nbsp;Zone Militaire<\/li>\n<li><a href=\"https:\/\/news.google.com\/rss\/articles\/CBMiuwFBVV95cUxOZG1FYV9zUkJwZjFxZE5fYWg2cUZDV1h0bEl1REgtdUg4RldCb0dfeVFhVFJXS2JWWU9GVDhGbE10ZjlCajktSUVHX25yS0UxWTBGbEZjbndxUmJ4Z2NMcjA5dWdGVFFOS29oMjdRcGgtS09SNHVTNm9wSmtNUnJzeHJTNFo1V2ZaSlZSbC1CSVRnZlF4YjFHUE1xQzZqZmY1MGpnR19YbmI2eU9MTElPd1AyQXp1TExIc1ZZ0gHAAUFVX3lxTE5KU2EyTDJzVDdPcWFyU0w5UkdKX3k5RVBmY29FenBBUGtFaFh5R3ZVSGlpeFdiNGYyZ0tJSnhfRU5vbmNFbzlYX05adXA5QTV3UnplOHlpbHpxLV9jTUctWnZib1BDbThIM3k5UjMwdk9sb0tpUV85cTdTUlV5ZEgzZjJVOHk5a0ZUdjZUUlhqY09nOTV5Wnd3QUFva0sya1o4UDk4V0x5ZW1lNzJ0elRUTjJUWnNic0t2M3FvSjRraA?oc=5\" target=\"_blank\" rel=\"noopener\">Comp\u00e9tition-contestation-affrontement ou l\u2019art de \u00ab gagner la guerre avant la guerre \u00bb<\/a>&nbsp;&nbsp;Areion24.news<\/li>\n<li><a href=\"https:\/\/news.google.com\/rss\/articles\/CBMivwFBVV95cUxQVERVLUxFdGNPS0NJLW54WFk0bl9yTG4tdEN1bGk1M3B1aHpjOGctMzRzM0VtTlFtcEMxS2dZdlR3ZEpmR1F0bmFPNEw4UHhod1Vfam1ncjlxOVoyb0FtQWNKeW0zWFFmWjhsUHQzcDR3cFFlb2RmUkFqNzdYNm5KQ3FaZ0JfX1RTUzQzWFRVUDB5bWZMcVFtTnY1NzJFSlQza25UVjE5YVRyM1d4cmtybWlFdHZGbUJ1bkxWY29ESQ?oc=5\" target=\"_blank\" rel=\"noopener\">L&rsquo;attaque de la Russie en Ukraine est un d\u00e9sastre militaire selon le G\u00e9n\u00e9ral Thierry Burkhard (CEMA).<\/a>&nbsp;&nbsp;Insolentiae<\/li>\n<li><a href=\"https:\/\/news.google.com\/rss\/articles\/CBMiggFBVV95cUxPZXRocm9rQ3VPX1Z5eFgtd0xBeWF5Y0dqRTFoNTd1ak8tX0YxM2dFZm03NU12V0xwWGpjM05MbmN6M1NhT0JLYjNIZzd1Ykc0N0xOQTBZZlVWY3RMRk5lRVM3ZkxqaUNjSk9WME9xbEhBZTVwTENmQW0zTjZZUHBndkln?oc=5\" target=\"_blank\" rel=\"noopener\">Russie : victoires tactiques mais d\u00e9faite strat\u00e9gique ?<\/a>&nbsp;&nbsp;Le Salon Beige<\/li>\n<\/ol>\n","protected":false},"excerpt":{"rendered":"\u00ab Pas un bateau russe ne traversera la Baltique en cas de conflit \u00bb, assure le chef d&rsquo;\u00e9tat-major&nbsp;&nbsp;Le&hellip;\n","protected":false},"author":2,"featured_media":1445,"comment_status":"","ping_status":"","sticky":false,"template":"","format":"standard","meta":{"footnotes":""},"categories":[1591],"tags":[11,1887,12,1885,1886,132],"class_list":{"0":"post-222428","1":"post","2":"type-post","3":"status-publish","4":"format-standard","5":"has-post-thumbnail","7":"category-russie","8":"tag-actualites","9":"tag-federation-de-russie","10":"tag-news","11":"tag-russia","12":"tag-russian-federation","13":"tag-russie"},"share_on_mastodon":{"url":"https:\/\/pubeurope.com\/@fr\/114787733075221026","error":""},"_links":{"self":[{"href":"https:\/\/www.europesays.com\/fr\/wp-json\/wp\/v2\/posts\/222428","targetHints":{"allow":["GET"]}}],"collection":[{"href":"https:\/\/www.europesays.com\/fr\/wp-json\/wp\/v2\/posts"}],"about":[{"href":"https:\/\/www.europesays.com\/fr\/wp-json\/wp\/v2\/types\/post"}],"author":[{"embeddable":true,"href":"https:\/\/www.europesays.com\/fr\/wp-json\/wp\/v2\/users\/2"}],"replies":[{"embeddable":true,"href":"https:\/\/www.europesays.com\/fr\/wp-json\/wp\/v2\/comments?post=222428"}],"version-history":[{"count":0,"href":"https:\/\/www.europesays.com\/fr\/wp-json\/wp\/v2\/posts\/222428\/revisions"}],"wp:featuredmedia":[{"embeddable":true,"href":"https:\/\/www.europesays.com\/fr\/wp-json\/wp\/v2\/media\/1445"}],"wp:attachment":[{"href":"https:\/\/www.europesays.com\/fr\/wp-json\/wp\/v2\/media?parent=222428"}],"wp:term":[{"taxonomy":"category","embeddable":true,"href":"https:\/\/www.europesays.com\/fr\/wp-json\/wp\/v2\/categories?post=222428"},{"taxonomy":"post_tag","embeddable":true,"href":"https:\/\/www.europesays.com\/fr\/wp-json\/wp\/v2\/tags?post=222428"}],"curies":[{"name":"wp","href":"https:\/\/api.w.org\/{rel}","templated":true}]}}