{"id":222434,"date":"2025-07-03T05:52:12","date_gmt":"2025-07-03T05:52:12","guid":{"rendered":"https:\/\/www.europesays.com\/fr\/222434\/"},"modified":"2025-07-03T05:52:12","modified_gmt":"2025-07-03T05:52:12","slug":"movie-park-un-parc-dattraction-sur-le-theme-des-films-en-allemagne","status":"publish","type":"post","link":"https:\/\/www.europesays.com\/fr\/222434\/","title":{"rendered":"Movie Park, un parc d&rsquo;attraction sur le th\u00e8me des films en Allemagne"},"content":{"rendered":"<p>Quand on pense \u00e0 un parc d\u2019attractions allemand, on pense forc\u00e9ment \u00e0 Europa Park ou Phantasialand\u2026 Mais on connaissait un peu moins Movie Park\u00a0!<\/p>\n<p>Situ\u00e9 \u00e0 Bottrop, pr\u00e8s de D\u00fcsseldorf, Movie Park Germany est un parc \u00e0 th\u00e8me d\u00e9di\u00e9 au cin\u00e9ma, install\u00e9 dans de v\u00e9ritables studios.<\/p>\n<p>N\u00e9 en 1967 comme parc de contes, il rena\u00eet en 1996 sous la licence Warner Bros avant de devenir Movie Park avec des attractions inspir\u00e9es de Nickelodeon ou encore de Dreamworks.<\/p>\n<p>Le parc propose une quarantaine d\u2019attractions r\u00e9parties en sept zones th\u00e9matiques, m\u00ealant sensations fortes et univers familiaux.<\/p>\n<p>Montagnes russes, chute libre, aventures avec Bob l\u2019\u00c9ponge ou la Pat\u2019 Patrouille\u00a0: il y en a pour tous les go\u00fbts.<\/p>\n","protected":false},"excerpt":{"rendered":"Quand on pense \u00e0 un parc d\u2019attractions allemand, on pense forc\u00e9ment \u00e0 Europa Park ou Phantasialand\u2026 Mais on&hellip;\n","protected":false},"author":2,"featured_media":222435,"comment_status":"","ping_status":"","sticky":false,"template":"","format":"standard","meta":{"footnotes":""},"categories":[1587],"tags":[11,672,1804,1805,1803,1777,674,1801,12,1802],"class_list":{"0":"post-222434","1":"post","2":"type-post","3":"status-publish","4":"format-standard","5":"has-post-thumbnail","7":"category-allemagne","8":"tag-actualites","9":"tag-allemagne","10":"tag-bundesrepublik-deutschland","11":"tag-de","12":"tag-deutschland","13":"tag-eu","14":"tag-europe","15":"tag-germany","16":"tag-news","17":"tag-republique-federale-dallemagne"},"share_on_mastodon":{"url":"https:\/\/pubeurope.com\/@fr\/114787748622059751","error":""},"_links":{"self":[{"href":"https:\/\/www.europesays.com\/fr\/wp-json\/wp\/v2\/posts\/222434","targetHints":{"allow":["GET"]}}],"collection":[{"href":"https:\/\/www.europesays.com\/fr\/wp-json\/wp\/v2\/posts"}],"about":[{"href":"https:\/\/www.europesays.com\/fr\/wp-json\/wp\/v2\/types\/post"}],"author":[{"embeddable":true,"href":"https:\/\/www.europesays.com\/fr\/wp-json\/wp\/v2\/users\/2"}],"replies":[{"embeddable":true,"href":"https:\/\/www.europesays.com\/fr\/wp-json\/wp\/v2\/comments?post=222434"}],"version-history":[{"count":0,"href":"https:\/\/www.europesays.com\/fr\/wp-json\/wp\/v2\/posts\/222434\/revisions"}],"wp:featuredmedia":[{"embeddable":true,"href":"https:\/\/www.europesays.com\/fr\/wp-json\/wp\/v2\/media\/222435"}],"wp:attachment":[{"href":"https:\/\/www.europesays.com\/fr\/wp-json\/wp\/v2\/media?parent=222434"}],"wp:term":[{"taxonomy":"category","embeddable":true,"href":"https:\/\/www.europesays.com\/fr\/wp-json\/wp\/v2\/categories?post=222434"},{"taxonomy":"post_tag","embeddable":true,"href":"https:\/\/www.europesays.com\/fr\/wp-json\/wp\/v2\/tags?post=222434"}],"curies":[{"name":"wp","href":"https:\/\/api.w.org\/{rel}","templated":true}]}}