{"id":222436,"date":"2025-07-03T05:53:14","date_gmt":"2025-07-03T05:53:14","guid":{"rendered":"https:\/\/www.europesays.com\/fr\/222436\/"},"modified":"2025-07-03T05:53:14","modified_gmt":"2025-07-03T05:53:14","slug":"lautriche-devient-le-premier-pays-deurope-qui-suspend-le-regroupement-familial","status":"publish","type":"post","link":"https:\/\/www.europesays.com\/fr\/222436\/","title":{"rendered":"L\u2019Autriche devient le premier pays d\u2019Europe qui suspend le regroupement familial"},"content":{"rendered":"<p>Assis sur un banc, Mohamad regarde, l\u2019air un peu absent, les enfants courir dans les all\u00e9es du T\u00fcrkenschanzpark, un joli parc fleuri du XVIIIe arrondissement viennois. \u00ab\u00c7a me touche de voir \u00e7a, souffle-t-il, moi aussi j\u2019aimerais bien avoir mes enfants ici et jouer dans ce parc avec eux.\u00bb Ce Syrien de 54\u00a0ans arriv\u00e9 en Autriche en 2023 avait l\u2019espoir de faire venir sa famille \u00e0 Vienne. Dans un fran\u00e7ais fluide, le p\u00e8re de huit enfants explique qu\u2019apr\u00e8s avoir obtenu l\u2019asile l\u2019an pass\u00e9, il a tr\u00e8s vite fait une demande de regroupement familial pour sa femme et six d\u2019entre eux \u2013 ceux qui sont mineurs \u2013, tous rest\u00e9s en Syrie. Un premier entretien a eu lieu, et \u00abon avait beaucoup d\u2019espoir\u00bb, insiste-t-il \u00e9mu, en regardant \u00e0 nouveau les all\u00e9es du parc.<\/p>\n<p>Mais il s\u2019est \u00e9vapor\u00e9 lorsque le gouvernement autrichien, alliance des conservateurs, sociaux-d\u00e9mocrates et lib\u00e9raux, a annonc\u00e9 qu\u2019il souhaitait suspendre le regroupement familial: la mesure entre en vigueur ce jeudi. D\u2019abord pour six mois, mais elle pourra \u00eatre prolong\u00e9e. Concr\u00e8tement, durant cette p\u00e9riode, les demandes peuvent \u00eatre d\u00e9pos\u00e9es mais elles ne seront pas trait\u00e9es, sauf rares exceptions. Le ministre de l\u2019Int\u00e9rieur, Gerhard Karner justifie cette mesure par la surcharge du syst\u00e8me autrichien, scolaire en particulier, en prenant comme exemple les \u00e9coles de la capitale autrichienne.<\/p>\n","protected":false},"excerpt":{"rendered":"Assis sur un banc, Mohamad regarde, l\u2019air un peu absent, les enfants courir dans les all\u00e9es du T\u00fcrkenschanzpark,&hellip;\n","protected":false},"author":2,"featured_media":222437,"comment_status":"","ping_status":"","sticky":false,"template":"","format":"standard","meta":{"footnotes":""},"categories":[1586],"tags":[11,1777,674,1011,27,10090,12,301,25,364],"class_list":{"0":"post-222436","1":"post","2":"type-post","3":"status-publish","4":"format-standard","5":"has-post-thumbnail","7":"category-europe","8":"tag-actualites","9":"tag-eu","10":"tag-europe","11":"tag-fr","12":"tag-france","13":"tag-migrations","14":"tag-news","15":"tag-premium","16":"tag-republique-francaise","17":"tag-union-europeenne"},"share_on_mastodon":{"url":"https:\/\/pubeurope.com\/@fr\/114787752597864367","error":""},"_links":{"self":[{"href":"https:\/\/www.europesays.com\/fr\/wp-json\/wp\/v2\/posts\/222436","targetHints":{"allow":["GET"]}}],"collection":[{"href":"https:\/\/www.europesays.com\/fr\/wp-json\/wp\/v2\/posts"}],"about":[{"href":"https:\/\/www.europesays.com\/fr\/wp-json\/wp\/v2\/types\/post"}],"author":[{"embeddable":true,"href":"https:\/\/www.europesays.com\/fr\/wp-json\/wp\/v2\/users\/2"}],"replies":[{"embeddable":true,"href":"https:\/\/www.europesays.com\/fr\/wp-json\/wp\/v2\/comments?post=222436"}],"version-history":[{"count":0,"href":"https:\/\/www.europesays.com\/fr\/wp-json\/wp\/v2\/posts\/222436\/revisions"}],"wp:featuredmedia":[{"embeddable":true,"href":"https:\/\/www.europesays.com\/fr\/wp-json\/wp\/v2\/media\/222437"}],"wp:attachment":[{"href":"https:\/\/www.europesays.com\/fr\/wp-json\/wp\/v2\/media?parent=222436"}],"wp:term":[{"taxonomy":"category","embeddable":true,"href":"https:\/\/www.europesays.com\/fr\/wp-json\/wp\/v2\/categories?post=222436"},{"taxonomy":"post_tag","embeddable":true,"href":"https:\/\/www.europesays.com\/fr\/wp-json\/wp\/v2\/tags?post=222436"}],"curies":[{"name":"wp","href":"https:\/\/api.w.org\/{rel}","templated":true}]}}