{"id":222440,"date":"2025-07-03T05:55:09","date_gmt":"2025-07-03T05:55:09","guid":{"rendered":"https:\/\/www.europesays.com\/fr\/222440\/"},"modified":"2025-07-03T05:55:09","modified_gmt":"2025-07-03T05:55:09","slug":"on-connait-le-grand-vainqueur-de-cette-edition-2025-le-voici","status":"publish","type":"post","link":"https:\/\/www.europesays.com\/fr\/222440\/","title":{"rendered":"on conna\u00eet le grand vainqueur de cette \u00e9dition 2025, le voici"},"content":{"rendered":"<p>            Par<br \/>\n        <strong><br \/>\n            <a href=\"https:\/\/actu.fr\/auteur\/redaction-actu\" title=\"Consulter tous les articles de R\u00e9daction Actu\" rel=\"nofollow noopener\" target=\"_blank\">R\u00e9daction Actu<\/a><br \/>\n        <\/strong><\/p>\n<p>        Publi\u00e9 le<\/p>\n<p>            3 juil. 2025 \u00e0 6h34        <\/p>\n<p>Qui a pris la place du charmant village de <a href=\"https:\/\/actu.fr\/occitanie\/collioure_66053\/c-est-l-une-des-perles-des-pyrenees-orientales-collioure-elu-village-prefere-des-francais-2024_61336297.html\" rel=\"nofollow noopener\" target=\"_blank\">Collioure<\/a>, \u00e9lu <strong>Village pr\u00e9f\u00e9r\u00e9 des Fran\u00e7ais<\/strong> l\u2019ann\u00e9e derni\u00e8re\u2009? On conna\u00eet d\u00e9sormais la r\u00e9ponse \u00e0 cette question.<\/p>\n<p class=\" wall-content\">C\u2019est dans l\u2019\u00e9mission diffus\u00e9e sur France T\u00e9l\u00e9visions et pr\u00e9sent\u00e9e par l\u2019inimitable <a href=\"https:\/\/actu.fr\/tag\/stephane-bern\" rel=\"nofollow noopener\" target=\"_blank\">St\u00e9phane Bern<\/a> que le nom du vainqueur a \u00e9t\u00e9 d\u00e9voil\u00e9 ce mercredi 2\u00a0juillet 2025. Sans plus attendre, voici le gagnant.<\/p>\n<p>Quatorze villages en lice<\/p>\n<p class=\" wall-content\">Cette ann\u00e9e, <a href=\"https:\/\/actu.fr\/loisirs-culture\/en-images-village-prefere-des-francais-2025-jetez-un-dernier-coup-d-oeil-aux-14-candidats-avant-le-verdict_62854725.html\" rel=\"nofollow noopener\" target=\"_blank\">14 villages<\/a> \u00e9taient en lice pour une seule place. Et le grand gagnant pour cette \u00e9dition 2025 est <strong>Saint-Antoine-l\u2019Abbaye<\/strong>, en Is\u00e8re. C\u2019est le premier village d\u2019Auvergne-Rh\u00f4ne-Alpes \u00e0 \u00eatre d\u00e9sign\u00e9, note l\u2019office du tourisme du coin, cit\u00e9 par notre r\u00e9daction locale <a href=\"https:\/\/actu.fr\/auvergne-rhone-alpes\/saint-antoine-l-abbaye_38359\/isere-cette-commune-pourrait-bientot-gagner-le-titre-de-village-prefere-des-francais_62265481.html\" rel=\"nofollow noopener\" target=\"_blank\">actu Grenoble<\/a>.<\/p>\n<p class=\" wall-content\">\u00ab\u2009Nich\u00e9 aux portes du massif du Vercors, le village est c\u00e9l\u00e8bre pour son abbaye dont l\u2019histoire d\u00e9bute en 1070, alors qu\u2019un seigneur local y ram\u00e8ne les reliques de Saint-Antoine l\u2019\u00c9gyptien\u2009\u00bb, peut-on lire sur le site de l\u2019\u00e9mission.<\/p>\n<p>Vid\u00e9os : en ce moment sur ActuLe classement complet<\/p>\n<p class=\" wall-content\">Les t\u00e9l\u00e9spectateurs ont pu voter jusqu\u2019au 7\u00a0mars pour leur village pr\u00e9f\u00e9r\u00e9. Chaque r\u00e9gion m\u00e9tropolitaine avait sa commune en lice, en plus de la Martinique.<\/p>\n<p class=\" wall-content\">\u00c0 l\u2019issue de l\u2019\u00e9mission de ce mercredi soir, on conna\u00eet <strong>le classement de tous les participants<\/strong> pour 2025. Le voici\u2009:<\/p>\n<ol class=\" wall-content\">\n<li>Saint-Antoine-l\u2019Abbaye (Auvergne-Rh\u00f4ne-Alpes)<\/li>\n<li>Malestroit (Bretagne)<\/li>\n<li>Semur-en-Auxois (Bourgogne-Franche-Comt\u00e9)<\/li>\n<li>Beaulieu-sur-Dordogne (Nouvelle-Aquitaine)<\/li>\n<li>Cl\u00e9cy (Normandie)<\/li>\n<li>Sierck-les-Bains (Grand-Est)<\/li>\n<li>Grand\u2019Rivi\u00e8re (Martinique)<\/li>\n<li>Ferri\u00e8res-en-G\u00e2tinais (Centre-Val de Loire)<\/li>\n<li>Longpont (Hauts-de-France)<\/li>\n<li>Lupiac (Occitanie)<\/li>\n<li>Fontevraud-l\u2019Abbaye (Pays de la Loire)<\/li>\n<li>Calcatoggio (Corse \u2013 2A)<\/li>\n<li>Saorge (Provence-Alpes-C\u00f4te d\u2019Azur)<\/li>\n<li>Rochefort-en-Yvelines (\u00cele-de-France)<\/li>\n<\/ol>\n<p class=\" wall-content\">De belles id\u00e9es pour les <a href=\"https:\/\/actu.fr\/tag\/vacances-scolaires\" rel=\"nofollow noopener\" target=\"_blank\">vacances d\u2019\u00e9t\u00e9<\/a> qui commencent ce week-end, n\u2019est-ce pas\u2009?<\/p>\n<p class=\" wall-content\">Suivez toute l\u2019actualit\u00e9 de vos villes et m\u00e9dias favoris en vous inscrivant \u00e0 <a href=\"https:\/\/moncompte.actu.fr\" title=\"D\u00e9couvez Mon Actu\" rel=\"nofollow noopener\" data-trk=\"{&quot;cta&quot;:{&quot;action&quot;:&quot;https:\\\/\\\/moncompte.actu.fr&quot;,&quot;category&quot;:&quot;mon compte&quot;,&quot;from&quot;:&quot;article footer&quot;,&quot;name&quot;:&quot;Mon actu&quot;,&quot;type&quot;:&quot;cta&quot;}}\" target=\"_blank\">Mon Actu<\/a>.<\/p>\n","protected":false},"excerpt":{"rendered":"Par R\u00e9daction Actu Publi\u00e9 le 3 juil. 2025 \u00e0 6h34 Qui a pris la place du charmant village&hellip;\n","protected":false},"author":2,"featured_media":222441,"comment_status":"","ping_status":"","sticky":false,"template":"","format":"standard","meta":{"footnotes":""},"categories":[2],"tags":[11,1011,27,12,25,104,18875],"class_list":{"0":"post-222440","1":"post","2":"type-post","3":"status-publish","4":"format-standard","5":"has-post-thumbnail","7":"category-actualites","8":"tag-actualites","9":"tag-fr","10":"tag-france","11":"tag-news","12":"tag-republique-francaise","13":"tag-societe","14":"tag-stephane-bern"},"share_on_mastodon":{"url":"https:\/\/pubeurope.com\/@fr\/114787760477244734","error":""},"_links":{"self":[{"href":"https:\/\/www.europesays.com\/fr\/wp-json\/wp\/v2\/posts\/222440","targetHints":{"allow":["GET"]}}],"collection":[{"href":"https:\/\/www.europesays.com\/fr\/wp-json\/wp\/v2\/posts"}],"about":[{"href":"https:\/\/www.europesays.com\/fr\/wp-json\/wp\/v2\/types\/post"}],"author":[{"embeddable":true,"href":"https:\/\/www.europesays.com\/fr\/wp-json\/wp\/v2\/users\/2"}],"replies":[{"embeddable":true,"href":"https:\/\/www.europesays.com\/fr\/wp-json\/wp\/v2\/comments?post=222440"}],"version-history":[{"count":0,"href":"https:\/\/www.europesays.com\/fr\/wp-json\/wp\/v2\/posts\/222440\/revisions"}],"wp:featuredmedia":[{"embeddable":true,"href":"https:\/\/www.europesays.com\/fr\/wp-json\/wp\/v2\/media\/222441"}],"wp:attachment":[{"href":"https:\/\/www.europesays.com\/fr\/wp-json\/wp\/v2\/media?parent=222440"}],"wp:term":[{"taxonomy":"category","embeddable":true,"href":"https:\/\/www.europesays.com\/fr\/wp-json\/wp\/v2\/categories?post=222440"},{"taxonomy":"post_tag","embeddable":true,"href":"https:\/\/www.europesays.com\/fr\/wp-json\/wp\/v2\/tags?post=222440"}],"curies":[{"name":"wp","href":"https:\/\/api.w.org\/{rel}","templated":true}]}}