{"id":222444,"date":"2025-07-03T05:57:11","date_gmt":"2025-07-03T05:57:11","guid":{"rendered":"https:\/\/www.europesays.com\/fr\/222444\/"},"modified":"2025-07-03T05:57:11","modified_gmt":"2025-07-03T05:57:11","slug":"fin-de-la-vigilance-rouge-17-departements-restent-en-orange-dans-le-sud-est-de-la-france","status":"publish","type":"post","link":"https:\/\/www.europesays.com\/fr\/222444\/","title":{"rendered":"fin de la vigilance rouge, 17 d\u00e9partements restent en orange dans le sud-est de la France"},"content":{"rendered":"<p>Alors que les temp\u00e9ratures ont nettement baiss\u00e9 sur une large partie de l\u2019Hexagone, M\u00e9t\u00e9o-France a mis un terme \u00e0 <a target=\"_self\" href=\"https:\/\/www.lanouvellerepublique.fr\/a-la-une\/dernier-jour-de-canicule-en-france-apres-deux-semaines-de-chaleur-hors-norme-1751480942\" rel=\"noopener\">la vigilance rouge canicule qui concernait 4 d\u00e9partements<\/a>, mercredi soir. L\u2019institut conserve toutefois 17 d\u00e9partements en vigilance orange, dans le sud-est de la France, jeudi 3\u00a0juillet. Les chaleurs devraient y demeurer importantes, sans pour autant atteindre des niveaux records.<\/p>\n<p>Les temp\u00e9ratures \u00ab\u00a0restent tr\u00e8s chaudes du Languedoc-Roussillon \u00e0 PACA, on attend 33 \u00e0 38 degr\u00e9s\u00a0\u00bb, pr\u00e9cise l\u2019institut m\u00e9t\u00e9orologique dans son bulletin de jeudi. En plus de ces vigilances orange, 24 d\u00e9partements sont sous le coup d\u2019une vigilance jaune. Une partie d\u2019entre eux le sont pour canicule, principalement dans le sud et le centre du pays. D\u2019autres d\u00e9partements, en grande partie situ\u00e9s dans l\u2019est de la France, le sont en raison d\u2019orages \u00e0 pr\u00e9voir.<\/p>\n<\/p>\n<p>Dans le reste du pays, soit une grande partie de l\u2019Ouest, du Centre et du Nord, la totalit\u00e9 des vigilances a \u00e9t\u00e9 lev\u00e9e. \u00ab\u00a0Les temp\u00e9ratures ont baiss\u00e9 de mani\u00e8re significative en dessous des 20\u00a0\u00b0C sur une moiti\u00e9 nord-ouest du pays, tandis qu\u2019elles sont encore souvent comprises entre 20 et 25\u00a0\u00b0C en plaine au sud d\u2019une ligne La\u00a0Rochelle-Strasbourg\u00a0\u00bb, rel\u00e8ve M\u00e9t\u00e9o-France.<\/p>\n<p>Du soleil mais des temp\u00e9ratures proches des normales<\/p>\n<p>Pour la journ\u00e9e de jeudi, qui devrait \u00eatre ensoleill\u00e9e, les temp\u00e9ratures ne devraient plus \u00eatre caniculaires dans le Centre-Ouest mais rester proches des normales de saison, selon les pr\u00e9visions de M\u00e9t\u00e9o-France. Elles devraient s\u2019approcher des 30\u00a0\u00b0C dans l\u2019apr\u00e8s-midi avant de nettement retomber dans la soir\u00e9e puis la nuit, o\u00f9 le thermom\u00e8tre devrait passer sous les 20\u00a0\u00b0C.<\/p>\n<p>Les conditions m\u00e9t\u00e9orologiques devraient rester similaires, pour le Centre-Ouest, jusqu\u2019\u00e0 samedi. Dimanche, les pr\u00e9visions de M\u00e9t\u00e9o-France anticipent un l\u00e9ger rafra\u00eechissement et de l\u00e9g\u00e8res pluies.<\/p>\n","protected":false},"excerpt":{"rendered":"Alors que les temp\u00e9ratures ont nettement baiss\u00e9 sur une large partie de l\u2019Hexagone, M\u00e9t\u00e9o-France a mis un terme&hellip;\n","protected":false},"author":2,"featured_media":222445,"comment_status":"","ping_status":"","sticky":false,"template":"","format":"standard","meta":{"footnotes":""},"categories":[4],"tags":[328,11,34953,1011,27,329,2487,12,25],"class_list":{"0":"post-222444","1":"post","2":"type-post","3":"status-publish","4":"format-standard","5":"has-post-thumbnail","7":"category-france","8":"tag-a-la-une","9":"tag-actualites","10":"tag-alertes-meteo","11":"tag-fr","12":"tag-france","13":"tag-france-monde","14":"tag-meteo","15":"tag-news","16":"tag-republique-francaise"},"share_on_mastodon":{"url":"https:\/\/pubeurope.com\/@fr\/114787768383255784","error":""},"_links":{"self":[{"href":"https:\/\/www.europesays.com\/fr\/wp-json\/wp\/v2\/posts\/222444","targetHints":{"allow":["GET"]}}],"collection":[{"href":"https:\/\/www.europesays.com\/fr\/wp-json\/wp\/v2\/posts"}],"about":[{"href":"https:\/\/www.europesays.com\/fr\/wp-json\/wp\/v2\/types\/post"}],"author":[{"embeddable":true,"href":"https:\/\/www.europesays.com\/fr\/wp-json\/wp\/v2\/users\/2"}],"replies":[{"embeddable":true,"href":"https:\/\/www.europesays.com\/fr\/wp-json\/wp\/v2\/comments?post=222444"}],"version-history":[{"count":0,"href":"https:\/\/www.europesays.com\/fr\/wp-json\/wp\/v2\/posts\/222444\/revisions"}],"wp:featuredmedia":[{"embeddable":true,"href":"https:\/\/www.europesays.com\/fr\/wp-json\/wp\/v2\/media\/222445"}],"wp:attachment":[{"href":"https:\/\/www.europesays.com\/fr\/wp-json\/wp\/v2\/media?parent=222444"}],"wp:term":[{"taxonomy":"category","embeddable":true,"href":"https:\/\/www.europesays.com\/fr\/wp-json\/wp\/v2\/categories?post=222444"},{"taxonomy":"post_tag","embeddable":true,"href":"https:\/\/www.europesays.com\/fr\/wp-json\/wp\/v2\/tags?post=222444"}],"curies":[{"name":"wp","href":"https:\/\/api.w.org\/{rel}","templated":true}]}}