{"id":222449,"date":"2025-07-03T06:01:10","date_gmt":"2025-07-03T06:01:10","guid":{"rendered":"https:\/\/www.europesays.com\/fr\/222449\/"},"modified":"2025-07-03T06:01:10","modified_gmt":"2025-07-03T06:01:10","slug":"rinderknech-doit-conclure-les-defis-de-moutet-et-de-cazaux-le-programme-des-bleus-ce-jeudi-3-juillet","status":"publish","type":"post","link":"https:\/\/www.europesays.com\/fr\/222449\/","title":{"rendered":"Rinderknech doit conclure, les d\u00e9fis de Moutet et de Cazaux&#8230; Le programme des Bleus ce jeudi 3 juillet"},"content":{"rendered":"<p>Cinq tricolores sont en piste ce jeudi pour la fin du 2e tour pour tenter d\u2019imiter Diane Parry et Adrian Mannarino, d\u00e9j\u00e0 qualifi\u00e9s pour le 3e tour.<\/p>\n<p class=\"fig-paragraph\">La Lyonnaise Elsa Jacquemot, 113e mondiale et issue des qualifications, esp\u00e8re faire aussi bien que\u00a0<a href=\"http:\/\/www.lefigaro.fr\/sports\/tennis\/wimbledon\/wimbledon-tombeuse-de-la-15-e-mondiale-parry-ne-s-enflamme-pas-cette-victoire-je-ne-vais-pas-la-placer-en-numero-1-20250702\" data-fig-type=\"NewsFlash\" data-gtm-custom-categorie=\"navigation\" data-gtm-custom-action=\"crossclick\" data-gtm-custom-label=\"Contextuel\" data-gtm-event=\"customEventSPE\" data-fig-domain=\"LEFIGARO\" rel=\"nofollow noopener\" target=\"_blank\">Diane Parry<\/a>\u00a0et\u00a0<a href=\"http:\/\/www.lefigaro.fr\/sports\/tennis\/wimbledon\/wimbledon-cette-victoire-fait-du-bien-dans-la-tete-confie-mannarino-qualifie-au-3e-tour-20250702\" data-fig-type=\"NewsFlash\" data-gtm-custom-categorie=\"navigation\" data-gtm-custom-action=\"crossclick\" data-gtm-custom-label=\"Contextuel\" data-gtm-event=\"customEventSPE\" data-fig-domain=\"LEFIGARO\" rel=\"nofollow noopener\" target=\"_blank\">Adrian Mannarino,<\/a>\u00a0eux aussi sortis des qualifications. Apr\u00e8s avoir renvers\u00e9 Magda Linette, t\u00eate de s\u00e9rie 27, place \u00e0 la Suissesse Belinda Bencic sur le court 17. En cas de grosse performance face \u00e0 la 35e mondiale, Jacquemot ferait aussi bien qu\u2019\u00e0 Roland-Garros (battue par Lo\u00efs Boisson),<\/p>\n<p class=\"fig-paragraph\">Dans le tableau masculin, un autre qualifi\u00e9,\u00a0<a href=\"http:\/\/www.lefigaro.fr\/sports\/tennis\/wimbledon\/wimbledon-il-va-falloir-vraiment-aller-le-chercher-glisse-cazaux-sur-son-prochain-adversaire-20250701\" data-fig-type=\"NewsFlash\" data-gtm-custom-categorie=\"navigation\" data-gtm-custom-action=\"crossclick\" data-gtm-custom-label=\"Contextuel\" data-gtm-event=\"customEventSPE\" data-fig-domain=\"LEFIGARO\" rel=\"nofollow noopener\" target=\"_blank\">Arthur Cazaux<\/a>, va tenter de renverser la solide t\u00eate de s\u00e9rie 11 Alex de Minaur en ouverture sur le court 2. \u00abC\u2019est un mec que j\u2019ai l\u2019habitude de voir \u00e0 la t\u00e9l\u00e9. Je ne l\u2019ai jamais rencontr\u00e9. Je sais que \u00e7a va \u00eatre un gros match. C\u2019est le genre de joueur qui ne te donne rien. Donc, il va falloir vraiment aller le chercher si je veux faire une belle perf\u2019 et d\u00e9crocher la victoire.\u00bb<\/p>\n<p>                                    <a class=\"fig-a11y-skip a11y-hidden\" href=\"#fig-a11y-skip-main-inarticle\"><br \/>\n        Passer la publicit\u00e9<br \/>\n    <\/a><\/p>\n<p class=\"fig-paragraph\">Autre d\u00e9fi tricolore\u00a0: celui de\u00a0<a href=\"http:\/\/www.lefigaro.fr\/sports\/tennis\/wimbledon\/wimbledon-halys-au-tapis-moutet-fait-le-spectacle-et-poursuit-sa-route-video-20250701\" data-fig-type=\"NewsFlash\" data-gtm-custom-categorie=\"navigation\" data-gtm-custom-action=\"crossclick\" data-gtm-custom-label=\"Contextuel\" data-gtm-event=\"customEventSPE\" data-fig-domain=\"LEFIGARO\" rel=\"nofollow noopener\" target=\"_blank\">Corentin Moutet<\/a>\u00a0contre Grigor Dimitrov (t\u00eate de s\u00e9rie 19) en deuxi\u00e8me rotation sur le court 3. Le r\u00e9cent finaliste de Majorque, tr\u00e8s solide au premier tour contre Francisco Comesana (6-4, 6-4, 6-2), est \u00e0 l\u2019aise sur gazon\u00a0: \u00abL\u2019ann\u00e9e derni\u00e8re je n\u2019ai pas jou\u00e9, j\u2019\u00e9tais bless\u00e9. L\u2019ann\u00e9e d\u2019avant, je jouais mon revers \u00e0 une main&#8230; Je n\u2019\u00e9tais jamais arriv\u00e9 sur herbe avec un physique convenable pour profiter pleinement de mon jeu. C\u2019est vrai que je m\u2019amuse sur cette surface, \u00e7a matche bien avec mon jeu. \u00c7a apporte de la variation dans l\u2019ann\u00e9e.\u00bb Il aime \u00e9galement bien jouer le Bulgare qu\u2019il a battu lors de leurs deux confrontations sur le circuit, dont ici m\u00eame il y a six ans, lors du premier tour gr\u00e2ce \u00e0 une Remontada (2-6, 3-6, 7-6, 6-3, 6-1). De quoi esp\u00e9rer pour le gaucher 69e mondial.<\/p>\n<p class=\"fig-paragraph\"><a href=\"http:\/\/www.lefigaro.fr\/sports\/tennis\/wimbledon\/wimbledon-arriver-a-challenger-les-petits-jeunes-ca-me-fait-kiffer-s-amuse-l-eternel-monfils-20250702\" data-fig-type=\"NewsFlash\" data-gtm-custom-categorie=\"navigation\" data-gtm-custom-action=\"crossclick\" data-gtm-custom-label=\"Contextuel\" data-gtm-event=\"customEventSPE\" data-fig-domain=\"LEFIGARO\" rel=\"nofollow noopener\" target=\"_blank\">Ga\u00ebl Monfils\u00a0<\/a>peut aussi y croire. Le v\u00e9t\u00e9ran de 38 ans va tenter de se hisser pour la 8e fois de sa longue carri\u00e8re au 3e tour du Grand Chelem qui lui r\u00e9ussit le moins. Il aura la faveur des pronostics face au lucky loser hongrois Marton Fucsovics en dernier match sur le court 18. La Parisien m\u00e8ne 3-1 dans ses duels face au joueur de 33 ans. De bon augure. Comme face \u00e0 Alexander Zverev,\u00a0<a href=\"http:\/\/www.lefigaro.fr\/sports\/tennis\/wimbledon\/wimbledon-encore-stoppe-par-la-nuit-rinderknech-est-en-ballottage-favorable-20250702\" data-fig-type=\"NewsFlash\" data-gtm-custom-categorie=\"navigation\" data-gtm-custom-action=\"crossclick\" data-gtm-custom-label=\"Contextuel\" data-gtm-event=\"customEventSPE\" data-fig-domain=\"LEFIGARO\" rel=\"nofollow noopener\" target=\"_blank\">Arthur Rinderknech\u00a0<\/a>va de son c\u00f4t\u00e9 encore devoir jouer son match sur deux jours. Il m\u00e8ne deux sets \u00e0 un face au Chilien Cristian Garin (3-6, 6-3, 7-6) au 2e tour. Et r\u00eave de disputer son premier 3e tour \u00e0 Church Road.<\/p>\n<p class=\"fig-paragraph\"><strong>Le programme des Bleus ce jeudi,<\/strong><\/p>\n<p class=\"fig-paragraph\">Court 2<br \/>(\u00e0 partir de 11h, 12h en France) Alex De Minaur (Aus\/11) &#8211; Arthur Cazaux (FRA)<\/p>\n<p class=\"fig-paragraph\">Court 3<br \/>En 2e match Grigor Dimitrov (Bul\/19) &#8211; Corentin Moutet (Fra)<\/p>\n<p>                                    <a class=\"fig-a11y-skip a11y-hidden\" href=\"#fig-a11y-skip-main-inarticle_mtf\"><br \/>\n        Passer la publicit\u00e9<br \/>\n    <\/a><\/p>\n<p class=\"fig-paragraph\">Court 18<br \/>En 4e match\u00a0: Marton Fucsovics (Hong) &#8211; Ga\u00ebl Monfils (Fra)<\/p>\n<p class=\"fig-paragraph\">Court 17<br \/>(pas avant 12h30, 13h30 en France) Arthur Rinderknech (Fra) &#8211; Cristian Garin (Chi), match interrompu mercredi sur le score de 3-6, 6-3, 7-6\u00a0<br \/>Suivi de Elsa Jacquemot (Fra) &#8211; Belinda Bencic (Sui)<\/p>\n","protected":false},"excerpt":{"rendered":"Cinq tricolores sont en piste ce jeudi pour la fin du 2e tour pour tenter d\u2019imiter Diane Parry&hellip;\n","protected":false},"author":2,"featured_media":222450,"comment_status":"","ping_status":"","sticky":false,"template":"","format":"standard","meta":{"footnotes":""},"categories":[1415],"tags":[16961,1011,27,5385,60,1467,4173],"class_list":{"0":"post-222449","1":"post","2":"type-post","3":"status-publish","4":"format-standard","5":"has-post-thumbnail","7":"category-tennis","8":"tag-corentin-moutet","9":"tag-fr","10":"tag-france","11":"tag-gael-monfils","12":"tag-sports","13":"tag-tennis","14":"tag-wimbledon"},"share_on_mastodon":{"url":"https:\/\/pubeurope.com\/@fr\/114787784006391165","error":""},"_links":{"self":[{"href":"https:\/\/www.europesays.com\/fr\/wp-json\/wp\/v2\/posts\/222449","targetHints":{"allow":["GET"]}}],"collection":[{"href":"https:\/\/www.europesays.com\/fr\/wp-json\/wp\/v2\/posts"}],"about":[{"href":"https:\/\/www.europesays.com\/fr\/wp-json\/wp\/v2\/types\/post"}],"author":[{"embeddable":true,"href":"https:\/\/www.europesays.com\/fr\/wp-json\/wp\/v2\/users\/2"}],"replies":[{"embeddable":true,"href":"https:\/\/www.europesays.com\/fr\/wp-json\/wp\/v2\/comments?post=222449"}],"version-history":[{"count":0,"href":"https:\/\/www.europesays.com\/fr\/wp-json\/wp\/v2\/posts\/222449\/revisions"}],"wp:featuredmedia":[{"embeddable":true,"href":"https:\/\/www.europesays.com\/fr\/wp-json\/wp\/v2\/media\/222450"}],"wp:attachment":[{"href":"https:\/\/www.europesays.com\/fr\/wp-json\/wp\/v2\/media?parent=222449"}],"wp:term":[{"taxonomy":"category","embeddable":true,"href":"https:\/\/www.europesays.com\/fr\/wp-json\/wp\/v2\/categories?post=222449"},{"taxonomy":"post_tag","embeddable":true,"href":"https:\/\/www.europesays.com\/fr\/wp-json\/wp\/v2\/tags?post=222449"}],"curies":[{"name":"wp","href":"https:\/\/api.w.org\/{rel}","templated":true}]}}