{"id":22245,"date":"2025-04-13T13:15:09","date_gmt":"2025-04-13T13:15:09","guid":{"rendered":"https:\/\/www.europesays.com\/fr\/22245\/"},"modified":"2025-04-13T13:15:09","modified_gmt":"2025-04-13T13:15:09","slug":"une-sixieme-edition-en-mode-alternatif-a-suivre-encore-ce-dimanche","status":"publish","type":"post","link":"https:\/\/www.europesays.com\/fr\/22245\/","title":{"rendered":"une sixi\u00e8me \u00e9dition en mode alternatif \u00e0 suivre encore ce dimanche"},"content":{"rendered":"<p>Bendorf la jouait \ufeffen mode \u00ab\u00a0sauvage\u00a0\u00bb ce week-end. Le brasseur et organisateur du festival plantant d\u2019embl\u00e9e un d\u00e9cor sur mesure avec, notamment, ce \u00ab\u00a0bar chelou\u00a0\u00bb o\u00f9 les festivaliers pouvaient s\u2019initier \u00ab\u00a0aux bi\u00e8res sauvages\u00a0\u00bb, \u00ab\u00a0l\u2019\u00e9quivalent brassicole du vin nature\u00a0\u00bb avance Benjamin Pastwa fondateur de la brasserie Bendorf et \u00ab\u00a0ma\u00eetre brasseur\u00a0\u00bb de cette 6e \u00e9dition du festival \u00e9ponyme.<\/p>\n<p>Tout a d\u00e9marr\u00e9 du c\u00f4t\u00e9 de la Maison bleue \u00e0 Neudorf. Fort de son succ\u00e8s, le festival a tr\u00e8s vite d\u00e9m\u00e9nag\u00e9 un peu plus loin \u00e0 l\u2019Espace 23. Espace qui, de par sa taille et son environnement bucolique, offrait un cadre tr\u00e8s familial \u00e0 l\u2019\u00e9v\u00e9nement. Apr\u00e8s une demi-pause l\u2019an pass\u00e9 (une seule soir\u00e9e de concerts au Phare Citadelle), <a href=\"https:\/\/www.dna.fr\/culture-loisirs\/2025\/04\/06\/le-bendorf-festival-au-molodoi-bien-plus-qu-une-soiree-mousse\" target=\"_blank\" rel=\"nofollow noopener\">Bendorf<\/a> a donc remis le couvert, mais au Molodo\u00ef cette fois.<\/p>\n<p>  Un dimanche en famille<\/p>\n<p>Un d\u00e9m\u00e9nagement qui fait sens quand on conna\u00eet la fibre associative des organisateurs\u00a0: la brasserie artisanale n\u2019h\u00e9sitant \u00e0 servir ses mousses \u00e0 moindre prix pour des \u00e9v\u00e9nements caritatifs et solidaires bien souvent orchestr\u00e9s dans cette m\u00eame salle Molodo\u00ef. Et puis le Molodo\u00ef reste aussi un terrain de jeu tr\u00e8s pris\u00e9 par le mouvement underground.<\/p>\n<p>La culture ind\u00e9 et alternative prend toute sa r\u00e9sonance dans cette salle du quartier Gare. Les organisateurs du festival ont donc jou\u00e9 le jeu, en d\u00e9laissant quelque peu le \u00ab\u00a0c\u00f4t\u00e9 world music des \u00e9ditions pass\u00e9es\u00a0\u00bb et en faisant monter le son sur des plateaux plus rock et rap. Apr\u00e8s un vendredi soir plut\u00f4t hip-hop, place \u00e0 une forme de pop endiabl\u00e9e le samedi. Au total ce sont une dizaine de groupes et quatre DJ venus d\u2019un peu partout en France qui se sont relay\u00e9s tout le week-end.<\/p>\n<p>Sans oublier les deux compagnies de th\u00e9\u00e2tre qui, <a href=\"https:\/\/www.molodoi.net\/events\/programmation\/758-bendorf-festival-brasserie-bendorf-4\/2025-04-13-14-00.html\" target=\"_blank\" rel=\"nofollow noopener\">ce dimanche<\/a> , permettront quand m\u00eame de conclure le festival dans un esprit familial et de maintenir aussi l\u2019affluence classique de l\u2019\u00e9v\u00e9nement, qui attire habituellement entre\u00a02000 et\u00a02500 personnes durant trois jours.<\/p>\n","protected":false},"excerpt":{"rendered":"Bendorf la jouait \ufeffen mode \u00ab\u00a0sauvage\u00a0\u00bb ce week-end. Le brasseur et organisateur du festival plantant d\u2019embl\u00e9e un d\u00e9cor&hellip;\n","protected":false},"author":2,"featured_media":22246,"comment_status":"","ping_status":"","sticky":false,"template":"","format":"standard","meta":{"footnotes":""},"categories":[2820],"tags":[1111,11,2389,1687,2880,1777,674,107,1011,27,775,873,12,25,640,2879],"class_list":{"0":"post-22245","1":"post","2":"type-post","3":"status-publish","4":"format-standard","5":"has-post-thumbnail","7":"category-strasbourg","8":"tag-actu","9":"tag-actualites","10":"tag-alsace","11":"tag-culture-loisirs","12":"tag-edition-strasbourg","13":"tag-eu","14":"tag-europe","15":"tag-fil-info","16":"tag-fr","17":"tag-france","18":"tag-grand-est","19":"tag-musique","20":"tag-news","21":"tag-republique-francaise","22":"tag-strasbourg","23":"tag-strasbourg-ville"},"share_on_mastodon":{"url":"https:\/\/pubeurope.com\/@fr\/114330843447415034","error":""},"_links":{"self":[{"href":"https:\/\/www.europesays.com\/fr\/wp-json\/wp\/v2\/posts\/22245","targetHints":{"allow":["GET"]}}],"collection":[{"href":"https:\/\/www.europesays.com\/fr\/wp-json\/wp\/v2\/posts"}],"about":[{"href":"https:\/\/www.europesays.com\/fr\/wp-json\/wp\/v2\/types\/post"}],"author":[{"embeddable":true,"href":"https:\/\/www.europesays.com\/fr\/wp-json\/wp\/v2\/users\/2"}],"replies":[{"embeddable":true,"href":"https:\/\/www.europesays.com\/fr\/wp-json\/wp\/v2\/comments?post=22245"}],"version-history":[{"count":0,"href":"https:\/\/www.europesays.com\/fr\/wp-json\/wp\/v2\/posts\/22245\/revisions"}],"wp:featuredmedia":[{"embeddable":true,"href":"https:\/\/www.europesays.com\/fr\/wp-json\/wp\/v2\/media\/22246"}],"wp:attachment":[{"href":"https:\/\/www.europesays.com\/fr\/wp-json\/wp\/v2\/media?parent=22245"}],"wp:term":[{"taxonomy":"category","embeddable":true,"href":"https:\/\/www.europesays.com\/fr\/wp-json\/wp\/v2\/categories?post=22245"},{"taxonomy":"post_tag","embeddable":true,"href":"https:\/\/www.europesays.com\/fr\/wp-json\/wp\/v2\/tags?post=22245"}],"curies":[{"name":"wp","href":"https:\/\/api.w.org\/{rel}","templated":true}]}}