{"id":222459,"date":"2025-07-03T06:07:11","date_gmt":"2025-07-03T06:07:11","guid":{"rendered":"https:\/\/www.europesays.com\/fr\/222459\/"},"modified":"2025-07-03T06:07:11","modified_gmt":"2025-07-03T06:07:11","slug":"line-renaud-fete-son-anniversaire-pierre-jean-c","status":"publish","type":"post","link":"https:\/\/www.europesays.com\/fr\/222459\/","title":{"rendered":"Line Renaud f\u00eate son anniversaire, Pierre-Jean C &#8230;"},"content":{"rendered":"<p class=\"tls__ed-content__exc\">Pierre-Jean Chalen\u00e7on, d\u00e9cha\u00een\u00e9. \u00c0<br \/>\nl\u00a0\u00bboccasion de l&rsquo;anniversaire de Line Renaud, il a copieusement<br \/>\ninsult\u00e9 sa pire ennemie de 97 ans de \u00ab\u00a0vieille pute\u00a0\u00bb aux c\u00f4t\u00e9s de<br \/>\nSylvie Ortega.<\/p>\n<p>EN BREF<\/p>\n<ul class=\"bloc_resume_post_list\">\n<li>Le 2 juillet, Pierre-Jean Chalen\u00e7on, ancien vendeur<br \/>\nd&rsquo;Affaire conclue, a profit\u00e9 de l&rsquo;anniversaire de Line Renaud pour<br \/>\nexprimer sa haine envers elle.<\/li>\n<li>Chalen\u00e7on a accus\u00e9 Line Renaud d&rsquo;\u00eatre responsable de son<br \/>\n\u00e9viction de l&rsquo;\u00e9mission, affirmant qu&rsquo;elle aurait influenc\u00e9 des<br \/>\npersonnes influentes pour le faire virer.<\/li>\n<li>D\u00e9couvrez les propos acerbes de Pierre-Jean Chalen\u00e7on et<br \/>\nles raisons de sa ranc\u0153ur envers Line Renaud.<\/li>\n<\/ul>\n<p>Tout comme <a href=\"https:\/\/www.telestar.fr\/actu_tv\/telematin-julien-arnaud-et-flavie-flament-degages-la-premiere-reaction-edifiante-du-journaliste-1729554\" target=\"_blank\" rel=\"noopener\"><br \/>\nFlavie Flament<\/a>, <strong>Line Renaud f\u00eate son anniversaire le 2<br \/>\njuillet.<\/strong> Quelqu&rsquo;un tenait \u00e0 lui souhaiter. Il s&rsquo;agit de<br \/>\nPierre-Jean Chalen\u00e7on. Toujours aussi bordeline, l&rsquo;ex vendeur<br \/>\nd&rsquo;Affaire conclue est <strong>connu pour nourrir une haine<br \/>\nvisc\u00e9rale (et une rancune tenace) envers l&rsquo;actrice de 97<br \/>\nans.\u00a0<\/strong><\/p>\n<p>Assis \u00e0 la caf\u00e9 aux c\u00f4t\u00e9s de Sylvie Ortega, il en a profit\u00e9 pour<br \/>\nvomir de nouveau sa bile. \u00ab\u00a0<strong>J&rsquo;esp\u00e8re que ce sera son<br \/>\ndernier\u00a0\u00bb<\/strong>, a-t-il d&rsquo;abord lanc\u00e9. Outrepassant toutes<br \/>\nles fronti\u00e8res, il a poursuivi : \u00ab\u00a0Quand on m&rsquo;a annonc\u00e9 que Line<br \/>\nRenaud allait avoir un enfant, j&rsquo;ai dit &lsquo;elle est m\u00e9nopaus\u00e9e depuis<br \/>\nlongtemps&rsquo;\u2026 Puis, elle en avait aval\u00e9 beaucoup des<br \/>\nenfants.\u00a0<strong>C&rsquo;est une tueuse d&rsquo;enfants, elle. Vieille<br \/>\np***<\/strong>\u00ab\u00a0\u00a0\u00bb.\u00a0<\/p>\n<p>Line Renaud attaqu\u00e9e par Pierre-Jean Chalen\u00e7on : \u00ab\u00a0Elle<br \/>\na&#8230;\u00a0\u00bb<\/p>\n<p>Ce n&rsquo;est pas la premi\u00e8re fois que <a href=\"https:\/\/www.telestar.fr\/people\/pierre-jean-chalencon-lex-daffaire-conclue-totalement-ruine-operation-de-la-derniere-chance-1727943\" target=\"_blank\" rel=\"noopener\"><br \/>\nPierre-Jean Chalen\u00e7on<\/a> insulte <a href=\"https:\/\/www.telestar.fr\/people\/line-renaud-qui-va-heriter-de-sa-fortune-835317\" target=\"_blank\" rel=\"noopener\"><br \/>\nLine Renaud<\/a>. \u00c9cart\u00e9 d&rsquo;Affaire Conclue apr\u00e8s la publication<br \/>\nd\u2019une photo en compagnie de Dieudonn\u00e9 en 2020, le collectionneur la<br \/>\nconsid\u00e8re en partie responsable de son \u00e9viction. Invit\u00e9 du podcast<br \/>\nLA s\u00e9rie il y a peu, il d\u00e9clarait, un brin complististe : \u00ab\u00a0Elle<br \/>\naussi, <strong>elle a fait le job pour que je me fasse<br \/>\nvirer.<\/strong> A appel\u00e9 qui il fallait. Elle a appel\u00e9 l\u2019\u00c9lys\u00e9e,<br \/>\nelle a appel\u00e9 deux, trois personnes. Elle s\u2019en est vant\u00e9e dans tout<br \/>\nParis, donc je peux le dire&rsquo;. Ajoutant, ultra ironique et<br \/>\naigri :\u00a0\u00ab\u00a0Elle est tellement gentille\u00a0\u00bb.\u00a0<\/p>\n<p>En r\u00e9alit\u00e9, M6 a \u00e9vinc\u00e9 le <a href=\"https:\/\/www.closermag.fr\/people\/pierre-jean-chalencon-crible-de-dettes-cette-petite-fortune-quil-pourrait-toucher-3557059\" target=\"_blank\" rel=\"noopener\"><br \/>\npropri\u00e9taire du palais Vivienne<\/a> pour une photo de lui aux c\u00f4t\u00e9s<br \/>\nde Dieudonn\u00e9. \u00ab\u00a0\u00c7a a \u00e9t\u00e9 un bad buzz puisque France T\u00e9l\u00e9visions<br \/>\na dit : <strong>&lsquo;puisqu\u2019il est avec Dieudonn\u00e9, on ne renouvelle pas<br \/>\nson contrat&rsquo;.<\/strong> C\u2019est quand m\u00eame hallucinant\u00a0\u00bb, a-t-il<br \/>\nexpliqu\u00e9. Avant de se justifier : \u00a0\u00ab\u00a0Faire une photo avec<br \/>\nquelqu\u2019un, \u00e7a ne veut pas dire qu\u2019on est la personne. C\u2019est pour \u00e7a<br \/>\nque j\u2019en veux \u00e0 France T\u00e9l\u00e9visions.\u00a0\u00bb<\/p>\n<p>Pol\u00e9mique Affaire conclue : \u00ab\u00a0Je<br \/>\nreconnais que c&rsquo;\u00e9tait une faute\u00a0\u00bb<\/p>\n<p>En 2020, il avait d\u00e9j\u00e0 d\u00e9clar\u00e9 :\u00a0\u00bbJe fais des photos tous les<br \/>\njours avec des fans et des personnalit\u00e9s. Il m\u2019a demand\u00e9 de faire<br \/>\nune photo et j\u2019ai accept\u00e9 sans r\u00e9fl\u00e9chir car <strong>nous \u00e9tions<br \/>\ndans une ambiance festive.<\/strong> Je reconnais que c\u2019\u00e9tait une<br \/>\nfaute, mais tous ceux qui me connaissent savent que je ne peux pas<br \/>\n\u00eatre soup\u00e7onn\u00e9 de partager les id\u00e9es de Dieudonn\u00e9. Devant<br \/>\n<strong>l\u2019ampleur prise par cette pol\u00e9mique<\/strong>, j\u2019ai d\u00e9cid\u00e9<br \/>\nen accord avec la production de &lsquo;Affaire conclue&rsquo; de <strong>me<br \/>\nretirer des enregistrements<\/strong> d\u00e8s<br \/>\naujourd\u2019hui\u00a0\u00bb.\u00a0<\/p>\n","protected":false},"excerpt":{"rendered":"Pierre-Jean Chalen\u00e7on, d\u00e9cha\u00een\u00e9. \u00c0 l\u00a0\u00bboccasion de l&rsquo;anniversaire de Line Renaud, il a copieusement insult\u00e9 sa pire ennemie de&hellip;\n","protected":false},"author":2,"featured_media":222460,"comment_status":"","ping_status":"","sticky":false,"template":"","format":"standard","meta":{"footnotes":""},"categories":[1359],"tags":[548,58,59,1011,27,18994,973],"class_list":{"0":"post-222459","1":"post","2":"type-post","3":"status-publish","4":"format-standard","5":"has-post-thumbnail","7":"category-people","8":"tag-article-simple","9":"tag-divertissement","10":"tag-entertainment","11":"tag-fr","12":"tag-france","13":"tag-line-renaud","14":"tag-people"},"share_on_mastodon":{"url":"https:\/\/pubeurope.com\/@fr\/114787807631881163","error":""},"_links":{"self":[{"href":"https:\/\/www.europesays.com\/fr\/wp-json\/wp\/v2\/posts\/222459","targetHints":{"allow":["GET"]}}],"collection":[{"href":"https:\/\/www.europesays.com\/fr\/wp-json\/wp\/v2\/posts"}],"about":[{"href":"https:\/\/www.europesays.com\/fr\/wp-json\/wp\/v2\/types\/post"}],"author":[{"embeddable":true,"href":"https:\/\/www.europesays.com\/fr\/wp-json\/wp\/v2\/users\/2"}],"replies":[{"embeddable":true,"href":"https:\/\/www.europesays.com\/fr\/wp-json\/wp\/v2\/comments?post=222459"}],"version-history":[{"count":0,"href":"https:\/\/www.europesays.com\/fr\/wp-json\/wp\/v2\/posts\/222459\/revisions"}],"wp:featuredmedia":[{"embeddable":true,"href":"https:\/\/www.europesays.com\/fr\/wp-json\/wp\/v2\/media\/222460"}],"wp:attachment":[{"href":"https:\/\/www.europesays.com\/fr\/wp-json\/wp\/v2\/media?parent=222459"}],"wp:term":[{"taxonomy":"category","embeddable":true,"href":"https:\/\/www.europesays.com\/fr\/wp-json\/wp\/v2\/categories?post=222459"},{"taxonomy":"post_tag","embeddable":true,"href":"https:\/\/www.europesays.com\/fr\/wp-json\/wp\/v2\/tags?post=222459"}],"curies":[{"name":"wp","href":"https:\/\/api.w.org\/{rel}","templated":true}]}}