{"id":222461,"date":"2025-07-03T06:08:10","date_gmt":"2025-07-03T06:08:10","guid":{"rendered":"https:\/\/www.europesays.com\/fr\/222461\/"},"modified":"2025-07-03T06:08:10","modified_gmt":"2025-07-03T06:08:10","slug":"du-louvre-a-lunesco-la-declaration-damour-de-macron-pour-la-french-touch","status":"publish","type":"post","link":"https:\/\/www.europesays.com\/fr\/222461\/","title":{"rendered":"Du Louvre \u00e0 l\u2019Unesco, la d\u00e9claration d\u2019amour de Macron pour la French Touch"},"content":{"rendered":"<p>Depuis son \u00e9lection en 2017, le pr\u00e9sident de la R\u00e9publique a constamment affich\u00e9 son int\u00e9r\u00eat pour le courant \u00e9lectro, qui a \u00e9merg\u00e9 en France dans les ann\u00e9es 1990. Il soutient cette passion musicale en proposant de l\u2019inscrire au patrimoine immat\u00e9riel de l\u2019Unesco.<\/p>\n<p class=\"fig-paragraph\">Il fait nuit. Le 7 mai 2017, Emmanuel Macron entre dans la cour du Louvre, au son de l\u2019hymne europ\u00e9en. \u00c0 la fin de ce geste symbolique et politique, il ne choisit ni un chanteur populaire ni un orchestre classique, mais le DJ\u00a0<a href=\"http:\/\/www.lefigaro.fr\/musique\/mixer-a-notre-dame-de-paris-le-projet-d-une-vie-pour-le-dj-michael-canitrot-20241206\" target=\"_blank\" data-fig-type=\"Article\" rel=\"noopener\" data-gtm-custom-categorie=\"navigation\" data-gtm-custom-action=\"crossclick\" data-gtm-custom-label=\"Contextuel\" data-gtm-event=\"customEventSPE\" data-fig-domain=\"LEFIGARO\">Micha\u00ebl Canitrot<\/a>. D\u00e9j\u00e0, un go\u00fbt musical se devine. Huit ans plus tard, le pr\u00e9sident souhaite voir la French Touch, un courant \u00e9lectro n\u00e9 en France dans les ann\u00e9es 1990,\u00a0<a href=\"http:\/\/www.lefigaro.fr\/musique\/musique-electronique-emmanuel-macron-souhaiterait-inscrire-la-french-touch-a-l-unesco-20250622\" target=\"_blank\" data-fig-type=\"NewsFlash\" rel=\"noopener\" data-gtm-custom-categorie=\"navigation\" data-gtm-custom-action=\"crossclick\" data-gtm-custom-label=\"Contextuel\" data-gtm-event=\"customEventSPE\" data-fig-domain=\"LEFIGARO\">inscrit au patrimoine immat\u00e9riel de l\u2019Unesco<\/a>.<\/p>\n<p class=\"fig-paragraph\">Cette musique a rythm\u00e9 certains \u00e9v\u00e9nements marquants de la pr\u00e9sidence d\u2019Emmanuel Macron. Comme lors du d\u00e9fil\u00e9 militaire du 14 juillet 2017, son premier en tant que pr\u00e9sident, o\u00f9 la fanfare interarm\u00e9es a surpris les Fran\u00e7ais en interpr\u00e9tant un medley de titres embl\u00e9matiques de\u00a0<a href=\"http:\/\/www.lefigaro.fr\/marseille\/c-etaient-des-inconnus-l-histoire-secrete-de-la-premiere-apparition-live-des-daft-punk-20250301\" target=\"_blank\" data-fig-type=\"NewsFlash\" rel=\"noopener\" data-gtm-custom-categorie=\"navigation\" data-gtm-custom-action=\"crossclick\" data-gtm-custom-label=\"Contextuel\" data-gtm-event=\"customEventSPE\" data-fig-domain=\"LEFIGARO\">Daft Punk<\/a>, dont Get Lucky et Digital Love. Un choix iconoclaste, donn\u00e9e devant Emmanuel Macron, tout sourire, et son invit\u00e9 d\u2019honneur, Donald Trump, install\u00e9s en tribune officielle.<\/p>\n<p class=\"fig-paragraph\">Le 21 juin 2018, lorsque la F\u00eate de la musique a transform\u00e9 la cour de l\u2019\u00c9lys\u00e9e en dancefloor, les Djs\u2026<\/p>\n<p class=\"fig-premium-paywall__infos\">\n        Cet article est r\u00e9serv\u00e9 aux abonn\u00e9s.        Il vous reste 82% \u00e0 d\u00e9couvrir.\n    <\/p>\n<p>                <img  data- alt=\"Le Figaro\" class=\"fig-img--complete fig-img\"\/><\/p>\n<p class=\"fig-premium-paywall__title\">Vous avez envie de lire la suite ?<\/p>\n<p class=\"fig-premium-paywall__subtitle\">D\u00e9bloquez tous les articles imm\u00e9diatement.<\/p>\n<p class=\"fig-premium-paywall__connect\">\n                D\u00e9j\u00e0 abonn\u00e9\u00a0?                <a class=\"fig-premium-paywall__connect-link\" href=\"https:\/\/connect.lefigaro.fr\/login?client=horizon_web&amp;type=main&amp;redirect_uri=https%3A%2F%2Fwww.lefigaro.fr%2Fmusique%2Fdu-louvre-a-l-unesco-la-declaration-d-amour-de-macron-pour-la-french-touch-20250703\" data-js-gtm=\"{&quot;customCategorie&quot;: &quot;conversion&quot;, &quot;customAction&quot;: &quot;before_Landing_Connexion_paywall_auto&quot;, &quot;customLabel&quot;: &quot;bGVmaWdhcm8uZnJfXzFmMDUwMzU0LTBiNjctNmIwYy04NzQxLWY1NDNmMDZiZWQzYl9fQXJ0aWNsZQ==_Du Louvre \u00e0 l\u2019Unesco, la d\u00e9claration d\u2019amour de Macron pour la French Touch_102&quot;, &quot;customIDSPE&quot;: &quot;bGVmaWdhcm8uZnJfXzFmMDUwMzU0LTBiNjctNmIwYy04NzQxLWY1NDNmMDZiZWQzYl9fQXJ0aWNsZQ==&quot;, &quot;event&quot;: &quot;customEventSPE&quot;}\" target=\"_blank\" rel=\"noopener\"><br \/>\n                    Connectez-vous<br \/>\n                <\/a>\n            <\/p>\n","protected":false},"excerpt":{"rendered":"Depuis son \u00e9lection en 2017, le pr\u00e9sident de la R\u00e9publique a constamment affich\u00e9 son int\u00e9r\u00eat pour le courant&hellip;\n","protected":false},"author":2,"featured_media":222462,"comment_status":"","ping_status":"","sticky":false,"template":"","format":"standard","meta":{"footnotes":""},"categories":[1358],"tags":[1348,1384,1385,1386,58,1073,59,1011,27,36163,36164],"class_list":{"0":"post-222461","1":"post","2":"type-post","3":"status-publish","4":"format-standard","5":"has-post-thumbnail","7":"category-arts-et-design","8":"tag-arts","9":"tag-arts-and-design","10":"tag-arts-et-design","11":"tag-design","12":"tag-divertissement","13":"tag-emmanuel-macron","14":"tag-entertainment","15":"tag-fr","16":"tag-france","17":"tag-french-touch","18":"tag-jean-michel-jarre"},"share_on_mastodon":{"url":"https:\/\/pubeurope.com\/@fr\/114787811572366096","error":""},"_links":{"self":[{"href":"https:\/\/www.europesays.com\/fr\/wp-json\/wp\/v2\/posts\/222461","targetHints":{"allow":["GET"]}}],"collection":[{"href":"https:\/\/www.europesays.com\/fr\/wp-json\/wp\/v2\/posts"}],"about":[{"href":"https:\/\/www.europesays.com\/fr\/wp-json\/wp\/v2\/types\/post"}],"author":[{"embeddable":true,"href":"https:\/\/www.europesays.com\/fr\/wp-json\/wp\/v2\/users\/2"}],"replies":[{"embeddable":true,"href":"https:\/\/www.europesays.com\/fr\/wp-json\/wp\/v2\/comments?post=222461"}],"version-history":[{"count":0,"href":"https:\/\/www.europesays.com\/fr\/wp-json\/wp\/v2\/posts\/222461\/revisions"}],"wp:featuredmedia":[{"embeddable":true,"href":"https:\/\/www.europesays.com\/fr\/wp-json\/wp\/v2\/media\/222462"}],"wp:attachment":[{"href":"https:\/\/www.europesays.com\/fr\/wp-json\/wp\/v2\/media?parent=222461"}],"wp:term":[{"taxonomy":"category","embeddable":true,"href":"https:\/\/www.europesays.com\/fr\/wp-json\/wp\/v2\/categories?post=222461"},{"taxonomy":"post_tag","embeddable":true,"href":"https:\/\/www.europesays.com\/fr\/wp-json\/wp\/v2\/tags?post=222461"}],"curies":[{"name":"wp","href":"https:\/\/api.w.org\/{rel}","templated":true}]}}