{"id":222468,"date":"2025-07-03T06:12:12","date_gmt":"2025-07-03T06:12:12","guid":{"rendered":"https:\/\/www.europesays.com\/fr\/222468\/"},"modified":"2025-07-03T06:12:12","modified_gmt":"2025-07-03T06:12:12","slug":"un-documentaire-sur-les-fanfares-le-nouveau-projet-du-solognot-xavier-gasselin","status":"publish","type":"post","link":"https:\/\/www.europesays.com\/fr\/222468\/","title":{"rendered":"Un documentaire sur les fanfares, le nouveau projet du solognot Xavier Gasselin"},"content":{"rendered":"<p>Son dernier documentaire s\u2019int\u00e9ressait <a target=\"_self\" href=\"https:\/\/www.lanouvellerepublique.fr\/loir-et-cher\/commune\/lamotte-beuvron\/loir-et-cher-le-jumelage-decrypte-par-la-camera-de-xavier-gasselin\" rel=\"noopener\">au jumelage des communes<\/a>. Cette fois-ci, ce sera les fanfares. A priori, aucun lien entre les deux. Sauf que c\u2019est lors du premier que l\u2019id\u00e9e du second est apparue. \u00ab\u00a0On a rencontr\u00e9 un chef de musique b\u00e9n\u00e9vole \u00e0 Montrichard et on s\u2019est dit\u00a0: tiens, on a un bon personnage\u00a0\u00bb, explique le <a target=\"_self\" href=\"https:\/\/www.lanouvellerepublique.fr\/loir-et-cher\/commune\/pierrefitte-sur-sauldre\/loir-et-cher-xavier-gasselin-leve-le-voile-sur-le-canal-de-la-sauldre\" rel=\"noopener\">r\u00e9alisateur solognot Xavier Gasselin<\/a>&#8230;. <\/p>\n<p>    Cet article a \u00e9t\u00e9 tronqu\u00e9. Abonnez-vous pour lire l&rsquo;article complet sur notre site.<\/p>\n<p style=\"margin: 0 !important; padding: 0 !important; font-size: 12px !important;\">Cet article a \u00e9t\u00e9 tronqu\u00e9. Abonnez-vous pour lire l&rsquo;article complet.<\/p>\n<p>    <a href=\"https:\/\/www.lanouvellerepublique.fr\/abonnements\" style=\"display: inline-block; margin-top: 5px !important; padding: 6px 12px !important; background: #cb1c27; color: white; text-decoration: none; border-radius: 4px; font-size: 12px !important;\" target=\"_blank\" rel=\"noopener\"><br \/>\n      S&rsquo;abonner<br \/>\n    <\/a><\/p>\n","protected":false},"excerpt":{"rendered":"Son dernier documentaire s\u2019int\u00e9ressait au jumelage des communes. Cette fois-ci, ce sera les fanfares. A priori, aucun lien&hellip;\n","protected":false},"author":2,"featured_media":222469,"comment_status":"","ping_status":"","sticky":false,"template":"","format":"standard","meta":{"footnotes":""},"categories":[1354],"tags":[1392,58,59,1346,1011,27,9447,4368,1393,36166,500,7069,1360,1698,36165,252],"class_list":{"0":"post-222468","1":"post","2":"type-post","3":"status-publish","4":"format-standard","5":"has-post-thumbnail","7":"category-films","8":"tag-a-la-une-local","9":"tag-divertissement","10":"tag-entertainment","11":"tag-films","12":"tag-fr","13":"tag-france","14":"tag-lance","15":"tag-loir-et-cher","16":"tag-loisirs","17":"tag-marcilly-en-gault","18":"tag-medias","19":"tag-montrichard-val-de-cher","20":"tag-movies","21":"tag-musiques","22":"tag-pray","23":"tag-television"},"share_on_mastodon":{"url":"https:\/\/pubeurope.com\/@fr\/114787827325396906","error":""},"_links":{"self":[{"href":"https:\/\/www.europesays.com\/fr\/wp-json\/wp\/v2\/posts\/222468","targetHints":{"allow":["GET"]}}],"collection":[{"href":"https:\/\/www.europesays.com\/fr\/wp-json\/wp\/v2\/posts"}],"about":[{"href":"https:\/\/www.europesays.com\/fr\/wp-json\/wp\/v2\/types\/post"}],"author":[{"embeddable":true,"href":"https:\/\/www.europesays.com\/fr\/wp-json\/wp\/v2\/users\/2"}],"replies":[{"embeddable":true,"href":"https:\/\/www.europesays.com\/fr\/wp-json\/wp\/v2\/comments?post=222468"}],"version-history":[{"count":0,"href":"https:\/\/www.europesays.com\/fr\/wp-json\/wp\/v2\/posts\/222468\/revisions"}],"wp:featuredmedia":[{"embeddable":true,"href":"https:\/\/www.europesays.com\/fr\/wp-json\/wp\/v2\/media\/222469"}],"wp:attachment":[{"href":"https:\/\/www.europesays.com\/fr\/wp-json\/wp\/v2\/media?parent=222468"}],"wp:term":[{"taxonomy":"category","embeddable":true,"href":"https:\/\/www.europesays.com\/fr\/wp-json\/wp\/v2\/categories?post=222468"},{"taxonomy":"post_tag","embeddable":true,"href":"https:\/\/www.europesays.com\/fr\/wp-json\/wp\/v2\/tags?post=222468"}],"curies":[{"name":"wp","href":"https:\/\/api.w.org\/{rel}","templated":true}]}}