{"id":222474,"date":"2025-07-03T06:15:15","date_gmt":"2025-07-03T06:15:15","guid":{"rendered":"https:\/\/www.europesays.com\/fr\/222474\/"},"modified":"2025-07-03T06:15:15","modified_gmt":"2025-07-03T06:15:15","slug":"kate-middleton-raconte-la-remission-de-son-cancer-et-ca-parlera-a-de-nombreux-malades","status":"publish","type":"post","link":"https:\/\/www.europesays.com\/fr\/222474\/","title":{"rendered":"Kate Middleton raconte la r\u00e9mission de son cancer et \u00e7a parlera \u00e0 de nombreux malades"},"content":{"rendered":"<p>        <img decoding=\"async\" loading=\"lazy\" src=\"https:\/\/www.europesays.com\/fr\/wp-content\/uploads\/2025\/07\/d151291_1711130576824-ta-la-chargement-3.jpg\"  width=\"728\" height=\"410\" alt=\"Une photo extraite de la vid\u00e9o d\u2019annonce de Kate Middleton \u00e0 propos de son cancer, publi\u00e9e le 22 mars.\"\/>  <\/p>\n<p>Kensington Royal<\/p>\n<p>Une photo extraite de la vid\u00e9o d\u2019annonce de Kate Middleton \u00e0 propos de son cancer, publi\u00e9e le 22 mars.<\/p>\n<p class=\"asset asset-text\">CANCER &#8211; Un t\u00e9moignage rare et sinc\u00e8re sur la gu\u00e9rison lente apr\u00e8s un <a href=\"https:\/\/www.huffingtonpost.fr\/life\/article\/emportee-par-un-cancer-clementine-vergnaud-temoignait-aussi-de-la-charge-mentale-liee-a-sa-maladie_240375.html\" target=\"_blank\" rel=\"noopener\">cancer<\/a>. La princesse de Galles,<a href=\"https:\/\/www.huffingtonpost.fr\/people\/article\/le-prince-william-rend-hommage-a-kate-middleton-la-plus-incroyable-epouse-et-mere-pour-son-anniversaire_244610.html\" target=\"_blank\" rel=\"noopener\"> Kate Middleton<\/a>, est revenue, ce mercredi 2\u00a0juillet, sur la r\u00e9mission de son cancer, dont elle ne cache pas la difficult\u00e9. Elle a parl\u00e9\u00a0sans fard face \u00e0 des patients malades, lors d\u2019une visite dans un h\u00f4pital de l\u2019Essex, en Angleterre.<\/p>\n<p class=\"asset asset-text\">\u00ab\u00a0On fait bonne figure, on reste sto\u00efque pendant le traitement. Une fois le traitement termin\u00e9, on se dit\u00a0: \u201cJe peux reprendre, revenir \u00e0 la normale\u201d (&#8230;) Mais en r\u00e9alit\u00e9,\u00a0c\u2019est vraiment, vraiment difficile\u00a0\u00bb, a expliqu\u00e9 avec beaucoup d\u2019humilit\u00e9 celle qui a termin\u00e9 sa chimioth\u00e9rapie il y a quelques mois.<\/p>\n<p class=\"asset asset-text\">\u00ab\u00a0\u00a0Vous ne serez plus capable de mener une vie normale \u00e0 la maison comme avant \u00bb, a encore affirm\u00e9 Kate Middleton face aux malades, dont les propos ont \u00e9t\u00e9 rapport\u00e9s par la <a href=\"https:\/\/www.bbc.com\/news\/articles\/c6257z1w5ypo\" target=\"_blank\" rel=\"noopener\" title=\"Nouvelle fen\u00eatre\">BBC.<\/a><\/p>\n<p>    <strong>\u00ab\u00a0Cela change la vie de tout le monde\u00a0\u00bb<\/strong>    <\/p>\n<p class=\"asset asset-text\">Estimant qu\u2019il est difficile d\u2019imaginer l\u2019impact d\u2019un cancer sur \u00ab\u00a0la vie d\u2019apr\u00e8s\u00a0\u00bb, la princesse de Galles poursuit\u00a0: \u00ab\u00a0cela change la vie de tout le monde, que ce soit lors du diagnostic initial ou apr\u00e8s le traitement, c\u2019est une exp\u00e9rience qui bouleverse la vie du patient, mais aussi celle de sa famille.\u00a0\u00bb<\/p>\n<p class=\"asset asset-text\">Avant d\u2019insister\u00a0sur la p\u00e9riode de r\u00e9cup\u00e9ration apr\u00e8s la maladie\u00a0:  \u00ab\u00a0Il y a toute cette phase apr\u00e8s la fin du traitement o\u00f9 vous-m\u00eame, tout le monde, s\u2019attend \u00e0 ce que vous ayez termin\u00e9, que vous alliez mieux, mais ce n\u2019est pas du tout le cas.\u00a0\u00bb<\/p>\n<p class=\"asset asset-text\">Kate Middleton a rendu public son diagnostic de cancer en mars 2024. Bien qu\u2019elle n\u2019ait jamais pr\u00e9cis\u00e9 de quel type de cancer elle \u00e9tait atteinte, elle a confirm\u00e9 en septembre qu\u2019elle avait termin\u00e9 sa chimioth\u00e9rapie. En janvier, elle a annonc\u00e9 que son cancer \u00e9tait en r\u00e9mission.<\/p>\n","protected":false},"excerpt":{"rendered":"Kensington Royal Une photo extraite de la vid\u00e9o d\u2019annonce de Kate Middleton \u00e0 propos de son cancer, publi\u00e9e&hellip;\n","protected":false},"author":2,"featured_media":222475,"comment_status":"","ping_status":"","sticky":false,"template":"","format":"standard","meta":{"footnotes":""},"categories":[8],"tags":[6520,58,59,9048,1011,27,5858,5656,973],"class_list":{"0":"post-222474","1":"post","2":"type-post","3":"status-publish","4":"format-standard","5":"has-post-thumbnail","7":"category-divertissement","8":"tag-cancers","9":"tag-divertissement","10":"tag-entertainment","11":"tag-famille-royale","12":"tag-fr","13":"tag-france","14":"tag-kate-middleton","15":"tag-life","16":"tag-people"},"share_on_mastodon":{"url":"https:\/\/pubeurope.com\/@fr\/114787839400509029","error":""},"_links":{"self":[{"href":"https:\/\/www.europesays.com\/fr\/wp-json\/wp\/v2\/posts\/222474","targetHints":{"allow":["GET"]}}],"collection":[{"href":"https:\/\/www.europesays.com\/fr\/wp-json\/wp\/v2\/posts"}],"about":[{"href":"https:\/\/www.europesays.com\/fr\/wp-json\/wp\/v2\/types\/post"}],"author":[{"embeddable":true,"href":"https:\/\/www.europesays.com\/fr\/wp-json\/wp\/v2\/users\/2"}],"replies":[{"embeddable":true,"href":"https:\/\/www.europesays.com\/fr\/wp-json\/wp\/v2\/comments?post=222474"}],"version-history":[{"count":0,"href":"https:\/\/www.europesays.com\/fr\/wp-json\/wp\/v2\/posts\/222474\/revisions"}],"wp:featuredmedia":[{"embeddable":true,"href":"https:\/\/www.europesays.com\/fr\/wp-json\/wp\/v2\/media\/222475"}],"wp:attachment":[{"href":"https:\/\/www.europesays.com\/fr\/wp-json\/wp\/v2\/media?parent=222474"}],"wp:term":[{"taxonomy":"category","embeddable":true,"href":"https:\/\/www.europesays.com\/fr\/wp-json\/wp\/v2\/categories?post=222474"},{"taxonomy":"post_tag","embeddable":true,"href":"https:\/\/www.europesays.com\/fr\/wp-json\/wp\/v2\/tags?post=222474"}],"curies":[{"name":"wp","href":"https:\/\/api.w.org\/{rel}","templated":true}]}}