{"id":222476,"date":"2025-07-03T06:16:14","date_gmt":"2025-07-03T06:16:14","guid":{"rendered":"https:\/\/www.europesays.com\/fr\/222476\/"},"modified":"2025-07-03T06:16:14","modified_gmt":"2025-07-03T06:16:14","slug":"lasteroide-qui-affole-la-nasa-2024-yr4-vise-pour-une-mission-un-plan-fou-pour-percer-les-secrets-du-systeme-solaire","status":"publish","type":"post","link":"https:\/\/www.europesays.com\/fr\/222476\/","title":{"rendered":"\u00ab L\u2019ast\u00e9ro\u00efde qui affole la NASA \u00bb 2024 YR4 vis\u00e9 pour une mission, un plan fou pour percer les secrets du syst\u00e8me solaire"},"content":{"rendered":"<tr>\n<td><strong>EN BREF<\/strong><\/td>\n<\/tr>\n<tr>\n<td>\n<ul>\n<li>\ud83c\udf0c L\u2019ast\u00e9ro\u00efde 2024 YR4, d\u00e9couvert en d\u00e9cembre 2024, <strong>ne constitue plus une menace<\/strong> imm\u00e9diate pour la Terre.<\/li>\n<li>\ud83d\udd2c Des scientifiques envisagent une mission spatiale en 2028 pour <strong>\u00e9tudier sa composition<\/strong> et ramener des \u00e9chantillons.<\/li>\n<li>\ud83d\udef0\ufe0f L\u2019utilisation du logiciel OITS permet d\u2019<strong>optimiser les trajectoires<\/strong> interplan\u00e9taires pour atteindre l\u2019ast\u00e9ro\u00efde.<\/li>\n<li>\ud83c\udf0d Cette mission pourrait <strong>am\u00e9liorer les strat\u00e9gies de d\u00e9fense<\/strong> plan\u00e9taire face aux ast\u00e9ro\u00efdes potentiellement dangereux.<\/li>\n<\/ul>\n<\/td>\n<\/tr>\n<p>L\u2019ast\u00e9ro\u00efde 2024 YR4 a suscit\u00e9 l\u2019int\u00e9r\u00eat des scientifiques depuis sa d\u00e9couverte en d\u00e9cembre 2024. Initialement consid\u00e9r\u00e9 comme une menace potentielle pour la Terre, les probabilit\u00e9s d\u2019impact ont heureusement diminu\u00e9. Cependant, cet ast\u00e9ro\u00efde continue de captiver la communaut\u00e9 scientifique, qui voit en lui une opportunit\u00e9 d\u2019explorer les myst\u00e8res de notre syst\u00e8me solaire. Une mission spatiale pourrait \u00eatre la cl\u00e9 pour en apprendre davantage sur cet objet c\u00e9leste et sur les origines de l\u2019univers. En tant que tel, 2024 YR4 repr\u00e9sente un d\u00e9fi scientifique passionnant et une occasion unique de percer les secrets de la formation plan\u00e9taire.<\/p>\n<p>Une \u00e9tude pour le moins int\u00e9ressante<\/p>\n<p>Adam Hibberd, ing\u00e9nieur logiciel, et Marshall Eubanks, scientifique en chef, ont r\u00e9cemment publi\u00e9 une \u00e9tude qui explore la possibilit\u00e9 d\u2019une mission vers l\u2019ast\u00e9ro\u00efde 2024 YR4. Leur recherche, intitul\u00e9e \u00ab\u00a0Analyse pr\u00e9liminaire de la faisabilit\u00e9 de missions vers l\u2019ast\u00e9ro\u00efde 2024 YR4\u00a0\u00bb, propose d\u2019intensifier les \u00e9tudes sur cet objet g\u00e9ocroiseur. <strong>L\u2019id\u00e9e est de lancer une exp\u00e9dition vers 2024 YR4 d\u00e8s 2028<\/strong>, afin de mieux comprendre sa composition et son comportement. Les scientifiques esp\u00e8rent ainsi contribuer de mani\u00e8re significative \u00e0 la recherche spatiale en apportant de nouvelles donn\u00e9es sur cet ast\u00e9ro\u00efde intrigant.<\/p>\n<p>La mission envisag\u00e9e s\u2019inscrit dans la lign\u00e9e des projets r\u00e9ussis comme les missions Hayabusa de la JAXA et OSIRIS-REx de la NASA. En \u00e9tudiant 2024 YR4, les chercheurs esp\u00e8rent obtenir des \u00e9chantillons qui pourraient r\u00e9v\u00e9ler des informations cruciales sur les d\u00e9buts de notre syst\u00e8me solaire. Une telle mission pourrait offrir des perspectives in\u00e9dites sur la formation des plan\u00e8tes et des ast\u00e9ro\u00efdes.<\/p>\n<p><img loading=\"lazy\" width=\"1200\" height=\"800\" decoding=\"async\" src=\"data:image\/svg+xml,%3Csvg%20xmlns=\" http:=\"\" alt=\"Un ast\u00e9ro\u00efde menace la Terre.\" data-lazy-src=\"https:\/\/www.europesays.com\/fr\/wp-content\/uploads\/2025\/07\/un-asteroide-baptise-city-killer-des-scientifiques-determines-a-percer-les-mysteres-de-lenigmatique-.jpeg\"\/><\/p>\n<blockquote class=\"wp-embedded-content\" data-secret=\"us8uc4USG7\">\n<p><a href=\"https:\/\/newsly.fr\/2025\/06\/24\/lus-air-force-aligne-un-drone-kamikaze-aux-cotes-des-f-47-un-coequipier-autonome-concu-pour-encaisser-les-coups-a-la-place-du-pilote\/\" rel=\"nofollow noopener\" target=\"_blank\">L\u2019US Air Force aligne un drone kamikaze aux c\u00f4t\u00e9s des F-47 : un co\u00e9quipier autonome con\u00e7u pour encaisser les coups \u00e0 la place du pilote<\/a><\/p>\n<\/blockquote>\n<p>Mieux comprendre la formation du syst\u00e8me solaire<\/p>\n<p>L\u2019\u00e9tude de l\u2019ast\u00e9ro\u00efde 2024 YR4 pourrait apporter des r\u00e9ponses sur la formation du syst\u00e8me solaire. Cet objet, qui mesure entre 40 et 100 m\u00e8tres de diam\u00e8tre, est suppos\u00e9 exister depuis plus de 4,5 milliards d\u2019ann\u00e9es. <strong>Les \u00e9chantillons recueillis pourraient contenir des indices sur les mat\u00e9riaux primordiaux qui ont contribu\u00e9 \u00e0 la formation des plan\u00e8tes<\/strong>. En analysant sa composition, les scientifiques esp\u00e8rent d\u00e9couvrir des traces de processus chimiques qui se sont d\u00e9roul\u00e9s dans les premi\u00e8res phases de l\u2019\u00e9volution du syst\u00e8me solaire.<\/p>\n<p>En outre, cette mission pourrait enrichir notre compr\u00e9hension des ast\u00e9ro\u00efdes en g\u00e9n\u00e9ral. Ces corps c\u00e9lestes sont souvent consid\u00e9r\u00e9s comme des vestiges des blocs de construction plan\u00e9taires, et leur \u00e9tude peut r\u00e9v\u00e9ler des d\u00e9tails sur les conditions qui ont r\u00e9gn\u00e9 dans le disque protoplan\u00e9taire. En outre, les informations obtenues pourraient avoir des implications pour la recherche de la vie ailleurs dans l\u2019univers, en \u00e9largissant notre compr\u00e9hension des environnements habitables potentiels.<\/p>\n<blockquote class=\"wp-embedded-content\" data-secret=\"t1KakG2dQa\">\n<p><a href=\"https:\/\/newsly.fr\/2025\/06\/21\/la-nouvelle-menace-ces-redoutables-chars-k2-black-panther-redistribuent-les-cartes-de-lequilibre-militaire-a-lest-de-leurope\/\" rel=\"nofollow noopener\" target=\"_blank\">La nouvelle menace : ces redoutables chars K2 Black Panther redistribuent les cartes de l\u2019\u00e9quilibre militaire \u00e0 l\u2019Est de l\u2019Europe<\/a><\/p>\n<\/blockquote>\n<p>Le logiciel OITS sollicit\u00e9<\/p>\n<p>Pour analyser les diff\u00e9rents sc\u00e9narios de mission vers 2024 YR4, les chercheurs ont utilis\u00e9 le logiciel Optimum Interplanetary Trajectory Software (OITS). Ce programme d\u00e9velopp\u00e9 par Hibberd permet d\u2019optimiser les trajectoires interplan\u00e9taires, rendant plus efficace la planification des missions spatiales. <strong>Gr\u00e2ce \u00e0 OITS, les scientifiques peuvent simuler et affiner les trajectoires possibles pour atteindre l\u2019ast\u00e9ro\u00efde dans les d\u00e9lais souhait\u00e9s<\/strong>.<\/p>\n<p><img loading=\"lazy\" width=\"1200\" height=\"800\" decoding=\"async\" src=\"data:image\/svg+xml,%3Csvg%20xmlns=\" http:=\"\" alt=\"Une exp\u00e9dition spatiale vise un ast\u00e9ro\u00efde.\" data-lazy-src=\"https:\/\/www.europesays.com\/fr\/wp-content\/uploads\/2025\/07\/1751523373_951_un-asteroide-baptise-city-killer-des-scientifiques-determines-a-percer-les-mysteres-de-lenigmatique-.jpeg\"\/><\/p>\n<p>Ce logiciel est un outil pr\u00e9cieux non seulement pour cette mission sp\u00e9cifique mais aussi pour d\u2019autres exp\u00e9ditions interplan\u00e9taires futures. Il contribue \u00e0 la pr\u00e9paration de missions qui pourraient un jour \u00eatre n\u00e9cessaires pour prot\u00e9ger notre plan\u00e8te de menaces potentielles. En effet, bien que 2024 YR4 ne constitue plus une menace imm\u00e9diate, il pourrait devenir un danger \u00e0 l\u2019avenir. La capacit\u00e9 \u00e0 planifier et \u00e0 ex\u00e9cuter des missions vers des ast\u00e9ro\u00efdes potentiellement dangereux est cruciale pour la s\u00e9curit\u00e9 plan\u00e9taire.<\/p>\n<blockquote class=\"wp-embedded-content\" data-secret=\"VwvQIQWLXU\">\n<p><a href=\"https:\/\/newsly.fr\/2025\/04\/16\/ils-ne-jurent-plus-que-par-ca-le-service-dachat-davis-google-dacheter-des-fans-com-propulse-les-entreprises-au-sommet-du-classement\/\" rel=\"nofollow noopener\" target=\"_blank\">\u00ab Ils ne jurent plus que par \u00e7a \u00bb : le service d\u2019achat d\u2019avis Google d\u2019Acheter-des-Fans.com propulse les entreprises au sommet du classement<\/a><\/p>\n<\/blockquote>\n<p>Implications pour la d\u00e9fense plan\u00e9taire<\/p>\n<p>Une mission vers 2024 YR4 pourrait \u00e9galement am\u00e9liorer les strat\u00e9gies de d\u00e9fense plan\u00e9taire. Bien que l\u2019ast\u00e9ro\u00efde ne pr\u00e9sente pas de risque imm\u00e9diat pour la Terre, il est important d\u2019acqu\u00e9rir des connaissances sur sa structure et sa dynamique. <strong>Ces informations sont essentielles pour d\u00e9velopper des m\u00e9thodes efficaces de d\u00e9viation ou de destruction en cas de menace future<\/strong>.<\/p>\n<p><img loading=\"lazy\" width=\"1200\" height=\"800\" decoding=\"async\" src=\"data:image\/svg+xml,%3Csvg%20xmlns=\" http:=\"\" alt=\"Une exp\u00e9dition spatiale se d\u00e9roule sur un ast\u00e9ro\u00efde.\" data-lazy-src=\"https:\/\/www.europesays.com\/fr\/wp-content\/uploads\/2025\/07\/1751523374_46_un-asteroide-baptise-city-killer-des-scientifiques-determines-a-percer-les-mysteres-de-lenigmatique-.jpeg\"\/><\/p>\n<p>Le projet offre \u00e9galement une occasion d\u2019appliquer et de tester des technologies qui pourraient \u00eatre utilis\u00e9es pour d\u2019autres menaces potentielles. L\u2019exp\u00e9rience acquise lors de cette mission pourrait \u00eatre pr\u00e9cieuse pour les futures initiatives de protection plan\u00e9taire. En outre, cela permettrait de renforcer la coop\u00e9ration internationale dans le domaine de la surveillance et de la d\u00e9fense des ast\u00e9ro\u00efdes.<\/p>\n<p>En d\u00e9finitive, l\u2019ast\u00e9ro\u00efde 2024 YR4 repr\u00e9sente un sujet d\u2019\u00e9tude fascinant avec des implications consid\u00e9rables pour notre compr\u00e9hension du syst\u00e8me solaire et notre capacit\u00e9 \u00e0 prot\u00e9ger la Terre. Cette mission pourrait-elle marquer le d\u00e9but d\u2019une nouvelle \u00e8re d\u2019exploration et de d\u00e9fense plan\u00e9taire\u00a0?<\/p>\n<p>L\u2019auteur s\u2019est appuy\u00e9 sur l\u2019intelligence artificielle pour enrichir cet article.<\/p>\n<p id=\"rating\">\u00c7a vous a plu ?\u00a04.6\/5 (21)<\/p>\n","protected":false},"excerpt":{"rendered":"EN BREF \ud83c\udf0c L\u2019ast\u00e9ro\u00efde 2024 YR4, d\u00e9couvert en d\u00e9cembre 2024, ne constitue plus une menace imm\u00e9diate pour la&hellip;\n","protected":false},"author":2,"featured_media":222477,"comment_status":"","ping_status":"","sticky":false,"template":"","format":"standard","meta":{"footnotes":""},"categories":[7],"tags":[1011,27,43,40,41,39,42,44],"class_list":{"0":"post-222476","1":"post","2":"type-post","3":"status-publish","4":"format-standard","5":"has-post-thumbnail","7":"category-sciences-et-technologies","8":"tag-fr","9":"tag-france","10":"tag-science","11":"tag-science-and-technology","12":"tag-sciences","13":"tag-sciences-et-technologies","14":"tag-technologies","15":"tag-technology"},"share_on_mastodon":{"url":"https:\/\/pubeurope.com\/@fr\/114787843194293314","error":""},"_links":{"self":[{"href":"https:\/\/www.europesays.com\/fr\/wp-json\/wp\/v2\/posts\/222476","targetHints":{"allow":["GET"]}}],"collection":[{"href":"https:\/\/www.europesays.com\/fr\/wp-json\/wp\/v2\/posts"}],"about":[{"href":"https:\/\/www.europesays.com\/fr\/wp-json\/wp\/v2\/types\/post"}],"author":[{"embeddable":true,"href":"https:\/\/www.europesays.com\/fr\/wp-json\/wp\/v2\/users\/2"}],"replies":[{"embeddable":true,"href":"https:\/\/www.europesays.com\/fr\/wp-json\/wp\/v2\/comments?post=222476"}],"version-history":[{"count":0,"href":"https:\/\/www.europesays.com\/fr\/wp-json\/wp\/v2\/posts\/222476\/revisions"}],"wp:featuredmedia":[{"embeddable":true,"href":"https:\/\/www.europesays.com\/fr\/wp-json\/wp\/v2\/media\/222477"}],"wp:attachment":[{"href":"https:\/\/www.europesays.com\/fr\/wp-json\/wp\/v2\/media?parent=222476"}],"wp:term":[{"taxonomy":"category","embeddable":true,"href":"https:\/\/www.europesays.com\/fr\/wp-json\/wp\/v2\/categories?post=222476"},{"taxonomy":"post_tag","embeddable":true,"href":"https:\/\/www.europesays.com\/fr\/wp-json\/wp\/v2\/tags?post=222476"}],"curies":[{"name":"wp","href":"https:\/\/api.w.org\/{rel}","templated":true}]}}