{"id":222480,"date":"2025-07-03T06:18:11","date_gmt":"2025-07-03T06:18:11","guid":{"rendered":"https:\/\/www.europesays.com\/fr\/222480\/"},"modified":"2025-07-03T06:18:11","modified_gmt":"2025-07-03T06:18:11","slug":"un-mort-et-des-blesses-dans-des-frappes-de-drones-ukrainiens-en-russie","status":"publish","type":"post","link":"https:\/\/www.europesays.com\/fr\/222480\/","title":{"rendered":"Un mort et des bless\u00e9s dans des frappes de drones ukrainiens en Russie\u2026"},"content":{"rendered":"<p>Frappes russes sur Odessa<\/p>\n<p>C\u00f4t\u00e9 ukrainien, des frappes russes dans la nuit de mercredi \u00e0 ce jeudi ont fait au moins quatre bless\u00e9s \u00e0 Odessa, ville portuaire du sud du pays, selon les services de secours.<\/p>\n<p>Une femme tu\u00e9e dans des frappes ukrainiennes en Russie<\/p>\n<p>Des frappes de drones ukrainiens ont fait un mort et deux bless\u00e9s dans la r\u00e9gion russe de Lipetsk, \u00e0 environ 400\u00a0km au sud-est de Moscou, ont annonc\u00e9 les autorit\u00e9s locales t\u00f4t ce jeudi matin.<\/p>\n<p>\u00ab\u00a0Des d\u00e9bris de drone sont tomb\u00e9s sur un immeuble r\u00e9sidentiel priv\u00e9 dans le district de Lipetsk\u00a0\u00bb, a indiqu\u00e9 le gouverneur de la r\u00e9gion du m\u00eame nom, Igor Artamonov, sur Telegram. \u00ab\u00a0Une femme n\u00e9e en\u00a01954 qui vivait dans le b\u00e2timent est d\u00e9c\u00e9d\u00e9e. Deux autres personnes ont \u00e9t\u00e9 bless\u00e9es\u00a0\u00bb, a-t-il ajout\u00e9.<\/p>\n<p>Des drones ont aussi provoqu\u00e9 un incendie sur le territoire d\u2019une entreprise de la ville de Ielets sans faire de victime, a indiqu\u00e9 le gouverneur.<\/p>\n<p>Bienvenue dans ce nouveau Live<\/p>\n<p>Bonjour \u00e0 toutes et \u00e0 tous. Comme chaque jour, la r\u00e9daction de 20 Minutes est mobilis\u00e9e pour vous donner l\u2019ensemble des informations sur le conflit entre Kiev et Moscou.<\/p>\n<p>Sur le terrain, malgr\u00e9 la volont\u00e9 des Etats-Unis de trouver une issue \u00e0 la guerre, les combats se poursuivent. La Russie et l\u2019Ukraine s\u2019affrontent \u00e0 coups de drones explosifs de mani\u00e8re quasi quotidienne depuis que Moscou a lanc\u00e9 une offensive contre son voisin il y a plus de trois ans.<\/p>\n<p>Russes et Ukrainiens ont eu en mai puis en juin des pourparlers en Turquie qui n\u2019ont pas abouti \u00e0 une perc\u00e9e majeure, tant les positions restent irr\u00e9conciliables. Un troisi\u00e8me cycle n\u2019a d\u2019ailleurs toujours pas \u00e9t\u00e9 annonc\u00e9.<\/p>\n","protected":false},"excerpt":{"rendered":"Frappes russes sur Odessa C\u00f4t\u00e9 ukrainien, des frappes russes dans la nuit de mercredi \u00e0 ce jeudi ont&hellip;\n","protected":false},"author":2,"featured_media":222481,"comment_status":"","ping_status":"","sticky":false,"template":"","format":"standard","meta":{"footnotes":""},"categories":[5],"tags":[47,11,75,73,1011,27,131,14,74,12,132,135,134,28],"class_list":{"0":"post-222480","1":"post","2":"type-post","3":"status-publish","4":"format-standard","5":"has-post-thumbnail","7":"category-international","8":"tag-actualite","9":"tag-actualites","10":"tag-donald-trump","11":"tag-etats-unis","12":"tag-fr","13":"tag-france","14":"tag-guerre-en-ukraine","15":"tag-international","16":"tag-monde","17":"tag-news","18":"tag-russie","19":"tag-vladimir-poutine","20":"tag-volodymyr-zelensky","21":"tag-world"},"share_on_mastodon":{"url":"https:\/\/pubeurope.com\/@fr\/114787850919777549","error":""},"_links":{"self":[{"href":"https:\/\/www.europesays.com\/fr\/wp-json\/wp\/v2\/posts\/222480","targetHints":{"allow":["GET"]}}],"collection":[{"href":"https:\/\/www.europesays.com\/fr\/wp-json\/wp\/v2\/posts"}],"about":[{"href":"https:\/\/www.europesays.com\/fr\/wp-json\/wp\/v2\/types\/post"}],"author":[{"embeddable":true,"href":"https:\/\/www.europesays.com\/fr\/wp-json\/wp\/v2\/users\/2"}],"replies":[{"embeddable":true,"href":"https:\/\/www.europesays.com\/fr\/wp-json\/wp\/v2\/comments?post=222480"}],"version-history":[{"count":0,"href":"https:\/\/www.europesays.com\/fr\/wp-json\/wp\/v2\/posts\/222480\/revisions"}],"wp:featuredmedia":[{"embeddable":true,"href":"https:\/\/www.europesays.com\/fr\/wp-json\/wp\/v2\/media\/222481"}],"wp:attachment":[{"href":"https:\/\/www.europesays.com\/fr\/wp-json\/wp\/v2\/media?parent=222480"}],"wp:term":[{"taxonomy":"category","embeddable":true,"href":"https:\/\/www.europesays.com\/fr\/wp-json\/wp\/v2\/categories?post=222480"},{"taxonomy":"post_tag","embeddable":true,"href":"https:\/\/www.europesays.com\/fr\/wp-json\/wp\/v2\/tags?post=222480"}],"curies":[{"name":"wp","href":"https:\/\/api.w.org\/{rel}","templated":true}]}}