{"id":222491,"date":"2025-07-03T06:25:11","date_gmt":"2025-07-03T06:25:11","guid":{"rendered":"https:\/\/www.europesays.com\/fr\/222491\/"},"modified":"2025-07-03T06:25:11","modified_gmt":"2025-07-03T06:25:11","slug":"le-maire-est-lelu-le-plus-digne-de-confiance-selon-une-enquete","status":"publish","type":"post","link":"https:\/\/www.europesays.com\/fr\/222491\/","title":{"rendered":"Le maire est l\u2019\u00e9lu \u00ab\u00a0le plus digne de confiance\u00a0\u00bb, selon une enqu\u00eate"},"content":{"rendered":"<p>Pr\u00e8s de 69\u00a0% des Fran\u00e7ais ont confiance en leur maire, d\u00e9sign\u00e9 figure politique <strong>\u00ab\u00a0la plus digne de confiance\u00a0\u00bb<\/strong> selon\u00a0une enqu\u00eate command\u00e9e par l\u2019<a href=\"https:\/\/laval.maville.com\/actu\/actudet_-le-president-de-l-association-des-maires-de-france-face-aux-elus-de-la-mayenne-_11-6871363_actu.Htm\" target=\"_self\" rel=\"nofollow noopener\">Association des maires de France (AMF)<\/a>, dont les r\u00e9sultats ont \u00e9t\u00e9 publi\u00e9s ce mercredi 2\u00a0juillet 2025.\u00a0Cette confiance repose sur deux crit\u00e8res\u00a0: l\u2019honn\u00eatet\u00e9 (61\u00a0%) et la capacit\u00e9 \u00e0 tenir ses engagements (50\u00a0%), et place l\u2019\u00e9lu local devant\u00a0le d\u00e9put\u00e9 (42\u00a0%) ou le Premier ministre et son gouvernement (22\u00a0%).<\/p>\n<p>Les \u00e9lections municipales en ligne de mire<\/p>\n<p>Depuis <strong>\u00ab\u00a0plus de dix ans\u00a0\u00bb<\/strong>, cette confiance atteint un \u00e9tiage <strong>\u00ab\u00a0proche des 70\u00a0%\u00a0\u00bb<\/strong>, quelles que soient les crises subies, a expliqu\u00e9 Martial Foucault, chercheur au Cevipof et auteur de l\u2019enqu\u00eate pr\u00e9sent\u00e9e ce mercredi. <strong>\u00ab\u00a0Si les maires conservent un haut niveau de l\u00e9gitimit\u00e9, c\u2019est moins en vertu d\u2019un lien affectif que par leur capacit\u00e9 \u00e0 incarner une action publique per\u00e7ue comme honn\u00eate, accessible et utile\u00a0\u00bb<\/strong>, poursuit-il, rappelant le climat de <strong>\u00ab\u00a0d\u00e9fiance politique \u00e0 l\u2019endroit des \u00e9lus nationaux\u00a0\u00bb<\/strong>.<\/p>\n<p>\u00c0 l\u2019approche des <a href=\"https:\/\/www.ouest-france.fr\/elections\/municipales\/\" target=\"_self\" rel=\"nofollow noopener\">\u00e9lections municipales de 2026<\/a>, 58\u00a0% des r\u00e9pondants souhaitent que leur maire se repr\u00e9sente et soit r\u00e9\u00e9lu. Un chiffre conforme \u00e0 celui observ\u00e9 en 2019, et qui <strong>\u00ab\u00a0s\u2019est r\u00e9v\u00e9l\u00e9 juste dans les urnes avec 60\u00a0% de sortants r\u00e9\u00e9lus en 2020\u00a0\u00bb<\/strong>, rappelle Martial Foucault.\u00a0Cette satisfaction s\u2019explique autant par la vision du <strong> <a href=\"https:\/\/nantes.maville.com\/actu\/actudet_-apres-un-mandat-de-batisseur-martine-oger-est-candidate-a-sa-succession-a-thouare-sur-loire-_52716-6848297_actu.Htm\" target=\"_self\" rel=\"nofollow noopener\">\u00ab\u00a0maire b\u00e2tisseur\u00a0\u00bb<\/a> <\/strong> qui a accompli des r\u00e9alisations dans sa commune que par celle du <strong>\u00ab\u00a0maire visionnaire\u00a0\u00bb<\/strong> qui a des projets pour l\u2019avenir.<\/p>\n<p>\u00ab\u00a0Syst\u00e8me jacobin\u00a0\u00bb<\/p>\n<p>Interrog\u00e9s sur leur engagement, pr\u00e8s de 14\u00a0% des Fran\u00e7ais d\u00e9clarent participer \u00e0 la vie locale et 31\u00a0% se disent pr\u00eats \u00e0 s\u2019investir au sein du Conseil municipal dans les communes de moins de 1\u00a0000\u00a0habitants, contre 24\u00a0% toutes tailles confondues. Une forte majorit\u00e9 de personnes interrog\u00e9es (87\u00a0%) s\u2019inqui\u00e8te toutefois d\u2019une mont\u00e9e de <a href=\"https:\/\/nantes.maville.com\/info\/info-locale\/agression-des-elus-lassociation-des-maires-demande-que-la-qualite-delu-soit-reconnue-8a4a6c3a-359e-11f0-a239-9c8da3da27ee#:~:text=2025%20%C3%A0%2020h33-,2%20501%20agressions%20envers%20des%20%C3%A9lus%20locaux.,des%20maires%20de%20Loire%2DAtlantique.\" target=\"_self\" rel=\"nofollow noopener\">la violence envers les \u00e9lus locaux<\/a>.<\/p>\n<p><strong>Lire aussi\u00a0:<\/strong>\u00a0<a href=\"https:\/\/nantes.maville.com\/actu\/actudet_--un-mandat-a-portee-de-baffe-les-maires-inquiets-face-a-la-montee-des-violences-a-leur-egard-_8-6640058_actu.Htm\" target=\"_self\" rel=\"nofollow noopener\">\u00ab\u00a0Un mandat \u00e0 port\u00e9e de baffe\u00a0\u00bb\u00a0: les maires inquiets face \u00e0 la mont\u00e9e des violences \u00e0 leur \u00e9gard<\/a><\/p>\n<p><strong>\u00ab\u00a0Cette enqu\u00eate montre que notre syst\u00e8me jacobin, o\u00f9 l\u2019on d\u00e9cide d\u2019en haut, souvent tout seul, est compl\u00e8tement ringard et d\u00e9pass\u00e9 \u00e0 l\u2019\u00e9chelle de l\u2019Europe\u00a0\u00bb<\/strong>, a \u00e9galement relev\u00e9 Antoine Hom\u00e9, tr\u00e9sorier de l\u2019AMF, alors que le gouvernement envisage de <a href=\"https:\/\/rennes.maville.com\/actu\/actudet_-hausse-du-deficit-public-la-cour-des-comptes-pointe-la-responsabilite-des-collectivites-_54135-6874417_actu.Htm\" target=\"_self\" rel=\"nofollow noopener\">mettre de nouveau \u00e0 contribution les collectivit\u00e9s en 2026<\/a> pour redresser les finances publiques. L\u2019enqu\u00eate a \u00e9t\u00e9 r\u00e9alis\u00e9e du 16 au 23\u00a0juin par l\u2019institut Ipsos aupr\u00e8s de 6\u00a0034\u00a0\u00e9lecteurs fran\u00e7ais repr\u00e9sentatifs de la population fran\u00e7aise de 18\u00a0ans et plus.<\/p>\n<p>\u00a0<\/p>\n","protected":false},"excerpt":{"rendered":"Pr\u00e8s de 69\u00a0% des Fran\u00e7ais ont confiance en leur maire, d\u00e9sign\u00e9 figure politique \u00ab\u00a0la plus digne de confiance\u00a0\u00bb&hellip;\n","protected":false},"author":2,"featured_media":222492,"comment_status":"","ping_status":"","sticky":false,"template":"","format":"standard","meta":{"footnotes":""},"categories":[9619],"tags":[1111,11,13874,15012,14192,1067,1777,674,1011,27,5107,12,882,25,2310],"class_list":{"0":"post-222491","1":"post","2":"type-post","3":"status-publish","4":"format-standard","5":"has-post-thumbnail","7":"category-toulon","8":"tag-actu","9":"tag-actualites","10":"tag-confiance","11":"tag-digne","12":"tag-elu","13":"tag-enquete","14":"tag-eu","15":"tag-europe","16":"tag-fr","17":"tag-france","18":"tag-maire","19":"tag-news","20":"tag-provence-alpes-cote-dazur","21":"tag-republique-francaise","22":"tag-toulon"},"share_on_mastodon":{"url":"https:\/\/pubeurope.com\/@fr\/114787878447620284","error":""},"_links":{"self":[{"href":"https:\/\/www.europesays.com\/fr\/wp-json\/wp\/v2\/posts\/222491","targetHints":{"allow":["GET"]}}],"collection":[{"href":"https:\/\/www.europesays.com\/fr\/wp-json\/wp\/v2\/posts"}],"about":[{"href":"https:\/\/www.europesays.com\/fr\/wp-json\/wp\/v2\/types\/post"}],"author":[{"embeddable":true,"href":"https:\/\/www.europesays.com\/fr\/wp-json\/wp\/v2\/users\/2"}],"replies":[{"embeddable":true,"href":"https:\/\/www.europesays.com\/fr\/wp-json\/wp\/v2\/comments?post=222491"}],"version-history":[{"count":0,"href":"https:\/\/www.europesays.com\/fr\/wp-json\/wp\/v2\/posts\/222491\/revisions"}],"wp:featuredmedia":[{"embeddable":true,"href":"https:\/\/www.europesays.com\/fr\/wp-json\/wp\/v2\/media\/222492"}],"wp:attachment":[{"href":"https:\/\/www.europesays.com\/fr\/wp-json\/wp\/v2\/media?parent=222491"}],"wp:term":[{"taxonomy":"category","embeddable":true,"href":"https:\/\/www.europesays.com\/fr\/wp-json\/wp\/v2\/categories?post=222491"},{"taxonomy":"post_tag","embeddable":true,"href":"https:\/\/www.europesays.com\/fr\/wp-json\/wp\/v2\/tags?post=222491"}],"curies":[{"name":"wp","href":"https:\/\/api.w.org\/{rel}","templated":true}]}}