{"id":222499,"date":"2025-07-03T06:29:26","date_gmt":"2025-07-03T06:29:26","guid":{"rendered":"https:\/\/www.europesays.com\/fr\/222499\/"},"modified":"2025-07-03T06:29:26","modified_gmt":"2025-07-03T06:29:26","slug":"les-transports-en-commun-bientot-gratuits-pour-les-moins-de-18-ans","status":"publish","type":"post","link":"https:\/\/www.europesays.com\/fr\/222499\/","title":{"rendered":"les transports en commun bient\u00f4t gratuits pour les moins de 18 ans"},"content":{"rendered":"\n<p style=\"text-align: left;\" align=\"justify\">C&rsquo;est un changement important. La m\u00e9tropole de Rouen \u00e9tend la gratuit\u00e9 dans les transports en commun. Elle s\u2019appliquera \u00e0 partir du 1er septembre prochain aux usagers de moins de 18 ans : \u00ab\u00a0On s&rsquo;\u00e9tait fix\u00e9 comme objectif la gratuit\u00e9 totale sur le territoire, mais on va \u00eatre honn\u00eate, on n&rsquo;avait pas les moyens de le faire pour tout le monde. <strong>Donc, on avait commenc\u00e9 par le samedi, puis on avait fait d&rsquo;autres gratuit\u00e9s partielles. L\u00e0, \u00e7a nous semblait important de finir le mandat avec les jeunes<\/strong>\u00a0\u00bb indique Cyrille Moreau, vice-pr\u00e9sident de la collectivit\u00e9, en charge des transports.<\/p>\n<p><strong>Rester fid\u00e8le aux transports en commun<\/strong><\/p>\n<p style=\"text-align: left;\" align=\"justify\">Des enjeux sociaux et \u00e9cologiques sont avanc\u00e9s par les \u00e9lus de la majorit\u00e9 pour expliquer cette d\u00e9cision. \u00ab\u00a0C&rsquo;est une charge pour les familles, m\u00eame si ce ne sont pas les abonnements les plus importants, mais aussi qu&rsquo;un citoyen puisse jusqu&rsquo;\u00e0 ses 18 ans voyager gratuitement, on se dit que pour l&rsquo;avenir, <strong>ce sera important parce qu&rsquo;il aura pris l&rsquo;habitude de prendre les transports collectifs et on peut esp\u00e9rer que le plus grand nombre possible restera fid\u00e8le <\/strong>au r\u00e9seau de transports collectifs\u00a0\u00bb ajoute-t-il.<\/p>\n<p><strong>Une perte de recettes amortie<\/strong><\/p>\n<p style=\"text-align: left;\" align=\"justify\">Mais cette extension a un co\u00fbt non-n\u00e9gligeable : 4,3 millions d&rsquo;euros de perte de recettes, que la ren\u00e9gociation du contrat d\u00e9signant le d\u00e9l\u00e9gataire gestionnaire du r\u00e9seau Astuce \u00e0 compter du 1er janvier 2026, va couvrir. \u00ab\u00a0ll y a eu une proc\u00e9dure tr\u00e8s rigoureuse et transparente de s\u00e9lection. <strong>Et en faisant cela, \u00e9videmment, vous pouvez d\u00e9gager des marges parce qu&rsquo;il y a un dialogue comp\u00e9titif entre les diff\u00e9rentes candidatures et on a pu d\u00e9gager une marge de l&rsquo;ordre de 10 millions d&rsquo;euros<\/strong>\u00a0\u00bb explique Nicolas Mayer-Rossignol, pr\u00e9sident de la m\u00e9tropole rouennaise.<strong> <\/strong>Et pour \u00eatre en r\u00e8gle, les mineurs devront \u00eatre munis d&rsquo;un titre ou d&rsquo;une carte de transport, gratuits mais \u00e0 valider \u00e0 chaque mont\u00e9e. Les mineurs ne r\u00e9sidant pas dans la m\u00e9tropole pourront \u00e9galement b\u00e9n\u00e9ficier de cette mesure.<\/p>\n","protected":false},"excerpt":{"rendered":"C&rsquo;est un changement important. La m\u00e9tropole de Rouen \u00e9tend la gratuit\u00e9 dans les transports en commun. Elle s\u2019appliquera&hellip;\n","protected":false},"author":2,"featured_media":222500,"comment_status":"","ping_status":"","sticky":false,"template":"","format":"standard","meta":{"footnotes":""},"categories":[9587],"tags":[1111,11,7048,36174,1777,674,1011,27,36169,22461,12,5161,25,36173,36171,9590,5163,36170,36172],"class_list":{"0":"post-222499","1":"post","2":"type-post","3":"status-publish","4":"format-standard","5":"has-post-thumbnail","7":"category-rouen","8":"tag-actu","9":"tag-actualites","10":"tag-bus","11":"tag-bus-rouen","12":"tag-eu","13":"tag-europe","14":"tag-fr","15":"tag-france","16":"tag-gratuite-transports-rouen","17":"tag-infos-rouen","18":"tag-news","19":"tag-normandie","20":"tag-republique-francaise","21":"tag-reseau-astuce","22":"tag-reseau-astuce-rouen","23":"tag-rouen","24":"tag-seine-maritime","25":"tag-transports-gratuits-moins-de-18-ans","26":"tag-transports-rouen"},"share_on_mastodon":{"url":"https:\/\/pubeurope.com\/@fr\/114787894223502502","error":""},"_links":{"self":[{"href":"https:\/\/www.europesays.com\/fr\/wp-json\/wp\/v2\/posts\/222499","targetHints":{"allow":["GET"]}}],"collection":[{"href":"https:\/\/www.europesays.com\/fr\/wp-json\/wp\/v2\/posts"}],"about":[{"href":"https:\/\/www.europesays.com\/fr\/wp-json\/wp\/v2\/types\/post"}],"author":[{"embeddable":true,"href":"https:\/\/www.europesays.com\/fr\/wp-json\/wp\/v2\/users\/2"}],"replies":[{"embeddable":true,"href":"https:\/\/www.europesays.com\/fr\/wp-json\/wp\/v2\/comments?post=222499"}],"version-history":[{"count":0,"href":"https:\/\/www.europesays.com\/fr\/wp-json\/wp\/v2\/posts\/222499\/revisions"}],"wp:featuredmedia":[{"embeddable":true,"href":"https:\/\/www.europesays.com\/fr\/wp-json\/wp\/v2\/media\/222500"}],"wp:attachment":[{"href":"https:\/\/www.europesays.com\/fr\/wp-json\/wp\/v2\/media?parent=222499"}],"wp:term":[{"taxonomy":"category","embeddable":true,"href":"https:\/\/www.europesays.com\/fr\/wp-json\/wp\/v2\/categories?post=222499"},{"taxonomy":"post_tag","embeddable":true,"href":"https:\/\/www.europesays.com\/fr\/wp-json\/wp\/v2\/tags?post=222499"}],"curies":[{"name":"wp","href":"https:\/\/api.w.org\/{rel}","templated":true}]}}