{"id":222501,"date":"2025-07-03T06:30:16","date_gmt":"2025-07-03T06:30:16","guid":{"rendered":"https:\/\/www.europesays.com\/fr\/222501\/"},"modified":"2025-07-03T06:30:16","modified_gmt":"2025-07-03T06:30:16","slug":"football-qui-est-maykel-gomis-la-pepite-du-rouen-sapins-fc-qui-vient-de-signer-a-metz","status":"publish","type":"post","link":"https:\/\/www.europesays.com\/fr\/222501\/","title":{"rendered":"Football. Qui est Maykel Gomis, la p\u00e9pite du Rouen Sapins FC, qui vient de signer \u00e0 Metz\u00a0?"},"content":{"rendered":"<p>            Par<br \/>\n        <strong><br \/>\n            <a href=\"https:\/\/actu.fr\/auteur\/adrien-tisserand\" title=\"Consulter tous les articles de Adrien Tisserand\" target=\"_blank\" rel=\"noopener\">Adrien Tisserand<\/a><br \/>\n        <\/strong><\/p>\n<p>        Publi\u00e9 le<\/p>\n<p>            3 juil. 2025 \u00e0 7h46        <\/p>\n<p>\u00ab\u2009C\u2019est un joueur <strong>rapide, dribbleur, qui se cr\u00e9e beaucoup d\u2019occasions.<\/strong>\u2009\u00bb Les qualit\u00e9s du jeune <strong>Maykel Gomis<\/strong> ne sont plus \u00e0 d\u00e9montrer, selon les mots de son \u00e9ducateur du club de foot des Sapins, sur les <a href=\"https:\/\/actu.fr\/tag\/hauts-de-rouen\" target=\"_blank\" rel=\"noopener\">Hauts de Rouen.<\/a> Maykel revient pourtant de loin avec une double fracture de l\u2019orteil contract\u00e9e en fin de saison derni\u00e8re, qui l\u2019a tenu \u00e9loign\u00e9 des terrains pendant six mois\u2026 <strong>Une p\u00e9riode \u00ab\u2009difficile\u2009\u00bb<\/strong> comme le confesse sa m\u00e8re, Djouher Gomis\u2009: <strong>\u00ab\u2009J\u2019en ai pleur\u00e9<\/strong>. Pour lui aussi, \u00e7a a \u00e9t\u00e9 dur.\u2009\u00bb<\/p>\n<p>Une mentalit\u00e9 de gagnant<\/p>\n<p class=\" wall-content\">Pas de quoi le d\u00e9courager pour autant. Le gar\u00e7on a travaill\u00e9 sp\u00e9cifiquement le bas du corps pour ne pas perdre trop de muscle et revenir en forme. Il a d\u2019ailleurs inscrit un quadrupl\u00e9 pour son retour. En quelques mois, il a su se montrer <strong>d\u00e9cisif dans les grandes rencontres<\/strong> comme cette demi-finale de Coupe de Normandie contre le Evreux FC 27 (victoire 5-2), o\u00f9 il<strong> inscrit un doubl\u00e9<\/strong>.<\/p>\n<p class=\" wall-content\">Il n\u2019\u00e9tait pas pr\u00e9sent lors de la finale pour une bonne raison\u2009: Maykel \u00e9tait \u00e0 Clairefontaine du 22 au 25\u00a0mai, convoqu\u00e9 pour un stage national de d\u00e9tection. Il a finalement \u00e9t\u00e9 retenu avec <strong>l\u2019\u00e9quipe de France U16 pour la saison prochaine<\/strong>. Une belle r\u00e9compense pour un attaquant qui sait se montrer polyvalent. Si son poste de pr\u00e9dilection reste celui de buteur, il est aussi \u00e0 l\u2019aise comme ailier, comme cette ann\u00e9e aux Sapins, o\u00f9 il a pu disputer davantage de un contre un.<\/p>\n<p>Direction le centre de formation de Metz<\/p>\n<p class=\" wall-content\">Maykel Gomis, pass\u00e9 aussi par le FC Rouen, sait ce qu\u2019il veut. Sa maturit\u00e9 a tap\u00e9 dans l\u2019\u0153il du FC Metz <strong>qui lui a fait signer un contrat le 4\u00a0f\u00e9vrier 2024<\/strong>, avant d\u2019officialiser sa venue \u00e0 la fin de cette saison, le 25\u00a0juin, dans un post Facebook sur la page du RSFC.<\/p>\n<p>    <a href=\"https:\/\/www.facebook.com\/plugins\/video.php?height=476&amp;href=https%3A%2F%2Fwww.facebook.com%2Freel%2F1231123935417122%2F&amp;show_text=true&amp;width=350&amp;t=0\" title=\"Ouvrie le lien\" target=\"_blank\" rel=\"noopener\">Cliquez ici pour visualiser le contenu<\/a><\/p>\n<p class=\" wall-content\"><strong>Le club lorrain le \u00ab\u2009suivait depuis un moment<\/strong>. Il a eu d\u2019autres sollicitations mais Metz est venu l\u2019observer. Nous sommes all\u00e9s l\u00e0-bas, avec sa famille, faire des tests m\u00e9dicaux et visiter les installations mais la partie terrain \u00e9tait d\u00e9j\u00e0 valid\u00e9e avant m\u00eame de l\u2019avoir invit\u00e9 \u00e0 faire un stage\u2009\u00bb, explique son \u00e9ducateur U15.<\/p>\n<p class=\" wall-content\">Pour le moment, le natif de Rouen profite de ses vacances, apr\u00e8s avoir pass\u00e9 le brevet. Il a \u00e9galement <strong>achev\u00e9 sa formation de deux ans au p\u00f4le espoir Normandie de Lisieux<\/strong>. Il y passait la semaine avec des cours le matin, puis des entra\u00eenements et de la musculation. Le week-end, il rentrait sur Rouen pour jouer avec son club des Sapins.<\/p>\n<p class=\" wall-content\">Un emploi du temps charg\u00e9 pour Maykel, qui ne va pas s\u2019all\u00e9ger la saison prochaine avec Metz et <a href=\"https:\/\/actu.fr\/tag\/equipe-de-france-de-football\" target=\"_blank\" rel=\"noopener\">l\u2019\u00c9quipe de France<\/a>. Mais pas de quoi intimider ce <strong>grand passionn\u00e9 de football, \u00ab\u2009tr\u00e8s humble et travailleur\u2009\u00bb<\/strong>. \u00ab\u2009Il ne se rend pas encore compte de tout ce qui lui arrive\u2009\u00bb explique sa m\u00e8re.<\/p>\n<p class=\" wall-content\">Il reprendra le chemin des terrains le 21\u00a0juillet, pour sa nouvelle aventure avec l\u2019\u00e9quipe U17 messine, orn\u00e9 du num\u00e9ro\u00a09 du club grenat.<\/p>\n<p>Le Rouen Sapins FC, une p\u00e9pini\u00e8re de talents <\/p>\n<p>Le club des Sapins peut se targuer d&rsquo;avoir un large vivier de joueurs prometteurs, qui font r\u00e9guli\u00e8rement des essais dans des clubs de Ligue 1 comme le PSG, Reims, Auxerre ou Brest. C&rsquo;est le cas notamment de Prosper Kingue, le capitaine de l&rsquo;\u00e9quipe U15. <br \/>L&rsquo;ailier droit de l&rsquo;\u00e9quipe, Amara Sangar\u00e9, n\u00e9 en 2011, a, lui, re\u00e7u une proposition d&rsquo;un club de Ligue 1.<\/p>\n<p>Suivez l\u2019actualit\u00e9 de Rouen <a href=\"https:\/\/www.whatsapp.com\/channel\/0029VaKfnf99hXF2ddApFB1D\" target=\"_blank\" rel=\"noopener\">sur notre cha\u00eene WhatsApp<\/a> et <a href=\"https:\/\/www.tiktok.com\/@76actu.fr?lang=fr\" target=\"_blank\" rel=\"noopener\">sur notre compte TikTok<\/a><\/p>\n<p class=\" wall-content\">Suivez toute l\u2019actualit\u00e9 de vos villes et m\u00e9dias favoris en vous inscrivant \u00e0 <a href=\"https:\/\/moncompte.actu.fr\" title=\"D\u00e9couvez Mon Actu\" rel=\"nofollow noopener\" data-trk=\"{&quot;cta&quot;:{&quot;action&quot;:&quot;https:\\\/\\\/moncompte.actu.fr&quot;,&quot;category&quot;:&quot;mon compte&quot;,&quot;from&quot;:&quot;article footer&quot;,&quot;name&quot;:&quot;Mon actu&quot;,&quot;type&quot;:&quot;cta&quot;}}\" target=\"_blank\">Mon Actu<\/a>.<\/p>\n<p>                    <script async src=\"\/\/www.tiktok.com\/embed.js\"><\/script><\/p>\n","protected":false},"excerpt":{"rendered":"Par Adrien Tisserand Publi\u00e9 le 3 juil. 2025 \u00e0 7h46 \u00ab\u2009C\u2019est un joueur rapide, dribbleur, qui se cr\u00e9e&hellip;\n","protected":false},"author":2,"featured_media":222502,"comment_status":"","ping_status":"","sticky":false,"template":"","format":"standard","meta":{"footnotes":""},"categories":[9587],"tags":[1111,11,1777,674,25068,63,1011,27,12,5161,25,9590,60],"class_list":{"0":"post-222501","1":"post","2":"type-post","3":"status-publish","4":"format-standard","5":"has-post-thumbnail","7":"category-rouen","8":"tag-actu","9":"tag-actualites","10":"tag-eu","11":"tag-europe","12":"tag-foot-normandie","13":"tag-football","14":"tag-fr","15":"tag-france","16":"tag-news","17":"tag-normandie","18":"tag-republique-francaise","19":"tag-rouen","20":"tag-sports"},"share_on_mastodon":{"url":"https:\/\/pubeurope.com\/@fr\/114787898011114452","error":""},"_links":{"self":[{"href":"https:\/\/www.europesays.com\/fr\/wp-json\/wp\/v2\/posts\/222501","targetHints":{"allow":["GET"]}}],"collection":[{"href":"https:\/\/www.europesays.com\/fr\/wp-json\/wp\/v2\/posts"}],"about":[{"href":"https:\/\/www.europesays.com\/fr\/wp-json\/wp\/v2\/types\/post"}],"author":[{"embeddable":true,"href":"https:\/\/www.europesays.com\/fr\/wp-json\/wp\/v2\/users\/2"}],"replies":[{"embeddable":true,"href":"https:\/\/www.europesays.com\/fr\/wp-json\/wp\/v2\/comments?post=222501"}],"version-history":[{"count":0,"href":"https:\/\/www.europesays.com\/fr\/wp-json\/wp\/v2\/posts\/222501\/revisions"}],"wp:featuredmedia":[{"embeddable":true,"href":"https:\/\/www.europesays.com\/fr\/wp-json\/wp\/v2\/media\/222502"}],"wp:attachment":[{"href":"https:\/\/www.europesays.com\/fr\/wp-json\/wp\/v2\/media?parent=222501"}],"wp:term":[{"taxonomy":"category","embeddable":true,"href":"https:\/\/www.europesays.com\/fr\/wp-json\/wp\/v2\/categories?post=222501"},{"taxonomy":"post_tag","embeddable":true,"href":"https:\/\/www.europesays.com\/fr\/wp-json\/wp\/v2\/tags?post=222501"}],"curies":[{"name":"wp","href":"https:\/\/api.w.org\/{rel}","templated":true}]}}