{"id":222517,"date":"2025-07-03T06:41:14","date_gmt":"2025-07-03T06:41:14","guid":{"rendered":"https:\/\/www.europesays.com\/fr\/222517\/"},"modified":"2025-07-03T06:41:14","modified_gmt":"2025-07-03T06:41:14","slug":"previsions-du-jeudi-3-juillet-2025-8","status":"publish","type":"post","link":"https:\/\/www.europesays.com\/fr\/222517\/","title":{"rendered":"pr\u00e9visions du jeudi 3 juillet 2025"},"content":{"rendered":"<p>\u00c0 Nantes les valeurs iront de 11 \u00e0 31\u00b0C sur l&rsquo;ensemble de la journ\u00e9e. Le matin, les Nantais vont pouvoir b\u00e9n\u00e9ficier d&rsquo;un soleil radieux. On pr\u00e9voit des temp\u00e9ratures avoisinant 21\u00b0C. Un vent de nord-est rafra\u00eechira sensiblement l&rsquo;atmosph\u00e8re. L&rsquo;apr\u00e8s-midi, des nuages pars\u00e8meront le ciel, retardant ainsi l&rsquo;arriv\u00e9e du soleil. En revanche, un temps plus chaud est \u00e0 pr\u00e9voir puisque le mercure va enregistrer une hausse. Les valeurs \u00e9volueront entre 28 et 31\u2009\u00b0C. Les temp\u00e9ratures seront de 28\u00b0C au plus bas et de 31\u00b0C au plus haut. On passera de jeudi \u00e0 vendredi par une nuit claire.<\/p>\n<p>Un bel ensoleillement est attendu demain \u00e0 Nantes. C&rsquo;est une hausse de quelques degr\u00e9s que vont conna\u00eetre les temp\u00e9ratures. L&rsquo;\u00e9pisode d&rsquo;importantes chaleurs est bien l\u00e0, avec des valeurs qui risqueront de monter jusqu&rsquo;\u00e0 33\u00b0C. Les temp\u00e9ratures s&rsquo;\u00e9chelonneront entre 11 et 33\u00b0C. Un vent de nord-est, atteignant 20 km\/h, soufflera. Les temp\u00e9ratures vont enregistrer une augmentation de plusieurs degr\u00e9s dans l&rsquo;apr\u00e8s-midi. De tr\u00e8s grosses chaleurs (entre 31\u00b0C et 33\u00b0C) sont attendues. Prenez garde \u00e0 la vague de chaleur dans la soir\u00e9e. Des valeurs de 21 \u00e0 31\u00b0C sont pr\u00e9vues.<\/p>\n<p>Les jours se suivent et ne changent pas. Un ciel ensoleill\u00e9, pour des temp\u00e9ratures de 29\u00b0C environ, est pr\u00e9vu.<\/p>\n<p><\/p>\n","protected":false},"excerpt":{"rendered":"\u00c0 Nantes les valeurs iront de 11 \u00e0 31\u00b0C sur l&rsquo;ensemble de la journ\u00e9e. Le matin, les Nantais&hellip;\n","protected":false},"author":2,"featured_media":222518,"comment_status":"","ping_status":"","sticky":false,"template":"","format":"standard","meta":{"footnotes":""},"categories":[2818],"tags":[1111,11,1777,674,1011,27,3047,766,12,2636,2119,25],"class_list":{"0":"post-222517","1":"post","2":"type-post","3":"status-publish","4":"format-standard","5":"has-post-thumbnail","7":"category-nantes","8":"tag-actu","9":"tag-actualites","10":"tag-eu","11":"tag-europe","12":"tag-fr","13":"tag-france","14":"tag-loire-atlantique","15":"tag-nantes","16":"tag-news","17":"tag-pays-de-la-loire","18":"tag-previsions-meteo","19":"tag-republique-francaise"},"share_on_mastodon":{"url":"https:\/\/pubeurope.com\/@fr\/114787941381385517","error":""},"_links":{"self":[{"href":"https:\/\/www.europesays.com\/fr\/wp-json\/wp\/v2\/posts\/222517","targetHints":{"allow":["GET"]}}],"collection":[{"href":"https:\/\/www.europesays.com\/fr\/wp-json\/wp\/v2\/posts"}],"about":[{"href":"https:\/\/www.europesays.com\/fr\/wp-json\/wp\/v2\/types\/post"}],"author":[{"embeddable":true,"href":"https:\/\/www.europesays.com\/fr\/wp-json\/wp\/v2\/users\/2"}],"replies":[{"embeddable":true,"href":"https:\/\/www.europesays.com\/fr\/wp-json\/wp\/v2\/comments?post=222517"}],"version-history":[{"count":0,"href":"https:\/\/www.europesays.com\/fr\/wp-json\/wp\/v2\/posts\/222517\/revisions"}],"wp:featuredmedia":[{"embeddable":true,"href":"https:\/\/www.europesays.com\/fr\/wp-json\/wp\/v2\/media\/222518"}],"wp:attachment":[{"href":"https:\/\/www.europesays.com\/fr\/wp-json\/wp\/v2\/media?parent=222517"}],"wp:term":[{"taxonomy":"category","embeddable":true,"href":"https:\/\/www.europesays.com\/fr\/wp-json\/wp\/v2\/categories?post=222517"},{"taxonomy":"post_tag","embeddable":true,"href":"https:\/\/www.europesays.com\/fr\/wp-json\/wp\/v2\/tags?post=222517"}],"curies":[{"name":"wp","href":"https:\/\/api.w.org\/{rel}","templated":true}]}}