{"id":222529,"date":"2025-07-03T06:48:10","date_gmt":"2025-07-03T06:48:10","guid":{"rendered":"https:\/\/www.europesays.com\/fr\/222529\/"},"modified":"2025-07-03T06:48:10","modified_gmt":"2025-07-03T06:48:10","slug":"feminisme-stades-et-memoire-au-coeur-des-projets-de-la-mmsh","status":"publish","type":"post","link":"https:\/\/www.europesays.com\/fr\/222529\/","title":{"rendered":"f\u00e9minisme, stades et m\u00e9moire au coeur des projets de la MMSH"},"content":{"rendered":"\n<p>\u00ab Travailler sur Marseille et pour Marseille.\u00a0\u00bb C\u2019est avec une formule simple mais percutante que Cyril Isnart, directeur de la Maison m\u00e9diterran\u00e9enne des sciences humaines et sociales (MMSH), r\u00e9sume la mission de sa nouvelle antenne \u00e0 Marseille. Sous les arcades ensoleill\u00e9es de la Vieille Charit\u00e9, o\u00f9 la f\u00e9d\u00e9ration de chercheurs a pris ses quartiers d\u00e9but 2024 en s\u2019associant au Centre Norbert \u00c9lias (CNE), une dizaine de chercheurs \u00e9taient r\u00e9unis, ce mercredi 2 juillet, pour pr\u00e9senter leurs nouveaux projets et partenariats. Perrine Lachenal est coordinatrice de l\u2019axe \u00ab\u00a0Chantier F\u00e9ministe\u00a0\u00bb. Co-autrice d\u2019une enqu\u00eate collective sur le proc\u00e8s de Mazan, cette derni\u00e8re a pu s\u2019appuyer sur cette structure pour mener plus de 200\u00a0entretiens afin \u00ab\u00a0d\u2019observer comment le proc\u00e8s a d\u00e9bord\u00e9 d\u2019Avignon\u00a0\u00bb. Une aide apport\u00e9e dans l\u2019urgence, \u00ab\u00a0nous nous sommes constitu\u00e9es en collectif au pied lev\u00e9, un mois apr\u00e8s le d\u00e9but du proc\u00e8s\u00a0\u00bb, souligne-t-elle. Un lien solide entre les chercheurs et l\u2019institution que corrobore St\u00e9phane Mourlane, historien et porteur d\u2019un projet de pr\u00e9vention des violences dans les stades de football. \u00ab\u00a0Une collaboration stimulante\u00a0\u00bb, avec l\u2019Olympique de Marseille, consid\u00e8re-t-il, qui a permis de sensibiliser pr\u00e8s de 32 clubs de la r\u00e9gion. Au quotidien, la MMSH peut compter sur ses partenaires parmi lesquels l\u2019universit\u00e9 d\u2019Aix-Marseille, les mus\u00e9es de la ville et la municipalit\u00e9. Aur\u00e9lie Biancarelli (PCF), adjointe au maire en charge de la Recherche et \u00e0 l\u2019Enseignement sup\u00e9rieur, se f\u00e9licite de ce partenariat\u00a0: \u00ab\u00a0Nous avons besoin de comprendre plus finement notre territoire. C\u2019\u00e9tait important que la MMSH se d\u00e9veloppe au c\u0153ur de la Vieille Charit\u00e9.\u00a0\u00bb <\/p>\n","protected":false},"excerpt":{"rendered":"\u00ab Travailler sur Marseille et pour Marseille.\u00a0\u00bb C\u2019est avec une formule simple mais percutante que Cyril Isnart, directeur&hellip;\n","protected":false},"author":2,"featured_media":222530,"comment_status":"","ping_status":"","sticky":false,"template":"","format":"standard","meta":{"footnotes":""},"categories":[2814],"tags":[1111,11,1777,674,1011,27,884,12,36175,882,25],"class_list":{"0":"post-222529","1":"post","2":"type-post","3":"status-publish","4":"format-standard","5":"has-post-thumbnail","7":"category-marseille","8":"tag-actu","9":"tag-actualites","10":"tag-eu","11":"tag-europe","12":"tag-fr","13":"tag-france","14":"tag-marseille","15":"tag-news","16":"tag-paul-cayre","17":"tag-provence-alpes-cote-dazur","18":"tag-republique-francaise"},"share_on_mastodon":{"url":"https:\/\/pubeurope.com\/@fr\/114787968815376182","error":""},"_links":{"self":[{"href":"https:\/\/www.europesays.com\/fr\/wp-json\/wp\/v2\/posts\/222529","targetHints":{"allow":["GET"]}}],"collection":[{"href":"https:\/\/www.europesays.com\/fr\/wp-json\/wp\/v2\/posts"}],"about":[{"href":"https:\/\/www.europesays.com\/fr\/wp-json\/wp\/v2\/types\/post"}],"author":[{"embeddable":true,"href":"https:\/\/www.europesays.com\/fr\/wp-json\/wp\/v2\/users\/2"}],"replies":[{"embeddable":true,"href":"https:\/\/www.europesays.com\/fr\/wp-json\/wp\/v2\/comments?post=222529"}],"version-history":[{"count":0,"href":"https:\/\/www.europesays.com\/fr\/wp-json\/wp\/v2\/posts\/222529\/revisions"}],"wp:featuredmedia":[{"embeddable":true,"href":"https:\/\/www.europesays.com\/fr\/wp-json\/wp\/v2\/media\/222530"}],"wp:attachment":[{"href":"https:\/\/www.europesays.com\/fr\/wp-json\/wp\/v2\/media?parent=222529"}],"wp:term":[{"taxonomy":"category","embeddable":true,"href":"https:\/\/www.europesays.com\/fr\/wp-json\/wp\/v2\/categories?post=222529"},{"taxonomy":"post_tag","embeddable":true,"href":"https:\/\/www.europesays.com\/fr\/wp-json\/wp\/v2\/tags?post=222529"}],"curies":[{"name":"wp","href":"https:\/\/api.w.org\/{rel}","templated":true}]}}