{"id":222531,"date":"2025-07-03T06:49:08","date_gmt":"2025-07-03T06:49:08","guid":{"rendered":"https:\/\/www.europesays.com\/fr\/222531\/"},"modified":"2025-07-03T06:49:08","modified_gmt":"2025-07-03T06:49:08","slug":"marseille-un-adjoint-du-maire-benoit-payan-condamne-pour-lagression-de-deux-militants-lfi","status":"publish","type":"post","link":"https:\/\/www.europesays.com\/fr\/222531\/","title":{"rendered":"Marseille. Un adjoint du maire Beno\u00eet Payan condamn\u00e9 pour l&rsquo;agression de deux militants LFI"},"content":{"rendered":"<p>            Par<br \/>\n        <strong><br \/>\n            <a href=\"https:\/\/actu.fr\/auteur\/fabien-binacchi\" title=\"Consulter tous les articles de Fabien Binacchi\" rel=\"nofollow noopener\" target=\"_blank\">Fabien Binacchi<\/a><br \/>\n        <\/strong><\/p>\n<p>        Publi\u00e9 le<\/p>\n<p>            3 juil. 2025 \u00e0 8h44        <\/p>\n<p>La d\u00e9cision est tomb\u00e9e. Poursuivi pour <a href=\"https:\/\/actu.fr\/provence-alpes-cote-d-azur\/marseille_13055\/agression-de-militants-a-marseille-sebastien-delogu-denonce-des-violences-intolerables_62140058.html\" rel=\"nofollow noopener\" target=\"_blank\">des violences contre deux militants LFI,<\/a> l\u2019adjoint au maire de <a href=\"https:\/\/actu.fr\/marseille\/\" rel=\"nofollow noopener\" target=\"_blank\">Marseille<\/a> S\u00e9bastien Jibrayel (PS) a \u00e9t\u00e9 condamn\u00e9 ce jeudi 3\u00a0juillet 2025 \u00e0 <strong>12 mois de prison avec sursis.<\/strong> La situation avait d\u00e9g\u00e9n\u00e9r\u00e9 <strong>autour d\u2019un collage d\u2019affiches,<\/strong> en janvier dernier, dans les quartiers Nord de la cit\u00e9 phoc\u00e9enne.<\/p>\n<p>Moins que les r\u00e9quisitions du parquet<\/p>\n<p class=\" wall-content\">Le tribunal correctionnel est all\u00e9 en de\u00e7a des r\u00e9quisitions du parquet\u2009: l\u2019\u00e9lu, <strong>qui s\u2019\u00e9tait vu retirer sa d\u00e9l\u00e9gation au sport au moment de sa mise en examen,<\/strong> \u00e9cope d\u2019une peine de 12 mois de prison avec sursis probatoire et de 5000 euros d\u2019amende.<\/p>\n<p class=\" wall-content\">La procureure avait r\u00e9clam\u00e9 une peine de 24 mois \u00e0 l\u2019encontre de l\u2019\u00e9lu. S\u00e9bastien Jibrayel \u00e9tait poursuivi pour \u00ab\u2009violence en r\u00e9union ayant entra\u00een\u00e9 une incapacit\u00e9 temporaire de travail n\u2019exc\u00e9dant pas 8 jours\u2009\u00bb. Il \u00e9tait absent du palais de justice de Marseille ce jeudi 3 juillet 2025 \u00e0 l\u2019annonce du d\u00e9lib\u00e9r\u00e9.<\/p>\n<p>Son p\u00e8re \u00e9galement condamn\u00e9<\/p>\n<p class=\" wall-content\">Le 18 janvier dernier, en d\u00e9but d\u2019apr\u00e8s-midi, alors qu\u2019il se trouvaient \u00e0 proximit\u00e9 de l\u2019\u00e9cole Saint-Henri-Rapha\u00ebl 2, dans le 16e arrondissement de Marseille, les <strong>deux militants LFI de 24 et 26 ans<\/strong> avaient \u00e9t\u00e9 violemment pris \u00e0 partie et bless\u00e9s.<\/p>\n<p class=\" wall-content\">\u00c9galement mis en cause dans cette rixe, <strong>le p\u00e8re de S\u00e9bastien Jibrayel, Henri Jibrayel,<\/strong> ex-d\u00e9put\u00e9 PS, a aussi \u00e9t\u00e9 reconnu coupable et s\u2019est vu infliger 6 mois de prison avec sursis. L\u2019ancien parlementaire avait d\u00e9j\u00e0 \u00e9t\u00e9 condamn\u00e9, en 2018 et 2021, dans des affaires d\u2019abus de confiance et de prise ill\u00e9gale d\u2019int\u00e9r\u00eats.<\/p>\n<p>Vid\u00e9os : en ce moment sur Actu\u00ab\u2009Vas-y, nique-le\u2009\u00bb<\/p>\n<p class=\" wall-content\">Les deux hommes apparaissent sur les images de vid\u00e9osurveillance, visionn\u00e9es \u00e0 l\u2019audience, le 22 mai 2025. On y voit les deux militants LFI en train de d\u00e9coller des affiches devant une \u00e9cole. <strong>Un attroupement se cr\u00e9e et l\u2019un d\u2019eux est litt\u00e9ralement tabass\u00e9.<\/strong> S\u00e9bastien et Henri Jibrayel arrivent en voiture, se m\u00ealent \u00e0 la foule et repartent.<\/p>\n<p class=\" wall-content\">\u00ab\u2009A aucun moment mon client ne porte le moindre coup, \u00e0 aucun moment mon client n\u2019effleure les parties civiles\u2009\u00bb, avait insist\u00e9 l\u2019avocat de l\u2019\u00e9lu Me Benjamin Liautaud.<\/p>\n<p class=\" wall-content\">Selon une source polici\u00e8re cit\u00e9e par Mediapart, <strong>S\u00e9bastien Jibrayel serait entendu en train d\u2019inciter des membres de son \u00e9quipe \u00e0 frapper<\/strong> les deux jeunes militants\u2009: \u00ab\u2009Vas-y, nique-le\u2009\u00bb, aurait-il notamment prof\u00e9r\u00e9. \u00ab\u2009La d\u00e9mocratie \u00e9tait \u00e0 terre ce jour-l\u00e0\u2009\u00bb, avait d\u00e9plor\u00e9 la procureure, lors de ces r\u00e9quisitions, \u00e0 l\u2019audience.<\/p>\n<p class=\" wall-content\">Un troisi\u00e8me pr\u00e9venu, Mohammed Aboud, qui a reconnu avoir port\u00e9 les coups et expliqu\u00e9 \u00e0 la barre avoir \u00ab\u2009perdu le contr\u00f4le\u2009\u00bb de lui-m\u00eame, a \u00e9t\u00e9 condamn\u00e9 \u00e0 XX mois de prison avec sursis. Lyece Choulak, conseiller d\u2019arrondissement des 15e et 16e arrondissements de Marseille, \u00e9galement impliqu\u00e9, a \u00e9cop\u00e9 de XXX.<\/p>\n<p>Son avenir au sein de l\u2019\u00e9quipe de Beno\u00eet Payan en question<\/p>\n<p class=\" wall-content\">L\u2019affaire avait \u00e9t\u00e9 rendue publique par le d\u00e9put\u00e9 LFI S\u00e9bastien Delogu, qui avait d\u00e9nonc\u00e9 dans un communiqu\u00e9 en janvier <strong>des violences \u00ab\u2009intol\u00e9rables\u2009\u00bb.<\/strong> Son coll\u00e8gue, Manuel Bompard avait r\u00e9clam\u00e9 \u00e0 Beno\u00eet Payan la t\u00eate de son adjoint.<\/p>\n<p class=\" wall-content\">\n<p class=\" wall-content\">L\u2019entourage du maire avait alors indiqu\u00e9 \u00e0 actu Marseille que \u00ab\u2009toutes les mesures seront \u00e9videmment prises en cons\u00e9quence, <strong>les \u00e9lus se [devant] d\u2019\u00eatre exemplaires<\/strong>\u2009\u00bb. \u00c0 l\u2019annonce de sa mise en examen, S\u00e9bastien Jibrayel s\u2019\u00e9tait vu retirer sa d\u00e9l\u00e9gation au sport et l\u2019ensemble de ses responsabilit\u00e9s municipales. Il demeure jusque-l\u00e0 adjoint.<\/p>\n<p class=\" wall-content\">Sollicit\u00e9e par actu Marseille ce mercredi 2\u00a0juillet \u00e0 l\u2019annonce du jugement, la municipalit\u00e9 n\u2019avait pas imm\u00e9diatement donn\u00e9 suite.<\/p>\n<p class=\" wall-content\"><strong>Avec Thibault Nadal<\/strong><\/p>\n<p class=\" wall-content\">Suivez toute l\u2019actualit\u00e9 de vos villes et m\u00e9dias favoris en vous inscrivant \u00e0 <a href=\"https:\/\/moncompte.actu.fr\" title=\"D\u00e9couvez Mon Actu\" rel=\"nofollow noopener\" data-trk=\"{&quot;cta&quot;:{&quot;action&quot;:&quot;https:\\\/\\\/moncompte.actu.fr&quot;,&quot;category&quot;:&quot;mon compte&quot;,&quot;from&quot;:&quot;article footer&quot;,&quot;name&quot;:&quot;Mon actu&quot;,&quot;type&quot;:&quot;cta&quot;}}\" target=\"_blank\">Mon Actu<\/a>.<\/p>\n","protected":false},"excerpt":{"rendered":"Par Fabien Binacchi Publi\u00e9 le 3 juil. 2025 \u00e0 8h44 La d\u00e9cision est tomb\u00e9e. Poursuivi pour des violences&hellip;\n","protected":false},"author":2,"featured_media":222532,"comment_status":"","ping_status":"","sticky":false,"template":"","format":"standard","meta":{"footnotes":""},"categories":[2814],"tags":[1111,11,6469,1777,674,1011,27,1023,884,12,4484,882,25,104],"class_list":{"0":"post-222531","1":"post","2":"type-post","3":"status-publish","4":"format-standard","5":"has-post-thumbnail","7":"category-marseille","8":"tag-actu","9":"tag-actualites","10":"tag-benoit-payan","11":"tag-eu","12":"tag-europe","13":"tag-fr","14":"tag-france","15":"tag-la-france-insoumise-lfi","16":"tag-marseille","17":"tag-news","18":"tag-parti-socialiste-ps","19":"tag-provence-alpes-cote-dazur","20":"tag-republique-francaise","21":"tag-societe"},"share_on_mastodon":{"url":"https:\/\/pubeurope.com\/@fr\/114787972779344804","error":""},"_links":{"self":[{"href":"https:\/\/www.europesays.com\/fr\/wp-json\/wp\/v2\/posts\/222531","targetHints":{"allow":["GET"]}}],"collection":[{"href":"https:\/\/www.europesays.com\/fr\/wp-json\/wp\/v2\/posts"}],"about":[{"href":"https:\/\/www.europesays.com\/fr\/wp-json\/wp\/v2\/types\/post"}],"author":[{"embeddable":true,"href":"https:\/\/www.europesays.com\/fr\/wp-json\/wp\/v2\/users\/2"}],"replies":[{"embeddable":true,"href":"https:\/\/www.europesays.com\/fr\/wp-json\/wp\/v2\/comments?post=222531"}],"version-history":[{"count":0,"href":"https:\/\/www.europesays.com\/fr\/wp-json\/wp\/v2\/posts\/222531\/revisions"}],"wp:featuredmedia":[{"embeddable":true,"href":"https:\/\/www.europesays.com\/fr\/wp-json\/wp\/v2\/media\/222532"}],"wp:attachment":[{"href":"https:\/\/www.europesays.com\/fr\/wp-json\/wp\/v2\/media?parent=222531"}],"wp:term":[{"taxonomy":"category","embeddable":true,"href":"https:\/\/www.europesays.com\/fr\/wp-json\/wp\/v2\/categories?post=222531"},{"taxonomy":"post_tag","embeddable":true,"href":"https:\/\/www.europesays.com\/fr\/wp-json\/wp\/v2\/tags?post=222531"}],"curies":[{"name":"wp","href":"https:\/\/api.w.org\/{rel}","templated":true}]}}