{"id":222533,"date":"2025-07-03T06:50:08","date_gmt":"2025-07-03T06:50:08","guid":{"rendered":"https:\/\/www.europesays.com\/fr\/222533\/"},"modified":"2025-07-03T06:50:08","modified_gmt":"2025-07-03T06:50:08","slug":"plusieurs-groupes-dopposition-sindignent-de-la-perennisation-de-la-fermeture-aux-voitures-du-chemin-neuf-et-de-lavenue-rockefeller","status":"publish","type":"post","link":"https:\/\/www.europesays.com\/fr\/222533\/","title":{"rendered":"plusieurs groupes d\u2019opposition s\u2019indignent de la p\u00e9rennisation de la fermeture aux voitures du Chemin Neuf et de l\u2019avenue Rockefeller"},"content":{"rendered":"<p itemprop=\"description\"><strong>La p\u00e9rennisation de la fermeture aux voitures de la mont\u00e9e du Chemin Neuf et de la mise \u00e0 sens unique de l\u2019avenue Rockefeller par la M\u00e9tropole de Lyon continue de faire du bruit.<\/strong><\/p>\n<p>L\u2019avenue Rockefeller et la mont\u00e9e du Chemin Neuf sont restreintes \u00e0 la circulation automobile. En ce qui concerne la premi\u00e8re, situ\u00e9e dans le 3e arrondissement, elle a \u00e9t\u00e9 mise en sens unique.<\/p>\n<p>Et puis pour la mont\u00e9e du Chemin Neuf, dans le 5e arrondissement, aucun v\u00e9hicule motoris\u00e9 n\u2019est autoris\u00e9, sauf les ayants droit, afin de permettre le passage de la Voie Lyonnaise 12. L\u2019annonce a \u00e9t\u00e9 faite apr\u00e8s huit mois d\u2019exp\u00e9rimentation.<\/p>\n<p><strong>\u00ab\u00a0Cette m\u00e9thode soul\u00e8ve de vraies questions sur la sinc\u00e9rit\u00e9 du dialogue d\u00e9mocratique local\u00a0\u00bb<\/strong><\/p>\n<p>Une p\u00e9rennisation de la fermeture qui a r\u00e9volt\u00e9 les opposants au projet. Ce mercredi 2 juillet, les groupes La M\u00e9tro Positive, Inventer la M\u00e9tropole de demain et Synergies Elus &amp; Citoyens ont publi\u00e9 un communiqu\u00e9 cinglant \u00e0 l\u2019encontre de la M\u00e9tropole de Lyon.<\/p>\n<p>\u00ab\u00a0Ces &lsquo;exp\u00e9rimentations\u2019, qui n\u2019en ont que le nom, n\u2019\u00e9taient qu\u2019un \u00e9cran de fum\u00e9e. D\u00e8s le d\u00e9part, ces mesures \u00e9taient con\u00e7ues pour s\u2019imposer co\u00fbte que co\u00fbte, quoi qu\u2019il ressorte de l\u2019exp\u00e9rimentation sur le terrain. Cette m\u00e9thode soul\u00e8ve de vraies questions sur la sinc\u00e9rit\u00e9 du dialogue d\u00e9mocratique local. Ce que ces d\u00e9cisions disent de l\u2019ex\u00e9cutif m\u00e9tropolitain est clair : une gouvernance id\u00e9ologis\u00e9e, sourde aux besoins concrets des habitants, qui impose des d\u00e9cisions univoques\u00a0\u00bb, peut-on lire au sein de la missive.<\/p>\n<p>Les groupes d\u2019opposition souhaitent trouver un compromis pour avoir une \u00ab\u00a0mobilit\u00e9 \u00e9quilibr\u00e9e, construite avec les habitants et respectueuse de tous les usages.\u00a0\u00bb<\/p>\n","protected":false},"excerpt":{"rendered":"La p\u00e9rennisation de la fermeture aux voitures de la mont\u00e9e du Chemin Neuf et de la mise \u00e0&hellip;\n","protected":false},"author":2,"featured_media":222534,"comment_status":"","ping_status":"","sticky":false,"template":"","format":"standard","meta":{"footnotes":""},"categories":[1889],"tags":[1111,11,2813,2190,2430,1109,251,1112,2811,1777,674,118,1011,27,1922,1110,1114,2428,2810,12,241,316,25,2812,517,800],"class_list":{"0":"post-222533","1":"post","2":"type-post","3":"status-publish","4":"format-standard","5":"has-post-thumbnail","7":"category-lyon","8":"tag-actu","9":"tag-actualites","10":"tag-article","11":"tag-asvel","12":"tag-auvergne-rhone-alpes","13":"tag-breves","14":"tag-culture","15":"tag-depeches","16":"tag-economique","17":"tag-eu","18":"tag-europe","19":"tag-faits-divers","20":"tag-fr","21":"tag-france","22":"tag-info","23":"tag-informations","24":"tag-infos","25":"tag-lyon","26":"tag-lyonmag","27":"tag-news","28":"tag-ol","29":"tag-politique","30":"tag-republique-francaise","31":"tag-sociale","32":"tag-sport","33":"tag-transports"},"share_on_mastodon":{"url":"https:\/\/pubeurope.com\/@fr\/114787976756126674","error":""},"_links":{"self":[{"href":"https:\/\/www.europesays.com\/fr\/wp-json\/wp\/v2\/posts\/222533","targetHints":{"allow":["GET"]}}],"collection":[{"href":"https:\/\/www.europesays.com\/fr\/wp-json\/wp\/v2\/posts"}],"about":[{"href":"https:\/\/www.europesays.com\/fr\/wp-json\/wp\/v2\/types\/post"}],"author":[{"embeddable":true,"href":"https:\/\/www.europesays.com\/fr\/wp-json\/wp\/v2\/users\/2"}],"replies":[{"embeddable":true,"href":"https:\/\/www.europesays.com\/fr\/wp-json\/wp\/v2\/comments?post=222533"}],"version-history":[{"count":0,"href":"https:\/\/www.europesays.com\/fr\/wp-json\/wp\/v2\/posts\/222533\/revisions"}],"wp:featuredmedia":[{"embeddable":true,"href":"https:\/\/www.europesays.com\/fr\/wp-json\/wp\/v2\/media\/222534"}],"wp:attachment":[{"href":"https:\/\/www.europesays.com\/fr\/wp-json\/wp\/v2\/media?parent=222533"}],"wp:term":[{"taxonomy":"category","embeddable":true,"href":"https:\/\/www.europesays.com\/fr\/wp-json\/wp\/v2\/categories?post=222533"},{"taxonomy":"post_tag","embeddable":true,"href":"https:\/\/www.europesays.com\/fr\/wp-json\/wp\/v2\/tags?post=222533"}],"curies":[{"name":"wp","href":"https:\/\/api.w.org\/{rel}","templated":true}]}}