{"id":222535,"date":"2025-07-03T06:51:10","date_gmt":"2025-07-03T06:51:10","guid":{"rendered":"https:\/\/www.europesays.com\/fr\/222535\/"},"modified":"2025-07-03T06:51:10","modified_gmt":"2025-07-03T06:51:10","slug":"lyon-ne-cesse-de-gagner-en-popularite","status":"publish","type":"post","link":"https:\/\/www.europesays.com\/fr\/222535\/","title":{"rendered":"Lyon ne cesse de gagner en popularit\u00e9"},"content":{"rendered":"<p><strong>Ce mercredi 2 juillet, la M\u00e9tropole de Lyon dressait le bilan touristique de l\u2019ann\u00e9e \u00e9coul\u00e9e. Et le constat est clair : la capitale des Gaules attire toujours plus de visiteurs, venus de France et d\u2019ailleurs, s\u00e9duits par sa gastronomie, ses \u00e9v\u00e9nements d\u2019envergure et sa capacit\u00e9 \u00e0 se r\u00e9inventer.<\/strong><\/p>\n<p>La m\u00e9tropole de Lyon confirme son statut de destination touristique europ\u00e9enne incontournable. En 2024, la m\u00e9tropole a enregistr\u00e9 pr\u00e8s de 9,6 millions de nuit\u00e9es marchandes, soit une hausse de 11 % par rapport \u00e0 2019. Cette dynamique exceptionnelle est le fruit d\u2019une strat\u00e9gie ambitieuse port\u00e9e par la M\u00e9tropole de Lyon et ses partenaires, qui allient attractivit\u00e9, durabilit\u00e9 et innovation. \u00ab\u00a0Nous avons r\u00e9ussi le pari d\u2019accueillir plus et d\u2019accueillir mieux, se f\u00e9licite Bruno Bernard, pr\u00e9sident de la M\u00e9tropole de Lyon. Le tourisme se porte tr\u00e8s bien \u00e0 Lyon. \u00bb<\/p>\n<p>Ce qui frappe aujourd\u2019hui, c\u2019est la transformation du profil des s\u00e9jours : Lyon n\u2019est plus seulement une ville-\u00e9tape, mais une v\u00e9ritable destination de week-end prolong\u00e9, voire de s\u00e9jour. En 2024, la dur\u00e9e moyenne des s\u00e9jours reste stable \u00e0 3,8 jours, mais les s\u00e9jours de 3 \u00e0 7 jours progressent nettement, au d\u00e9triment des courts s\u00e9jours.<\/p>\n<p>Avec 99 % de visiteurs satisfaits et 94 % pr\u00eats \u00e0 revenir, la ville charme toujours autant. Sa gastronomie (motif principal de visite pour 35 % des touristes) reste un atout majeur, au m\u00eame titre qu\u2019une offre culturelle, \u00e9v\u00e9nementielle et commerciale qui ne cesse de s\u2019\u00e9toffer.<\/p>\n<p>La part de visiteurs \u00e9trangers s\u2019\u00e9l\u00e8ve \u00e0 32 % en 2024, en nette hausse par rapport \u00e0 2012 (+10 points). Parmi eux, on retrouve principalement des Suisses, Allemands, Belges, Britanniques, mais aussi un nombre croissant d\u2019Am\u00e9ricains.<\/p>\n<p>Un pilier solide : le tourisme d\u2019affaires<\/p>\n<p>L\u2019autre force motrice du tourisme lyonnais demeure le tourisme d\u2019affaires, avec 220 \u00e9v\u00e9nements professionnels accueillis en 2024, repr\u00e9sentant 261 millions d\u2019euros de retomb\u00e9es \u00e9conomiques. Lyon se positionne d\u00e9sormais \u00e0 la 2e place nationale (derri\u00e8re Paris) pour l\u2019accueil de congr\u00e8s scientifiques et 38e au niveau europ\u00e9en, \u00e0 \u00e9galit\u00e9 avec Florence. Un congressiste international d\u00e9pense en moyenne 385 \u20ac\/jour.<\/p>\n<p>Le tourisme de grand concert : un nouvel atout inattendu<\/p>\n<p>Ph\u00e9nom\u00e8ne plus r\u00e9cent mais tout aussi marquant : l\u2019essor du tourisme musical. Des concerts d\u2019artistes internationaux comme Taylor Swift ou Imagine Dragons (attendu le 3 juillet \u00e0 la LDLC Arena) attirent des spectateurs venus parfois de tr\u00e8s loin, y compris d\u2019Am\u00e9rique du Nord, qui prolongent leur s\u00e9jour pour explorer la ville. \u00ab\u00a0C\u2019est un ph\u00e9nom\u00e8ne nouveau. Certains Am\u00e9ricains viennent voir un concert ici car cela leur revient moins cher qu\u2019aux \u00c9tats-Unis\u2026 et ils en profitent pour visiter Lyon\u00a0\u00bb, raconte H\u00e9l\u00e8ne Duvivier, vice-pr\u00e9sidente de la M\u00e9tropole d\u00e9l\u00e9gu\u00e9e au tourisme.<\/p>\n<p>Cette nouvelle forme de tourisme \u00e9v\u00e9nementiel, renforc\u00e9e par des infrastructures modernes comme la LDLC Arena, b\u00e9n\u00e9ficie directement aux secteurs de l\u2019h\u00f4tellerie, de la restauration et plus largement \u00e0 l\u2019\u00e9conomie locale. Elle se combine \u00e0 un tourisme sportif en pleine expansion, port\u00e9 notamment par l\u2019accueil des demi-finales du Top 14 ou les effets indirects des Jeux Olympiques.<\/p>\n<p>Malgr\u00e9 ces r\u00e9sultats encourageants, Robert Revat, pr\u00e9sident d\u2019ONLYLYON Tourisme, appelle \u00e0 ne pas rel\u00e2cher les efforts : \u00ab\u00a0Il est essentiel de continuer \u00e0 allonger la dur\u00e9e des s\u00e9jours \u00e0 Lyon. Pour y parvenir, nous devons inciter les touristes \u00e0 d\u00e9couvrir \u00e9galement les alentours de la m\u00e9tropole, pour leur offrir des moments de respiration. C\u2019est tout le sens de nos partenariats, comme celui avec Destination Beaujolais. \u00bb<\/p>\n<p>Autre enjeu majeur pour les ann\u00e9es \u00e0 venir : l\u2019adaptation au changement climatique. Robert Revat pr\u00e9vient : \u00ab\u00a0Si les destinations urbaines ne savent pas s\u2019ajuster \u00e0 la hausse des temp\u00e9ratures, elles risquent de perdre en attractivit\u00e9 au profit des campagnes. \u00bb<\/p>\n","protected":false},"excerpt":{"rendered":"Ce mercredi 2 juillet, la M\u00e9tropole de Lyon dressait le bilan touristique de l\u2019ann\u00e9e \u00e9coul\u00e9e. Et le constat&hellip;\n","protected":false},"author":2,"featured_media":222536,"comment_status":"","ping_status":"","sticky":false,"template":"","format":"standard","meta":{"footnotes":""},"categories":[1889],"tags":[1111,11,2430,1777,674,1011,27,2428,12,25,602],"class_list":{"0":"post-222535","1":"post","2":"type-post","3":"status-publish","4":"format-standard","5":"has-post-thumbnail","7":"category-lyon","8":"tag-actu","9":"tag-actualites","10":"tag-auvergne-rhone-alpes","11":"tag-eu","12":"tag-europe","13":"tag-fr","14":"tag-france","15":"tag-lyon","16":"tag-news","17":"tag-republique-francaise","18":"tag-tourisme"},"share_on_mastodon":{"url":"https:\/\/pubeurope.com\/@fr\/114787980588021552","error":""},"_links":{"self":[{"href":"https:\/\/www.europesays.com\/fr\/wp-json\/wp\/v2\/posts\/222535","targetHints":{"allow":["GET"]}}],"collection":[{"href":"https:\/\/www.europesays.com\/fr\/wp-json\/wp\/v2\/posts"}],"about":[{"href":"https:\/\/www.europesays.com\/fr\/wp-json\/wp\/v2\/types\/post"}],"author":[{"embeddable":true,"href":"https:\/\/www.europesays.com\/fr\/wp-json\/wp\/v2\/users\/2"}],"replies":[{"embeddable":true,"href":"https:\/\/www.europesays.com\/fr\/wp-json\/wp\/v2\/comments?post=222535"}],"version-history":[{"count":0,"href":"https:\/\/www.europesays.com\/fr\/wp-json\/wp\/v2\/posts\/222535\/revisions"}],"wp:featuredmedia":[{"embeddable":true,"href":"https:\/\/www.europesays.com\/fr\/wp-json\/wp\/v2\/media\/222536"}],"wp:attachment":[{"href":"https:\/\/www.europesays.com\/fr\/wp-json\/wp\/v2\/media?parent=222535"}],"wp:term":[{"taxonomy":"category","embeddable":true,"href":"https:\/\/www.europesays.com\/fr\/wp-json\/wp\/v2\/categories?post=222535"},{"taxonomy":"post_tag","embeddable":true,"href":"https:\/\/www.europesays.com\/fr\/wp-json\/wp\/v2\/tags?post=222535"}],"curies":[{"name":"wp","href":"https:\/\/api.w.org\/{rel}","templated":true}]}}