{"id":222538,"date":"2025-07-03T06:54:09","date_gmt":"2025-07-03T06:54:09","guid":{"rendered":"https:\/\/www.europesays.com\/fr\/222538\/"},"modified":"2025-07-03T06:54:09","modified_gmt":"2025-07-03T06:54:09","slug":"un-vol-easyjet-reliant-heraklion-a-manchester-deroute-vers-paris","status":"publish","type":"post","link":"https:\/\/www.europesays.com\/fr\/222538\/","title":{"rendered":"un vol easyJet reliant H\u00e9raklion \u00e0 Manchester d\u00e9rout\u00e9 vers Paris"},"content":{"rendered":"<p>            Par<br \/>\n        <strong><br \/>\n            <a href=\"https:\/\/actu.fr\/auteur\/redaction-paris\" title=\"Consulter tous les articles de R\u00e9daction Paris\" target=\"_blank\" rel=\"noopener\">R\u00e9daction Paris<\/a><br \/>\n        <\/strong><\/p>\n<p>        Publi\u00e9 le<\/p>\n<p>            3 juil. 2025 \u00e0 8h42        <\/p>\n<p>Changement de programme pour les voyageurs du vol U22058 d\u2019<a href=\"https:\/\/actu.fr\/tag\/easy-jet\" target=\"_blank\" rel=\"noopener\">easyJet<\/a>. Apr\u00e8s avoir d\u00e9coll\u00e9 sans encombre de l\u2019a\u00e9roport <strong>d\u2019H\u00e9raklion Nikos Kazantz\u00e1kis<\/strong> en Cr\u00e8te, mardi 1er\u00a0juillet 2025, l\u2019Airbus a finalement atterri \u00e0 <a href=\"https:\/\/actu.fr\/tag\/aeroport-roissy-charles-de-gaulle\" target=\"_blank\" rel=\"noopener\">l\u2019a\u00e9roport de Roissy-Charles-de-Gaulle<\/a>, bien loin de sa destination initiale\u2009: Manchester.<\/p>\n<p>Une urgence m\u00e9dicale \u00e0 bord<\/p>\n<p class=\" wall-content\">Pourquoi un tel changement d\u2019itin\u00e9raire\u2009? D\u2019apr\u00e8s les donn\u00e9es de <a href=\"https:\/\/www.flightradar24.com\/data\/flights\/u22058#3b0f2c6d\" target=\"_blank\" rel=\"noopener\">Flight radar<\/a>, alors qu\u2019il survolait la France \u00e0 plus de 11\u2009000\u00a0m\u00e8tres d\u2019altitude, l\u2019\u00e9quipage a d\u00e9clar\u00e9 un <strong>signal d\u2019urgence <\/strong>en raison d\u2019un probl\u00e8me m\u00e9dical \u00e0 bord. Des informations confirm\u00e9es par la compagnie a\u00e9rienne \u00e0\u00a0actu Paris.<\/p>\n<p class=\" wall-content\">\u00ab\u2009Le vol EZY2058 reliant la Cr\u00e8te \u00e0 Manchester a \u00e9t\u00e9 d\u00e9rout\u00e9 vers Paris en raison d\u2019un passager \u00e0 bord n\u00e9cessitant une <strong>assistance m\u00e9dicale urgente<\/strong>. Notre personnel de cabine a prodigu\u00e9 les premiers soins \u00e0 bord \u00bb, explique easyJet qui pr\u00e9cise que \u00ab\u2009le bien-\u00eatre et la s\u00e9curit\u00e9\u2009\u00bb des passagers et de l\u2019\u00e9quipage sont leur \u00ab\u2009priorit\u00e9 absolue\u2009\u00bb.<\/p>\n<p class=\" wall-content\">L\u2019avion a donc touch\u00e9 le tarmac aux alentours de 22 heures \u00ab\u00a0et a \u00e9t\u00e9 accueilli par les services d\u2019urgence\u00a0\u00bb.\u00a0<\/p>\n<p class=\" wall-content\">Suivez toute l\u2019actualit\u00e9 de vos villes et m\u00e9dias favoris en vous inscrivant \u00e0 <a href=\"https:\/\/moncompte.actu.fr\" title=\"D\u00e9couvez Mon Actu\" rel=\"nofollow noopener\" data-trk=\"{&quot;cta&quot;:{&quot;action&quot;:&quot;https:\\\/\\\/moncompte.actu.fr&quot;,&quot;category&quot;:&quot;mon compte&quot;,&quot;from&quot;:&quot;article footer&quot;,&quot;name&quot;:&quot;Mon actu&quot;,&quot;type&quot;:&quot;cta&quot;}}\" target=\"_blank\">Mon Actu<\/a>.<\/p>\n<ul class=\"ac-article-tag wall-content\">\n<li><a href=\"https:\/\/actu.fr\/tag\/aeroport-roissy-charles-de-gaulle\" data-trk=\"{&quot;cta&quot;:{&quot;action&quot;:&quot;A\\u00e9roport Roissy-Charles de Gaulle&quot;,&quot;category&quot;:&quot;tag&quot;,&quot;from&quot;:&quot;article footer&quot;,&quot;name&quot;:&quot;A\\u00e9roport Roissy-Charles de Gaulle&quot;,&quot;type&quot;:&quot;cta&quot;}}\" target=\"_blank\" rel=\"noopener\">#A\u00e9roport Roissy-Charles de Gaulle<\/a><\/li>\n<li><a href=\"https:\/\/actu.fr\/tag\/easy-jet\" data-trk=\"{&quot;cta&quot;:{&quot;action&quot;:&quot;Easy Jet&quot;,&quot;category&quot;:&quot;tag&quot;,&quot;from&quot;:&quot;article footer&quot;,&quot;name&quot;:&quot;Easy Jet&quot;,&quot;type&quot;:&quot;cta&quot;}}\" target=\"_blank\" rel=\"noopener\">#Easy Jet<\/a><\/li>\n<\/ul>\n","protected":false},"excerpt":{"rendered":"Par R\u00e9daction Paris Publi\u00e9 le 3 juil. 2025 \u00e0 8h42 Changement de programme pour les voyageurs du vol&hellip;\n","protected":false},"author":2,"featured_media":222539,"comment_status":"","ping_status":"","sticky":false,"template":"","format":"standard","meta":{"footnotes":""},"categories":[1888],"tags":[1111,1928,11,1927,10045,12527,1777,674,1011,27,12,1926,626,1925,25,104],"class_list":{"0":"post-222538","1":"post","2":"type-post","3":"status-publish","4":"format-standard","5":"has-post-thumbnail","7":"category-paris","8":"tag-actu","9":"tag-actu-paris","10":"tag-actualites","11":"tag-actualites-paris","12":"tag-aeroport-roissy-charles-de-gaulle","13":"tag-easy-jet","14":"tag-eu","15":"tag-europe","16":"tag-fr","17":"tag-france","18":"tag-news","19":"tag-news-paris","20":"tag-paris","21":"tag-paris-news","22":"tag-republique-francaise","23":"tag-societe"},"share_on_mastodon":{"url":"https:\/\/pubeurope.com\/@fr\/114787992538032985","error":""},"_links":{"self":[{"href":"https:\/\/www.europesays.com\/fr\/wp-json\/wp\/v2\/posts\/222538","targetHints":{"allow":["GET"]}}],"collection":[{"href":"https:\/\/www.europesays.com\/fr\/wp-json\/wp\/v2\/posts"}],"about":[{"href":"https:\/\/www.europesays.com\/fr\/wp-json\/wp\/v2\/types\/post"}],"author":[{"embeddable":true,"href":"https:\/\/www.europesays.com\/fr\/wp-json\/wp\/v2\/users\/2"}],"replies":[{"embeddable":true,"href":"https:\/\/www.europesays.com\/fr\/wp-json\/wp\/v2\/comments?post=222538"}],"version-history":[{"count":0,"href":"https:\/\/www.europesays.com\/fr\/wp-json\/wp\/v2\/posts\/222538\/revisions"}],"wp:featuredmedia":[{"embeddable":true,"href":"https:\/\/www.europesays.com\/fr\/wp-json\/wp\/v2\/media\/222539"}],"wp:attachment":[{"href":"https:\/\/www.europesays.com\/fr\/wp-json\/wp\/v2\/media?parent=222538"}],"wp:term":[{"taxonomy":"category","embeddable":true,"href":"https:\/\/www.europesays.com\/fr\/wp-json\/wp\/v2\/categories?post=222538"},{"taxonomy":"post_tag","embeddable":true,"href":"https:\/\/www.europesays.com\/fr\/wp-json\/wp\/v2\/tags?post=222538"}],"curies":[{"name":"wp","href":"https:\/\/api.w.org\/{rel}","templated":true}]}}